{"id":659,"date":"2009-01-19T23:50:14","date_gmt":"2009-01-19T21:50:14","guid":{"rendered":"http:\/\/www.luxorbis.org\/friedensplattform.at\/?p=659"},"modified":"2009-01-19T23:50:14","modified_gmt":"2009-01-19T21:50:14","slug":"antwort-von-bundespraesident-dr-heinz-fischer-auf-den-offenen-brief-der-steirischen-friedensplattform","status":"publish","type":"post","link":"https:\/\/www.friedensplattform.at\/?p=659","title":{"rendered":"Antwort von Bundespr&#228;sident Dr. Heinz Fischer auf den offenen Brief der Steirischen Friedensplattform"},"content":{"rendered":"<p>Hier k\u00f6nnt ihr die Antwort der Pr\u00e4sidentschaftskanzlei auf den <a title=\"Offener Brief an Bundespr\u00e4sident Dr. Heinz Fischer\" href=\"http:\/\/www.luxorbis.org\/friedensplattform.at\/wp-content\/uploads\/2009\/01\/brief_bp_fischer.pdf\" target=\"_blank\">offenen Brief<\/a> der Steirischen Friedensplattform lesen:<\/p>\n<p><a href=\"http:\/\/www.luxorbis.org\/friedensplattform.at\/wp-content\/uploads\/2009\/01\/1232349491668_.pdf\">Antwort Pr\u00e4sidentschaftskanzlei<\/a><\/p>\n<p><a title=\"Offener Brief an Bundespr\u00e4sident Dr. Heinz Fischer\" href=\"http:\/\/www.luxorbis.org\/friedensplattform.at\/wp-content\/uploads\/2009\/01\/brief_bp_fischer.pdf\" target=\"_blank\">Offener Brief der Steirisch Friedensplattform an Bundespr\u00e4sident Dr. Heinz Fischer<\/a><\/p>\n","protected":false},"excerpt":{"rendered":"<p>Hier k\u00f6nnt ihr die Antwort der Pr\u00e4sidentschaftskanzlei auf den offenen Brief der Steirischen Friedensplattform lesen: Antwort Pr\u00e4sidentschaftskanzlei Offener Brief der Steirisch Friedensplattform an Bundespr\u00e4sident Dr. Heinz Fischer<\/p>\n","protected":false},"author":1,"featured_media":0,"comment_status":"open","ping_status":"open","sticky":false,"template":"","format":"standard","meta":{"footnotes":""},"categories":[5],"tags":[],"class_list":["post-659","post","type-post","status-publish","format-standard","hentry","category-arabischer-raum"],"_links":{"self":[{"href":"https:\/\/www.friedensplattform.at\/index.php?rest_route=\/wp\/v2\/posts\/659","targetHints":{"allow":["GET"]}}],"collection":[{"href":"https:\/\/www.friedensplattform.at\/index.php?rest_route=\/wp\/v2\/posts"}],"about":[{"href":"https:\/\/www.friedensplattform.at\/index.php?rest_route=\/wp\/v2\/types\/post"}],"author":[{"embeddable":true,"href":"https:\/\/www.friedensplattform.at\/index.php?rest_route=\/wp\/v2\/users\/1"}],"replies":[{"embeddable":true,"href":"https:\/\/www.friedensplattform.at\/index.php?rest_route=%2Fwp%2Fv2%2Fcomments&post=659"}],"version-history":[{"count":0,"href":"https:\/\/www.friedensplattform.at\/index.php?rest_route=\/wp\/v2\/posts\/659\/revisions"}],"wp:attachment":[{"href":"https:\/\/www.friedensplattform.at\/index.php?rest_route=%2Fwp%2Fv2%2Fmedia&parent=659"}],"wp:term":[{"taxonomy":"category","embeddable":true,"href":"https:\/\/www.friedensplattform.at\/index.php?rest_route=%2Fwp%2Fv2%2Fcategories&post=659"},{"taxonomy":"post_tag","embeddable":true,"href":"https:\/\/www.friedensplattform.at\/index.php?rest_route=%2Fwp%2Fv2%2Ftags&post=659"}],"curies":[{"name":"wp","href":"https:\/\/api.w.org\/{rel}","templated":true}]}}