{"id":66,"date":"2006-12-15T17:23:12","date_gmt":"2006-12-15T15:23:12","guid":{"rendered":"http:\/\/www.luxorbis.org\/friedensplattform.at\/?p=66"},"modified":"2006-12-15T17:23:12","modified_gmt":"2006-12-15T15:23:12","slug":"alternative-gewerkschafterinnenkonferenz-2","status":"publish","type":"post","link":"https:\/\/www.friedensplattform.at\/?p=66","title":{"rendered":"ALTERNATIVE GEWERKSCHAFTERINNENKONFERENZ"},"content":{"rendered":"<p>Vor dem Hintergrund der dramatischen Krise des \u00d6GB, die im Bawag-Skandal ihren konzentrierten Ausdruck fand, jedoch viel tiefere Ursachen hat, fand Samstag den 9.Dezember im Saal der Arbeiterkammer in Wien eine \u00fcberfraktionelle alternative GewerkschafterInnenkonferenz statt.<br \/>\n<!--more--><br \/>\nMitglieder der FSG, AUGE, KIV, UG\u00d6D, des GLB sowie Aktivistinnen der GPA-Jugend, des Austrian Social Forum, der Plattform f\u00fcr k\u00e4mpferische und demokratische Gewerkschaften, von Arbeitsloseninitiativen etc. aus f\u00fcnf Bundesl\u00e4ndern (Wien, N\u00d6, O\u00d6, Steiermark, Tirol ) analysierten plenar bzw. in zwei Arbeitsgruppen die aktuelle Situation und er\u00f6rterten die M\u00f6glichkeiten eines gemeinsamen Auftretens in einigen Kernfragen auf dem \u00d6GB-Kongre\u00df im J\u00e4nner 2007.<\/p>\n<p>Nach intensiver und \u00e4\u00fc\u00dferst solidarischer Debatte wurde es -angesichts der sehr realen Gefahr, da\u00df die \u00d6GB-F\u00fchrung im wesentlichen &#8222;so weiter macht wie bisher&#8220; &#8211; als unerl\u00e4\u00dflich eingesch\u00e4tzt, da\u00df zu einigen Punkten ( wie Notwendigkeit radikaler Gewerkschaftsdemokratie ; k\u00e4mpferischer statt zahmer Gewerkschaften ; \u00d6ffnung hin zu Frauen, atypisch Besch\u00e4ftgten, Immigrantinnen&#8230;; internationalistische Orientierung statt Standortdenken;&#8230;) gemeinsam  agiert wird.<\/p>\n<p>Eine &#8211; bislang aus f\u00fcnf Personen  bestehende-  Koordinierungsgruppe soll die Ergebnisse der Tagung konkret umsetzen und zu weiteren kritischen Initiativen kontakt aufnehmen ( z.B. am 13.12. 17h im Amerlinghaus 1070 Wien ).<\/p>\n<p>Ein Teilnehmer der Konferenz hat es auf den Punkt gebracht : &#8222;Die Gewerkschaftslinke hat in einem gewissen Sinn eine &#8218;historiche Chance&#8216; &#8222;.  Jetzt gilt es sie zu n\u00fctzen.<\/p>\n<p>F\u00fcr die Koordinierungsgruppe : Hermann Dworczak ( 0676 \/ 972 31 10 ) &#8211;<\/p>\n<p>Ein ausf\u00fchrlicheres Protokoll wird in b\u00e4lde ausgeschickt.<\/p>\n","protected":false},"excerpt":{"rendered":"<p>Vor dem Hintergrund der dramatischen Krise des \u00d6GB, die im Bawag-Skandal ihren konzentrierten Ausdruck fand, jedoch viel tiefere Ursachen hat, fand Samstag den 9.Dezember im Saal der Arbeiterkammer in Wien eine \u00fcberfraktionelle alternative GewerkschafterInnenkonferenz statt.<\/p>\n","protected":false},"author":1,"featured_media":0,"comment_status":"open","ping_status":"open","sticky":false,"template":"","format":"standard","meta":{"footnotes":""},"categories":[1],"tags":[],"class_list":["post-66","post","type-post","status-publish","format-standard","hentry","category-allgemein"],"_links":{"self":[{"href":"https:\/\/www.friedensplattform.at\/index.php?rest_route=\/wp\/v2\/posts\/66","targetHints":{"allow":["GET"]}}],"collection":[{"href":"https:\/\/www.friedensplattform.at\/index.php?rest_route=\/wp\/v2\/posts"}],"about":[{"href":"https:\/\/www.friedensplattform.at\/index.php?rest_route=\/wp\/v2\/types\/post"}],"author":[{"embeddable":true,"href":"https:\/\/www.friedensplattform.at\/index.php?rest_route=\/wp\/v2\/users\/1"}],"replies":[{"embeddable":true,"href":"https:\/\/www.friedensplattform.at\/index.php?rest_route=%2Fwp%2Fv2%2Fcomments&post=66"}],"version-history":[{"count":0,"href":"https:\/\/www.friedensplattform.at\/index.php?rest_route=\/wp\/v2\/posts\/66\/revisions"}],"wp:attachment":[{"href":"https:\/\/www.friedensplattform.at\/index.php?rest_route=%2Fwp%2Fv2%2Fmedia&parent=66"}],"wp:term":[{"taxonomy":"category","embeddable":true,"href":"https:\/\/www.friedensplattform.at\/index.php?rest_route=%2Fwp%2Fv2%2Fcategories&post=66"},{"taxonomy":"post_tag","embeddable":true,"href":"https:\/\/www.friedensplattform.at\/index.php?rest_route=%2Fwp%2Fv2%2Ftags&post=66"}],"curies":[{"name":"wp","href":"https:\/\/api.w.org\/{rel}","templated":true}]}}