{"id":6623,"date":"2021-11-26T07:53:26","date_gmt":"2021-11-26T07:53:26","guid":{"rendered":"http:\/\/www.friedensplattform.at\/?p=6623"},"modified":"2021-11-26T07:54:22","modified_gmt":"2021-11-26T07:54:22","slug":"protest-in-klagenfurt-erfolgreich","status":"publish","type":"post","link":"https:\/\/www.friedensplattform.at\/?p=6623","title":{"rendered":"PROTEST in Klagenfurt erfolgreich"},"content":{"rendered":"<h2>Protest gegen das Spiel<\/h2>\n<p>Pal\u00e4stina Solidarit\u00e4t \u00d6sterreich wandte sich im Vorfeld in einem Offenem Brief an den Pr\u00e4sidenten des \u00d6FB. Dabei ging es um einen Protest gegen das L\u00e4nderspiel \u00d6sterreich &#8211; Israel und gegen die Annahme der IHRA Definition von Antisemitismus durch den \u00d6FB und die Bundesliga.\u00a0\u00a0Im Offenen Brief wurde Israel als &#8218;&#8220;v\u00f6lkerrechtswidriges Apartheid- und siedlerkolonialistisches Regime&#8220; bezeichnet.<!--more--><\/p>\n<p>So wurde unser Protest erw\u00e4hnt in:<\/p>\n<p><a href=\"https:\/\/www.meinbezirk.at\/c-sport\/wm-qualifikation-gegen-israel-in-klagenfurt-vor-rekord_a5004871\">https:\/\/www.meinbezirk.at\/c-sport\/wm-qualifikation-gegen-israel-in-klagenfurt-vor-rekord_a5004871<\/a><\/p>\n","protected":false},"excerpt":{"rendered":"<p>Protest gegen das Spiel Pal\u00e4stina Solidarit\u00e4t \u00d6sterreich wandte sich im Vorfeld in einem Offenem Brief an den Pr\u00e4sidenten des \u00d6FB. Dabei ging es um einen Protest gegen das L\u00e4nderspiel \u00d6sterreich &#8211; Israel und gegen die Annahme der IHRA Definition von Antisemitismus durch den \u00d6FB und die Bundesliga.\u00a0\u00a0Im Offenen Brief wurde Israel als &#8218;&#8220;v\u00f6lkerrechtswidriges Apartheid- und &hellip; <a href=\"https:\/\/www.friedensplattform.at\/?p=6623\" class=\"more-link\"><span class=\"screen-reader-text\">PROTEST in Klagenfurt erfolgreich<\/span> weiterlesen <span class=\"meta-nav\">&rarr;<\/span><\/a><\/p>\n","protected":false},"author":3,"featured_media":0,"comment_status":"open","ping_status":"open","sticky":false,"template":"","format":"standard","meta":{"footnotes":""},"categories":[69,18],"tags":[],"class_list":["post-6623","post","type-post","status-publish","format-standard","hentry","category-bds-kampagne","category-palaestina-solidaritaet"],"_links":{"self":[{"href":"https:\/\/www.friedensplattform.at\/index.php?rest_route=\/wp\/v2\/posts\/6623","targetHints":{"allow":["GET"]}}],"collection":[{"href":"https:\/\/www.friedensplattform.at\/index.php?rest_route=\/wp\/v2\/posts"}],"about":[{"href":"https:\/\/www.friedensplattform.at\/index.php?rest_route=\/wp\/v2\/types\/post"}],"author":[{"embeddable":true,"href":"https:\/\/www.friedensplattform.at\/index.php?rest_route=\/wp\/v2\/users\/3"}],"replies":[{"embeddable":true,"href":"https:\/\/www.friedensplattform.at\/index.php?rest_route=%2Fwp%2Fv2%2Fcomments&post=6623"}],"version-history":[{"count":1,"href":"https:\/\/www.friedensplattform.at\/index.php?rest_route=\/wp\/v2\/posts\/6623\/revisions"}],"predecessor-version":[{"id":6625,"href":"https:\/\/www.friedensplattform.at\/index.php?rest_route=\/wp\/v2\/posts\/6623\/revisions\/6625"}],"wp:attachment":[{"href":"https:\/\/www.friedensplattform.at\/index.php?rest_route=%2Fwp%2Fv2%2Fmedia&parent=6623"}],"wp:term":[{"taxonomy":"category","embeddable":true,"href":"https:\/\/www.friedensplattform.at\/index.php?rest_route=%2Fwp%2Fv2%2Fcategories&post=6623"},{"taxonomy":"post_tag","embeddable":true,"href":"https:\/\/www.friedensplattform.at\/index.php?rest_route=%2Fwp%2Fv2%2Ftags&post=6623"}],"curies":[{"name":"wp","href":"https:\/\/api.w.org\/{rel}","templated":true}]}}