{"id":665,"date":"2009-01-20T00:43:13","date_gmt":"2009-01-19T22:43:13","guid":{"rendered":"http:\/\/www.luxorbis.org\/friedensplattform.at\/?p=665"},"modified":"2009-01-20T00:43:13","modified_gmt":"2009-01-19T22:43:13","slug":"leserbrief-von-pax-christi-steiermark-zum-gaza-krieg","status":"publish","type":"post","link":"https:\/\/www.friedensplattform.at\/?p=665","title":{"rendered":"Leserbrief von Pax Christi Steiermark zum Gaza Krieg"},"content":{"rendered":"<p>Leserbrief<br \/>\nGaza-Krieg : Quo vadis Israel?<\/p>\n<p>Viel ist in den letzten Tagen von den Kriegshandlungen im Gaza berichtet worden, sie werden aber vereinfachend dargestellt und oberfl\u00e4chlich beurteilt: hier die terroristischen Hamask\u00e4mpfer ,dort die ihr Existenzrecht verteidigende israelische Armee, sozusagen 1: 1.<\/p>\n<p><!--more--> Man erkennt jedoch das Ungleichgewicht der Konfliktsparteien schon an der \u201eUnverh\u00e4ltnism\u00e4\u00dfigkeit&#8220; der \u201emilit\u00e4rischen Antworten&#8220;, an der Zahl der Opfer und im Ausma\u00df an Zerst\u00f6rung. Um hinter die Medienkulissen zu blicken und nur irgendwie zu verstehen, was da wirklich vor sich geht, gilt es das Augenmerk auf die tieferen Ursachen dieses Konfliktes zu richten. Seit der Gr\u00fcndung des Staates 1948 ist Israel unter dem US-amerikanischen Schutzschild milit\u00e4rische Gro\u00dfmacht geworden und die Pal\u00e4stinenser m\u00fcssen seit dem verlorenen \u201eSechstagekrieg&#8220;1967, also bereits seit 40 Jahren(!)eine feindlich repressive milit\u00e4rische Besatzung erleben.<br \/>\nDie j\u00fcdische Rechtsanw\u00e4ltin, Felicia Langer, dem Holocaust entkommen, nach Morddrohungen aber wieder nach Deutschland emigriert, war ca 25 Jahre Anw\u00e4ltin von Palestinensern in israelischen Gef\u00e4ngnissen . In ihren Vortr\u00e4gen und B\u00fcchern, etwa in ihrem neuesten Buch \u201eDie Entrechtung der Palestinenser&#8220;, beschreibt sie als Zeugin die harte Milit\u00e4rjustiz, die v\u00f6lkerrechtswidrigen Strafma\u00dfnahmen der massenhaften H\u00e4userzerst\u00f6rungen, die schweren Menschenrechtsverletzungen gegen\u00fcber \u201eVerd\u00e4chtigen&#8220;, sie spricht von einer unverh\u00e4ltnism\u00e4\u00dfig hohen Anzahl Palestinensern in israelischen Gef\u00e4ngnissen(derzeit \u00fcber 10000), darunter sehr viele Jugendliche, und nennt Kriegsverbrechen gem\u00e4\u00df Genfer Konvention. An den zahlreichen Checkpoints (Strassensprerren) erleben die Pal\u00e4stinenserInnen tagt\u00e4glich Dem\u00fctigungen durch die Milit\u00e4rpolizei.<br \/>\nDazu kommt die v\u00f6lkerrechtswidrige Siedlungspolitik mit ihren Enteignungen , es gibt schon fast eine halbe Million illegaler Siedler auf palestinensischem Gebiet, durch das nun auch das 8 m hohe \u201eMonster&#8220; einer Apartheid-Mauer aufgezogen wird(gegen das Gutachten des internationalen Gerichtshofes in Den Haag und die Resolution der UNO-Vollversammlung).Noch schlimmer sind die Zust\u00e4nde im GAZA-Streifen, wo 1,4 Mio Palestinenser auf 360 km2 leben m\u00fcssen &#8211; das entspricht einer sehr hohen Siedlungsdichte von ca 4000 Menschen pro km2 &#8211; mehr als die H\u00e4lfte davon in Fl\u00fcchtlingslagern.<br \/>\nImmer wieder spricht Felicia Langer von einer bewunderswerten Haltung und menschlicher W\u00fcrde in der palestinensischen Bev\u00f6lkerung. Es steht selbstverst\u00e4ndlich den Palestinenser\/Innen v\u00f6lkerrechtlich das Selbstbestimmungsrecht inklusive Widerstandsrecht zu. Dass die Bev\u00f6lkerunng in freier Wahl mehrheitlich die Hamas, eine radikale politische Gruppierung, gew\u00e4hlt hat, ist aus den angedeuteten Zust\u00e4nden, der 1.u.2.Intifada und dem Scheitern des Oslo-Friedensprozesses erkl\u00e4rbar. Selbstverst\u00e4ndlich sind aus unserer Sicht die Selbstmordattentate und deren Raketenangriffe auf israelische B\u00fcrger klar abzulehnen und sehr zu bedauern, aber man mu\u00df sie auch als Folge der anhaltenden strukturellen Gewalt von seiten Israels sehen.<br \/>\nFriede kann nur durch Gerechtigkeit entstehen, und Gerechtigkeit widerf\u00e4hrt dem palestinensischen Volk bei dieser Politik Israels nicht, die auf milit\u00e4rische L\u00f6sung setzt und dabei selbst den ersehnten Frieden nicht erlangt. Bei allem gilt, dass wir nicht verallgemeinern und dass es sowohl auf j\u00fcdischer wie auf palestinensischer bzw.arabischer Seite Menschen gibt, die anders als die gegenw\u00e4rtig agierenden politisch Verantwortlichen denken und den Frieden ernsthaft wollen und f\u00fcr Entgegenkommen sowie vertrauensbildene Massnahmen eintreten..<\/p>\n<p>F\u00fcr Pax Christi Steiermark am 15.1.09:<br \/>\nMag.Rudolf Jopp, Raaba<\/p>\n<p><a href=\"http:\/\/www.luxorbis.org\/friedensplattform.at\/wp-content\/uploads\/2009\/01\/pax-christi-leserbrief-gazakrieg.pdf\">Leserbrief Pax Christi Steiermark<\/a><\/p>\n","protected":false},"excerpt":{"rendered":"<p>Leserbrief Gaza-Krieg : Quo vadis Israel? Viel ist in den letzten Tagen von den Kriegshandlungen im Gaza berichtet worden, sie werden aber vereinfachend dargestellt und oberfl\u00e4chlich beurteilt: hier die terroristischen Hamask\u00e4mpfer ,dort die ihr Existenzrecht verteidigende israelische Armee, sozusagen 1: 1.<\/p>\n","protected":false},"author":1,"featured_media":0,"comment_status":"open","ping_status":"open","sticky":false,"template":"","format":"standard","meta":{"footnotes":""},"categories":[5],"tags":[],"class_list":["post-665","post","type-post","status-publish","format-standard","hentry","category-arabischer-raum"],"_links":{"self":[{"href":"https:\/\/www.friedensplattform.at\/index.php?rest_route=\/wp\/v2\/posts\/665","targetHints":{"allow":["GET"]}}],"collection":[{"href":"https:\/\/www.friedensplattform.at\/index.php?rest_route=\/wp\/v2\/posts"}],"about":[{"href":"https:\/\/www.friedensplattform.at\/index.php?rest_route=\/wp\/v2\/types\/post"}],"author":[{"embeddable":true,"href":"https:\/\/www.friedensplattform.at\/index.php?rest_route=\/wp\/v2\/users\/1"}],"replies":[{"embeddable":true,"href":"https:\/\/www.friedensplattform.at\/index.php?rest_route=%2Fwp%2Fv2%2Fcomments&post=665"}],"version-history":[{"count":0,"href":"https:\/\/www.friedensplattform.at\/index.php?rest_route=\/wp\/v2\/posts\/665\/revisions"}],"wp:attachment":[{"href":"https:\/\/www.friedensplattform.at\/index.php?rest_route=%2Fwp%2Fv2%2Fmedia&parent=665"}],"wp:term":[{"taxonomy":"category","embeddable":true,"href":"https:\/\/www.friedensplattform.at\/index.php?rest_route=%2Fwp%2Fv2%2Fcategories&post=665"},{"taxonomy":"post_tag","embeddable":true,"href":"https:\/\/www.friedensplattform.at\/index.php?rest_route=%2Fwp%2Fv2%2Ftags&post=665"}],"curies":[{"name":"wp","href":"https:\/\/api.w.org\/{rel}","templated":true}]}}