{"id":6705,"date":"2022-03-28T20:21:44","date_gmt":"2022-03-28T20:21:44","guid":{"rendered":"http:\/\/www.friedensplattform.at\/?p=6705"},"modified":"2022-03-28T20:21:44","modified_gmt":"2022-03-28T20:21:44","slug":"leserinnenbrief-kleine-zeitung","status":"publish","type":"post","link":"https:\/\/www.friedensplattform.at\/?p=6705","title":{"rendered":"LeserInnenbrief Kleine Zeitung"},"content":{"rendered":"<p><span dir=\"ltr\" role=\"presentation\">\u00d6sterreich will aufgrund der Menschen- und V\u00f6lkerrechtsverletzungen in der Ukraine kein Gas mehr <\/span><br role=\"presentation\" \/><span dir=\"ltr\" role=\"presentation\">aus Russland beziehen. Und da reist nun Bundeskanzler Nehammer ausgerechnet in die Arabischen <\/span><br role=\"presentation\" \/><span dir=\"ltr\" role=\"presentation\">Emirate, um als Ersatz einen Vertrag f\u00fcr Gaslieferungen abzuschlie\u00dfen?? Mit einem Land, das <\/span><br role=\"presentation\" \/><span dir=\"ltr\" role=\"presentation\">schwere Menschen- und V\u00f6lkerrechtsverletzungen mit den Bombardierungen im Jemen begeht! Ein <\/span><br role=\"presentation\" \/><span dir=\"ltr\" role=\"presentation\">Krieg, der Ende M\u00e4rz bereits ins achte Jahr geht, mit tausenden Toten und Hungersnot im ganzen <\/span><br role=\"presentation\" \/><span dir=\"ltr\" role=\"presentation\">Land. So eine himmelschreiende Doppelmoral unserer Regierung.<\/span><br role=\"presentation\" \/><span dir=\"ltr\" role=\"presentation\">Roswitha Al-Hussein, Graz<\/span><br role=\"presentation\" \/><span dir=\"ltr\" role=\"presentation\">erschienen in der Kleinen Zeitung vom 28.3.2022<\/span><\/p>\n","protected":false},"excerpt":{"rendered":"<p>\u00d6sterreich will aufgrund der Menschen- und V\u00f6lkerrechtsverletzungen in der Ukraine kein Gas mehr aus Russland beziehen. Und da reist nun Bundeskanzler Nehammer ausgerechnet in die Arabischen Emirate, um als Ersatz einen Vertrag f\u00fcr Gaslieferungen abzuschlie\u00dfen?? Mit einem Land, das schwere Menschen- und V\u00f6lkerrechtsverletzungen mit den Bombardierungen im Jemen begeht! Ein Krieg, der Ende M\u00e4rz bereits &hellip; <a href=\"https:\/\/www.friedensplattform.at\/?p=6705\" class=\"more-link\"><span class=\"screen-reader-text\">LeserInnenbrief Kleine Zeitung<\/span> weiterlesen <span class=\"meta-nav\">&rarr;<\/span><\/a><\/p>\n","protected":false},"author":2,"featured_media":0,"comment_status":"open","ping_status":"open","sticky":false,"template":"","format":"standard","meta":{"footnotes":""},"categories":[1],"tags":[],"class_list":["post-6705","post","type-post","status-publish","format-standard","hentry","category-allgemein"],"_links":{"self":[{"href":"https:\/\/www.friedensplattform.at\/index.php?rest_route=\/wp\/v2\/posts\/6705","targetHints":{"allow":["GET"]}}],"collection":[{"href":"https:\/\/www.friedensplattform.at\/index.php?rest_route=\/wp\/v2\/posts"}],"about":[{"href":"https:\/\/www.friedensplattform.at\/index.php?rest_route=\/wp\/v2\/types\/post"}],"author":[{"embeddable":true,"href":"https:\/\/www.friedensplattform.at\/index.php?rest_route=\/wp\/v2\/users\/2"}],"replies":[{"embeddable":true,"href":"https:\/\/www.friedensplattform.at\/index.php?rest_route=%2Fwp%2Fv2%2Fcomments&post=6705"}],"version-history":[{"count":1,"href":"https:\/\/www.friedensplattform.at\/index.php?rest_route=\/wp\/v2\/posts\/6705\/revisions"}],"predecessor-version":[{"id":6707,"href":"https:\/\/www.friedensplattform.at\/index.php?rest_route=\/wp\/v2\/posts\/6705\/revisions\/6707"}],"wp:attachment":[{"href":"https:\/\/www.friedensplattform.at\/index.php?rest_route=%2Fwp%2Fv2%2Fmedia&parent=6705"}],"wp:term":[{"taxonomy":"category","embeddable":true,"href":"https:\/\/www.friedensplattform.at\/index.php?rest_route=%2Fwp%2Fv2%2Fcategories&post=6705"},{"taxonomy":"post_tag","embeddable":true,"href":"https:\/\/www.friedensplattform.at\/index.php?rest_route=%2Fwp%2Fv2%2Ftags&post=6705"}],"curies":[{"name":"wp","href":"https:\/\/api.w.org\/{rel}","templated":true}]}}