{"id":6709,"date":"2022-03-29T16:09:48","date_gmt":"2022-03-29T16:09:48","guid":{"rendered":"http:\/\/www.friedensplattform.at\/?p=6709"},"modified":"2022-03-29T16:09:48","modified_gmt":"2022-03-29T16:09:48","slug":"1-4-einladung-zum-filmabend-zeit-der-verleumder","status":"publish","type":"post","link":"https:\/\/www.friedensplattform.at\/?p=6709","title":{"rendered":"1.4. EINLADUNG ZUM FILMABEND \u00bbZeit der Verleumder\u00ab"},"content":{"rendered":"<p><strong><span dir=\"ltr\" role=\"presentation\">Eine ideologiekritische Intervention<\/span><\/strong><br role=\"presentation\" \/><strong><span dir=\"ltr\" role=\"presentation\">Dokumentarfilm von Dror Dayan und Susann Witt-Stahl, Deutschland 2021<\/span><\/strong><br role=\"presentation\" \/><strong><span dir=\"ltr\" role=\"presentation\">Mit Moshe Zuckermann, Rolf Becker, Jackie Walker, Ali Abunimah, <\/span><\/strong><br role=\"presentation\" \/><strong><span dir=\"ltr\" role=\"presentation\">Mosh\u00e9 Machover, Judith Bernstein, Esther Bejarano u.a.<\/span><\/strong><br role=\"presentation\" \/><span dir=\"ltr\" role=\"presentation\">Anfang der 80er-Jahre hatte Erich Fried die Stigmatisierung <\/span><br role=\"presentation\" \/><span dir=\"ltr\" role=\"presentation\">j\u00fcdischer Linker als \u00bbrote Antisemiten\u00ab durch \u00bbSprecher des <\/span><br role=\"presentation\" \/><span dir=\"ltr\" role=\"presentation\">Westens\u00ab angeklagt. <\/span><\/p>\n<p><!--more--><\/p>\n<p><span dir=\"ltr\" role=\"presentation\">Was damals mit w\u00fctenden Polemiken <\/span><br role=\"presentation\" \/><span dir=\"ltr\" role=\"presentation\">begann, ist heute zu einem Komplex aus Rufmordkampagnen <\/span><br role=\"presentation\" \/><span dir=\"ltr\" role=\"presentation\">und Sanktionen gegen linke Kritiker:innen rechter Politiken<\/span><br role=\"presentation\" \/><span dir=\"ltr\" role=\"presentation\">ausgewachsen. Daran beteiligen sich rechtsnationalistische<\/span><br role=\"presentation\" \/><span dir=\"ltr\" role=\"presentation\">Parteien ebenso wie jene der scheinbar politischen Mitte,<\/span><br role=\"presentation\" \/><span dir=\"ltr\" role=\"presentation\">Parlamente und Regierungen genauso<\/span> <span dir=\"ltr\" role=\"presentation\">wie christlich<\/span><br role=\"presentation\" \/><span dir=\"ltr\" role=\"presentation\">Evangelikale und neokonservative \u00bbAntideutsche\u00ab. Die<\/span><br role=\"presentation\" \/><span dir=\"ltr\" role=\"presentation\">etablierten Medien tragen diese Propaganda mit. Dabei wird<\/span><br role=\"presentation\" \/><span dir=\"ltr\" role=\"presentation\">selbst vor Opfern des Naziterrors nicht mehr haltgemacht. <\/span><br role=\"presentation\" \/><span dir=\"ltr\" role=\"presentation\">Wem n\u00fctzt es?<\/span><br role=\"presentation\" \/><span dir=\"ltr\" role=\"presentation\">Ziel dieser undifferenzierten Instrumentalisierung des Antisemitismusvorwurfs ist es, die berechtigte linke<\/span><br role=\"presentation\" \/><span dir=\"ltr\" role=\"presentation\">Kritik gegen die vorherrschende Politik und ihre dahinterstehenden neoliberal-kapitalistischen Interessen<\/span><br role=\"presentation\" \/><span dir=\"ltr\" role=\"presentation\">zu diffamieren. Dar\u00fcber hinaus soll Israels brutale Apartheid-, Besatzungs- und Kolonialpolitik gegen\u00fcber<\/span><br role=\"presentation\" \/><span dir=\"ltr\" role=\"presentation\">den Pal\u00e4stinenser:innen vor Kritik abgeschottet werden. Mit ihren Anti-BDS-Beschl\u00fcssen beteiligen sich<\/span><br role=\"presentation\" \/><span dir=\"ltr\" role=\"presentation\">auch der Gemeinderat Graz, der Landtag Steiermark und der Nationalrat an diesen Verleumdungen und<\/span><br role=\"presentation\" \/><span dir=\"ltr\" role=\"presentation\">der Einschr\u00e4nkung der Meinungsfreiheit ihrer W\u00e4hlerinnen. W\u00e4hrend der Westen \u00fcber Russland seit der<\/span><br role=\"presentation\" \/><span dir=\"ltr\" role=\"presentation\">Annexion der Krim und &#8211; seit dem Krieg gegen die Ukraine versch\u00e4rft &#8211; harte Sanktionen verh\u00e4ngt hat,<\/span><br role=\"presentation\" \/><span dir=\"ltr\" role=\"presentation\">d\u00fcrfen f\u00fcr Veranstaltungen, in denen \u00fcber Boykotte und Sanktionen gegen die jahrzehntelangen<\/span><br role=\"presentation\" \/><span dir=\"ltr\" role=\"presentation\">Menschen- und V\u00f6lkerrechtsverbrechen Israels gesprochen wird, keine \u00f6ffentlichen R\u00e4ume mehr zur<\/span><br role=\"presentation\" \/><span dir=\"ltr\" role=\"presentation\">Verf\u00fcgung gestellt werden. Organisationen, die solche Ma\u00dfnahmen thematisieren, verlieren ihren<\/span><br role=\"presentation\" \/><span dir=\"ltr\" role=\"presentation\">Anspruch auf \u00f6ffentliche F\u00f6rderung. Dennoch lassen sich die solidarischen Stimmen mit der<\/span><br role=\"presentation\" \/><span dir=\"ltr\" role=\"presentation\">pal\u00e4stinensischen Freiheits- und Gerechtigkeitsbewegung nicht zum Schweigen bringen. <\/span><br role=\"presentation\" \/><span dir=\"ltr\" role=\"presentation\">Grazer Premiere<\/span><br role=\"presentation\" \/><span dir=\"ltr\" role=\"presentation\">Der Film \u00bbZeit der Verleumder\u00ab <\/span><span dir=\"ltr\" role=\"presentation\">w<\/span><span dir=\"ltr\" role=\"presentation\">ird erstmals in Graz gezeigt. Er <\/span><span dir=\"ltr\" role=\"presentation\">dokumentiert H\u00f6hepunkte und zentrale<\/span><br role=\"presentation\" \/><span dir=\"ltr\" role=\"presentation\">Thesen der gleichnamigen Konferenz von 2018. Erg\u00e4nzt werden die Szenen durch Interviews,<\/span><br role=\"presentation\" \/><span dir=\"ltr\" role=\"presentation\">umfangreiches Recherchematerial, Fotos und Videos, darunter auch unver\u00f6ffentlichte Aufnahmen einer<\/span><br role=\"presentation\" \/><span dir=\"ltr\" role=\"presentation\">Lesung von Erich Fried. Der Film ist der im Vorjahr verstorbenen Esther Bejarano gewidmet, die mit<\/span><br role=\"presentation\" \/><span dir=\"ltr\" role=\"presentation\">einer mahnenden Gru\u00dfbotschaft noch mitgewirkt hat. <\/span> <span dir=\"ltr\" role=\"presentation\">Ein Trailer findet sich unter<\/span><br role=\"presentation\" \/><span dir=\"ltr\" role=\"presentation\">https:\/\/www.youtube.com\/watch?v=GUow8f7lkZs<\/span> <span dir=\"ltr\" role=\"presentation\">.<\/span> <span dir=\"ltr\" role=\"presentation\">Die Veranstaltung ist unser Beitrag zu den<\/span><br role=\"presentation\" \/><span dir=\"ltr\" role=\"presentation\">Internationalen Apartheidwochen, welche heuer unter dem Motto \u201eUnited Against Racism\u201c <\/span><span dir=\"ltr\" role=\"presentation\">stattfinden,<\/span><br role=\"presentation\" \/><span dir=\"ltr\" role=\"presentation\">https:\/\/bdsmovement.net\/iaw#UnitedAgainstRacism<\/span><span dir=\"ltr\" role=\"presentation\"> . <\/span><br role=\"presentation\" \/><span dir=\"ltr\" role=\"presentation\">Zeit: Freitag, 1. April, 19:00<\/span><br role=\"presentation\" \/><span dir=\"ltr\" role=\"presentation\">Ort: Caf\u00e9 Eleven, Kaiserfeldgasse 13, Graz<\/span> <br role=\"presentation\" \/> <span dir=\"ltr\" role=\"presentation\">Impressum: Steirische Friedensplattform<\/span><br role=\"presentation\" \/><span dir=\"ltr\" role=\"presentation\">Am Lindenhof 7, 8051 Thal<\/span><\/p>\n","protected":false},"excerpt":{"rendered":"<p>Eine ideologiekritische InterventionDokumentarfilm von Dror Dayan und Susann Witt-Stahl, Deutschland 2021Mit Moshe Zuckermann, Rolf Becker, Jackie Walker, Ali Abunimah, Mosh\u00e9 Machover, Judith Bernstein, Esther Bejarano u.a.Anfang der 80er-Jahre hatte Erich Fried die Stigmatisierung j\u00fcdischer Linker als \u00bbrote Antisemiten\u00ab durch \u00bbSprecher des Westens\u00ab angeklagt.<\/p>\n","protected":false},"author":2,"featured_media":0,"comment_status":"open","ping_status":"open","sticky":false,"template":"","format":"standard","meta":{"footnotes":""},"categories":[1],"tags":[],"class_list":["post-6709","post","type-post","status-publish","format-standard","hentry","category-allgemein"],"_links":{"self":[{"href":"https:\/\/www.friedensplattform.at\/index.php?rest_route=\/wp\/v2\/posts\/6709","targetHints":{"allow":["GET"]}}],"collection":[{"href":"https:\/\/www.friedensplattform.at\/index.php?rest_route=\/wp\/v2\/posts"}],"about":[{"href":"https:\/\/www.friedensplattform.at\/index.php?rest_route=\/wp\/v2\/types\/post"}],"author":[{"embeddable":true,"href":"https:\/\/www.friedensplattform.at\/index.php?rest_route=\/wp\/v2\/users\/2"}],"replies":[{"embeddable":true,"href":"https:\/\/www.friedensplattform.at\/index.php?rest_route=%2Fwp%2Fv2%2Fcomments&post=6709"}],"version-history":[{"count":1,"href":"https:\/\/www.friedensplattform.at\/index.php?rest_route=\/wp\/v2\/posts\/6709\/revisions"}],"predecessor-version":[{"id":6711,"href":"https:\/\/www.friedensplattform.at\/index.php?rest_route=\/wp\/v2\/posts\/6709\/revisions\/6711"}],"wp:attachment":[{"href":"https:\/\/www.friedensplattform.at\/index.php?rest_route=%2Fwp%2Fv2%2Fmedia&parent=6709"}],"wp:term":[{"taxonomy":"category","embeddable":true,"href":"https:\/\/www.friedensplattform.at\/index.php?rest_route=%2Fwp%2Fv2%2Fcategories&post=6709"},{"taxonomy":"post_tag","embeddable":true,"href":"https:\/\/www.friedensplattform.at\/index.php?rest_route=%2Fwp%2Fv2%2Ftags&post=6709"}],"curies":[{"name":"wp","href":"https:\/\/api.w.org\/{rel}","templated":true}]}}