{"id":6731,"date":"2022-04-23T15:08:36","date_gmt":"2022-04-23T15:08:36","guid":{"rendered":"http:\/\/www.friedensplattform.at\/?p=6731"},"modified":"2022-05-10T18:30:05","modified_gmt":"2022-05-10T18:30:05","slug":"militaer-als-groesster-klimasuender","status":"publish","type":"post","link":"https:\/\/www.friedensplattform.at\/?p=6731","title":{"rendered":"Milit\u00e4r als gr\u00f6\u00dfter Klimas\u00fcnder"},"content":{"rendered":"<p><strong><a href=\"http:\/\/www.friedensplattform.at\/wp-content\/uploads\/2022\/04\/zfd-klimamoeglingheader-bjpg-338413.jpg\"><img loading=\"lazy\" decoding=\"async\" class=\"wp-image-6765 alignleft\" src=\"http:\/\/www.friedensplattform.at\/wp-content\/uploads\/2022\/04\/zfd-klimamoeglingheader-bjpg-338413-300x150.jpg\" alt=\"\" width=\"360\" height=\"180\" srcset=\"https:\/\/www.friedensplattform.at\/wp-content\/uploads\/2022\/04\/zfd-klimamoeglingheader-bjpg-338413-300x150.jpg 300w, https:\/\/www.friedensplattform.at\/wp-content\/uploads\/2022\/04\/zfd-klimamoeglingheader-bjpg-338413-768x384.jpg 768w, https:\/\/www.friedensplattform.at\/wp-content\/uploads\/2022\/04\/zfd-klimamoeglingheader-bjpg-338413.jpg 840w\" sizes=\"auto, (max-width: 360px) 100vw, 360px\" \/><\/a>Vortrag und Diskussion mit Anne Rieger<\/strong><\/p>\n<p><strong>Montag, 9. Mai 2022, 19.00<\/strong><\/p>\n<p><strong>Cuntra Church<\/strong><\/p>\n<p><strong>Grottenhofstra\u00dfe 5, 8020 Graz<\/strong><\/p>\n<p><strong>Abr\u00fcstung-der gr\u00f6\u00dfte Beitrag zur \u00f6kologischen Zukunftssicherung<\/strong><\/p>\n<p>Sowohl das Thema &#8222;drohende Klimakatastrophe&#8220; als auch die Forderung nach Frieden und Abr\u00fcstung sind enorm wichtig und aktuell.<\/p>\n<p>Wie sehr diese Bereiche miteinander zu tun haben und welche konkreten Forderungen sich hier ableiten, darum wird es im Vortrag von Anne Rieger und in der anschlie\u00dfenden Diskussion gehen.<\/p>\n<ul>\n<li>Die weltweiten R\u00fcstungsausgaben sind sechs mal so hoch wie die Ausgaben f\u00fcr Klimaschutz.<\/li>\n<li>Die US- Streitkr\u00e4fte haben 4000 Flugzeuge und 293 Schiffe, gut die H\u00e4lfte f\u00e4hrt mit besonders sch\u00e4dlichem Schwer\u00f6l.<\/li>\n<li>&#8222;Unser&#8220; Eurofighter verbraucht etwa 70-100 Liter Kerosin pro Minute.<\/li>\n<\/ul>\n<div class=\"cxmmr5t8 oygrvhab hcukyx3x c1et5uql o9v6fnle\"><strong>Anfahrt zur Grottenhofstra\u00dfe:<\/strong><br \/>\nFahrt nach Grottenhofstra\u00dfe 5, 8053 Graz || Startort: Jakominiplatz, 8010 Graz || 06.05.2022 || 18:31 Uhr<\/div>\n<div class=\"cxmmr5t8 oygrvhab hcukyx3x c1et5uql o9v6fnle\">Abfahrt um 18:31 ab Jakominiplatz.<\/div>\n<div class=\"cxmmr5t8 oygrvhab hcukyx3x c1et5uql o9v6fnle\">Gesamte Verbindung in BusBahnBim ansehen: <a class=\"oajrlxb2 g5ia77u1 qu0x051f esr5mh6w e9989ue4 r7d6kgcz rq0escxv nhd2j8a9 nc684nl6 p7hjln8o kvgmc6g5 cxmmr5t8 oygrvhab hcukyx3x jb3vyjys rz4wbd8a qt6c0cv9 a8nywdso i1ao9s8h esuyzwwr f1sip0of lzcic4wl gpro0wi8 py34i1dx\" tabindex=\"0\" role=\"link\" href=\"https:\/\/verkehrsauskunft.verbundlinie.at\/?storageRecon=4406f9c1-94e4-40d3-918f-10d0dcb96cc7&amp;fbclid=IwAR1rfmliFWE95bqYM-YZl9lEkCt-wYqjsURsQ3cD8WBhRi5bnoguib7cvw0\" target=\"_blank\" rel=\"nofollow noopener\">https:\/\/verkehrsauskunft.verbundlinie.at?storageRecon=4406f9c1-94e4-40d3-918f-10d0dcb96cc7<\/a><\/div>\n<p><a href=\"http:\/\/www.friedensplattform.at\/wp-content\/uploads\/2022\/04\/Friedensplattform-1.jpg\"><img loading=\"lazy\" decoding=\"async\" class=\"aligncenter wp-image-6743\" src=\"http:\/\/www.friedensplattform.at\/wp-content\/uploads\/2022\/04\/Friedensplattform-1-300x61.jpg\" alt=\"\" width=\"634\" height=\"129\" srcset=\"https:\/\/www.friedensplattform.at\/wp-content\/uploads\/2022\/04\/Friedensplattform-1-300x61.jpg 300w, https:\/\/www.friedensplattform.at\/wp-content\/uploads\/2022\/04\/Friedensplattform-1-768x156.jpg 768w, https:\/\/www.friedensplattform.at\/wp-content\/uploads\/2022\/04\/Friedensplattform-1.jpg 800w\" sizes=\"auto, (max-width: 634px) 100vw, 634px\" \/><\/a><a href=\"http:\/\/www.friedensplattform.at\/wp-content\/uploads\/2022\/04\/attacGraz_4c_druck.jpg\"><img loading=\"lazy\" decoding=\"async\" class=\" wp-image-6739 alignnone\" src=\"http:\/\/www.friedensplattform.at\/wp-content\/uploads\/2022\/04\/attacGraz_4c_druck-300x188.jpg\" alt=\"\" width=\"278\" height=\"174\" srcset=\"https:\/\/www.friedensplattform.at\/wp-content\/uploads\/2022\/04\/attacGraz_4c_druck-300x188.jpg 300w, https:\/\/www.friedensplattform.at\/wp-content\/uploads\/2022\/04\/attacGraz_4c_druck.jpg 632w\" sizes=\"auto, (max-width: 278px) 100vw, 278px\" \/><\/a><a href=\"http:\/\/www.friedensplattform.at\/wp-content\/uploads\/2022\/04\/SW-Logo-Flyer.jpg\"><img loading=\"lazy\" decoding=\"async\" class=\"wp-image-6741 aligncenter\" src=\"http:\/\/www.friedensplattform.at\/wp-content\/uploads\/2022\/04\/SW-Logo-Flyer-300x115.jpg\" alt=\"\" width=\"366\" height=\"140\" srcset=\"https:\/\/www.friedensplattform.at\/wp-content\/uploads\/2022\/04\/SW-Logo-Flyer-300x115.jpg 300w, https:\/\/www.friedensplattform.at\/wp-content\/uploads\/2022\/04\/SW-Logo-Flyer-768x293.jpg 768w, https:\/\/www.friedensplattform.at\/wp-content\/uploads\/2022\/04\/SW-Logo-Flyer.jpg 843w\" sizes=\"auto, (max-width: 366px) 100vw, 366px\" \/><\/a><a href=\"http:\/\/www.friedensplattform.at\/wp-content\/uploads\/2022\/04\/bildungsverein_web.jpg\"><img loading=\"lazy\" decoding=\"async\" class=\"wp-image-6737 alignright\" src=\"http:\/\/www.friedensplattform.at\/wp-content\/uploads\/2022\/04\/bildungsverein_web.jpg\" alt=\"\" width=\"212\" height=\"176\" \/><\/a><\/p>\n","protected":false},"excerpt":{"rendered":"<p>Vortrag und Diskussion mit Anne Rieger Montag, 9. Mai 2022, 19.00 Cuntra Church Grottenhofstra\u00dfe 5, 8020 Graz Abr\u00fcstung-der gr\u00f6\u00dfte Beitrag zur \u00f6kologischen Zukunftssicherung Sowohl das Thema &#8222;drohende Klimakatastrophe&#8220; als auch die Forderung nach Frieden und Abr\u00fcstung sind enorm wichtig und aktuell. Wie sehr diese Bereiche miteinander zu tun haben und welche konkreten Forderungen sich hier &hellip; <a href=\"https:\/\/www.friedensplattform.at\/?p=6731\" class=\"more-link\"><span class=\"screen-reader-text\">Milit\u00e4r als gr\u00f6\u00dfter Klimas\u00fcnder<\/span> weiterlesen <span class=\"meta-nav\">&rarr;<\/span><\/a><\/p>\n","protected":false},"author":2,"featured_media":0,"comment_status":"open","ping_status":"open","sticky":false,"template":"","format":"standard","meta":{"footnotes":""},"categories":[1],"tags":[],"class_list":["post-6731","post","type-post","status-publish","format-standard","hentry","category-allgemein"],"_links":{"self":[{"href":"https:\/\/www.friedensplattform.at\/index.php?rest_route=\/wp\/v2\/posts\/6731","targetHints":{"allow":["GET"]}}],"collection":[{"href":"https:\/\/www.friedensplattform.at\/index.php?rest_route=\/wp\/v2\/posts"}],"about":[{"href":"https:\/\/www.friedensplattform.at\/index.php?rest_route=\/wp\/v2\/types\/post"}],"author":[{"embeddable":true,"href":"https:\/\/www.friedensplattform.at\/index.php?rest_route=\/wp\/v2\/users\/2"}],"replies":[{"embeddable":true,"href":"https:\/\/www.friedensplattform.at\/index.php?rest_route=%2Fwp%2Fv2%2Fcomments&post=6731"}],"version-history":[{"count":4,"href":"https:\/\/www.friedensplattform.at\/index.php?rest_route=\/wp\/v2\/posts\/6731\/revisions"}],"predecessor-version":[{"id":6769,"href":"https:\/\/www.friedensplattform.at\/index.php?rest_route=\/wp\/v2\/posts\/6731\/revisions\/6769"}],"wp:attachment":[{"href":"https:\/\/www.friedensplattform.at\/index.php?rest_route=%2Fwp%2Fv2%2Fmedia&parent=6731"}],"wp:term":[{"taxonomy":"category","embeddable":true,"href":"https:\/\/www.friedensplattform.at\/index.php?rest_route=%2Fwp%2Fv2%2Fcategories&post=6731"},{"taxonomy":"post_tag","embeddable":true,"href":"https:\/\/www.friedensplattform.at\/index.php?rest_route=%2Fwp%2Fv2%2Ftags&post=6731"}],"curies":[{"name":"wp","href":"https:\/\/api.w.org\/{rel}","templated":true}]}}