{"id":6755,"date":"2022-04-27T22:06:54","date_gmt":"2022-04-27T22:06:54","guid":{"rendered":"http:\/\/www.friedensplattform.at\/?p=6755"},"modified":"2022-05-10T18:29:48","modified_gmt":"2022-05-10T18:29:48","slug":"29-4-solidaritaets-kundgebung-mit-palaestina","status":"publish","type":"post","link":"https:\/\/www.friedensplattform.at\/?p=6755","title":{"rendered":"29.4. SOLIDARIT\u00c4TS KUNDGEBUNG MIT PAL\u00c4STINA"},"content":{"rendered":"<p><strong><span dir=\"ltr\" role=\"presentation\">Protest-<\/span><span dir=\"ltr\" role=\"presentation\">I<\/span><span dir=\"ltr\" role=\"presentation\">nfostand mit Kundgebung der Pal\u00e4stina Solidarit\u00e4t Steiermark<\/span><\/strong><br role=\"presentation\" \/><strong><span dir=\"ltr\" role=\"presentation\">Freitag, 29. April, 16:00-18:00, S\u00fcdtirolerplatz (Graz)<\/span><\/strong><br role=\"presentation\" \/><strong><span dir=\"ltr\" role=\"presentation\">Kommt und zeigt eure Solidarit\u00e4t!<\/span><\/strong><\/p>\n<p><!--more--><br role=\"presentation\" \/><span dir=\"ltr\" role=\"presentation\">Im April,<\/span> <span dir=\"ltr\" role=\"presentation\">im Fastenmonat Ramadan, st\u00fcrmte die israelische Polizei bereits acht Mal die<\/span><br role=\"presentation\" \/><span dir=\"ltr\" role=\"presentation\">Al-Aqsa-Moschee<\/span> <span dir=\"ltr\" role=\"presentation\">in<\/span> <span dir=\"ltr\" role=\"presentation\">Jerusalem<\/span><span dir=\"ltr\" role=\"presentation\">,<\/span> <span dir=\"ltr\" role=\"presentation\">verletzte<\/span> <span dir=\"ltr\" role=\"presentation\">dabei<\/span> <span dir=\"ltr\" role=\"presentation\">Dutzende<\/span> <span dir=\"ltr\" role=\"presentation\">von<\/span> <span dir=\"ltr\" role=\"presentation\">Gl\u00e4ubigen<\/span> <span dir=\"ltr\" role=\"presentation\">und<\/span> <span dir=\"ltr\" role=\"presentation\">verhaftete<\/span><br role=\"presentation\" \/><span dir=\"ltr\" role=\"presentation\">Hunderte von Pal\u00e4stinenser:innen.<\/span> <span dir=\"ltr\" role=\"presentation\">So auch wieder vergangenen Freitag.<\/span> <span dir=\"ltr\" role=\"presentation\">Nach dem Morgengebet<\/span><br role=\"presentation\" \/><span dir=\"ltr\" role=\"presentation\">st\u00fcrmten bewaffnete israelische Polizisten und Spezialkr\u00e4fte das Gel\u00e4nde der Al-Aqsa-Moschee und<\/span><br role=\"presentation\" \/><span dir=\"ltr\" role=\"presentation\">feuerten<\/span> <span dir=\"ltr\" role=\"presentation\">gummiummantelte<\/span> <span dir=\"ltr\" role=\"presentation\">Stahlgeschosse,<\/span> <span dir=\"ltr\" role=\"presentation\">Schallgranaten<\/span> <span dir=\"ltr\" role=\"presentation\">und<\/span> <span dir=\"ltr\" role=\"presentation\">Tr\u00e4nengas<\/span> <span dir=\"ltr\" role=\"presentation\">auf<\/span> <span dir=\"ltr\" role=\"presentation\">die<\/span> <span dir=\"ltr\" role=\"presentation\">Gl\u00e4ubigen,<\/span><br role=\"presentation\" \/><span dir=\"ltr\" role=\"presentation\">Journalist:innen und Sanit\u00e4ter:innen. Pal\u00e4stinensische Jugendliche reagierten auf die Angriffe, indem<\/span><br role=\"presentation\" \/><span dir=\"ltr\" role=\"presentation\">sie Steine und Feuerwerksk\u00f6rper in Richtung der Soldaten warfen.<\/span> <span dir=\"ltr\" role=\"presentation\">Westliche Medien stellen diese<\/span><br role=\"presentation\" \/><span dir=\"ltr\" role=\"presentation\">Angriffe scheinneutral als &#8222;Zusammenst\u00f6\u00dfe&#8220; dar. Es handelt sich dabei jedoch um die Angriffe einer<\/span><br role=\"presentation\" \/><span dir=\"ltr\" role=\"presentation\">stark<\/span> <span dir=\"ltr\" role=\"presentation\">bewaffneten<\/span> <span dir=\"ltr\" role=\"presentation\">Besatzungsmacht<\/span> <span dir=\"ltr\" role=\"presentation\">gegen<\/span> <span dir=\"ltr\" role=\"presentation\">unbewaffnete<\/span> <span dir=\"ltr\" role=\"presentation\">Zivilist:innen.<\/span><\/p>\n<p><br role=\"presentation\" \/><span dir=\"ltr\" role=\"presentation\">Das<\/span> <span dir=\"ltr\" role=\"presentation\">grundlegende<\/span> <span dir=\"ltr\" role=\"presentation\">Muster<\/span> <span dir=\"ltr\" role=\"presentation\">der<\/span> <span dir=\"ltr\" role=\"presentation\">Un<\/span><span dir=\"ltr\" role=\"presentation\">t<\/span><span dir=\"ltr\" role=\"presentation\">erdr\u00fcckung<\/span> <span dir=\"ltr\" role=\"presentation\">ist<\/span> <span dir=\"ltr\" role=\"presentation\">immer<\/span> <span dir=\"ltr\" role=\"presentation\">dasselbe:<\/span> <span dir=\"ltr\" role=\"presentation\">straflose<\/span> <span dir=\"ltr\" role=\"presentation\">\u00dcberf\u00e4lle<\/span> <span dir=\"ltr\" role=\"presentation\">von<\/span><br role=\"presentation\" \/><span dir=\"ltr\" role=\"presentation\">bewaffneten<\/span> <span dir=\"ltr\" role=\"presentation\">Siedlern,<\/span> <span dir=\"ltr\" role=\"presentation\">Ausgangssperren<\/span> <span dir=\"ltr\" role=\"presentation\">als<\/span> <span dir=\"ltr\" role=\"presentation\">Kollektivstrafe,<\/span> <span dir=\"ltr\" role=\"presentation\">H\u00e4userzerst\u00f6rungen,<\/span> <span dir=\"ltr\" role=\"presentation\">stundenlange<\/span><br role=\"presentation\" \/><span dir=\"ltr\" role=\"presentation\">dem\u00fctigende<\/span> <span dir=\"ltr\" role=\"presentation\">Schikanen<\/span> <span dir=\"ltr\" role=\"presentation\">an der Checkpoints, etc. Bei n\u00e4chtlichen Razzien durch die israelischen<\/span><br role=\"presentation\" \/><span dir=\"ltr\" role=\"presentation\">Streitkr\u00e4fte in der Westbank werden Dutzende \u2013 auch Kinder \u2013 verhaftet und get\u00f6tet: Tote, die<\/span><br role=\"presentation\" \/><span dir=\"ltr\" role=\"presentation\">anders<\/span> <span dir=\"ltr\" role=\"presentation\">als<\/span> <span dir=\"ltr\" role=\"presentation\">israelische<\/span> <span dir=\"ltr\" role=\"presentation\">Tote<\/span> <span dir=\"ltr\" role=\"presentation\">in<\/span> <span dir=\"ltr\" role=\"presentation\">unseren<\/span> <span dir=\"ltr\" role=\"presentation\">Massenm<\/span><span dir=\"ltr\" role=\"presentation\">edien<\/span> <span dir=\"ltr\" role=\"presentation\">kaum<\/span> <span dir=\"ltr\" role=\"presentation\">Aufmerksamkeit<\/span> <span dir=\"ltr\" role=\"presentation\">und<\/span><br role=\"presentation\" \/><span dir=\"ltr\" role=\"presentation\">Beileidsbekundungen<\/span> <span dir=\"ltr\" role=\"presentation\">bekommen. Die Brutalit\u00e4t der israelischen Besatzung und Apartheid tritt seit<\/span><br role=\"presentation\" \/><span dir=\"ltr\" role=\"presentation\">Jahrzehnten offen zutage und ist ungebrochen.<\/span><\/p>\n<p><br role=\"presentation\" \/><strong><span dir=\"ltr\" role=\"presentation\">Auch Christen<\/span> <span dir=\"ltr\" role=\"presentation\">sind oft<\/span> <span dir=\"ltr\" role=\"presentation\">von<\/span> <span dir=\"ltr\" role=\"presentation\">religi\u00f6se<\/span><span dir=\"ltr\" role=\"presentation\">r<\/span> <span dir=\"ltr\" role=\"presentation\">Apartheid<\/span> <span dir=\"ltr\" role=\"presentation\">betroffen:<\/span><\/strong> <span dir=\"ltr\" role=\"presentation\">W\u00e4hrend<\/span><br role=\"presentation\" \/><span dir=\"ltr\" role=\"presentation\">t<\/span><span dir=\"ltr\" role=\"presentation\">ausende j\u00fcdische Siedler ungehinderten Zutritt zu ihrem Pessach-<\/span><br role=\"presentation\" \/><span dir=\"ltr\" role=\"presentation\">fest<\/span> <span dir=\"ltr\" role=\"presentation\">bekamen, wurde am Ostersamstag f\u00fcr<\/span> <span dir=\"ltr\" role=\"presentation\">orthodoxe Christ:innen<\/span><br role=\"presentation\" \/><span dir=\"ltr\" role=\"presentation\">der<\/span> <span dir=\"ltr\" role=\"presentation\">Zugang zu ihrem Feuerritual<\/span> <span dir=\"ltr\" role=\"presentation\">reglementiert.<\/span><br role=\"presentation\" \/><strong><span dir=\"ltr\" role=\"presentation\">Wir setzen uns ein f\u00fcr Gerechtigkeit und Frieden<\/span> <span dir=\"ltr\" role=\"presentation\">und<\/span><\/strong><br role=\"presentation\" \/><strong><span dir=\"ltr\" role=\"presentation\">fordern<\/span> <span dir=\"ltr\" role=\"presentation\">die<\/span><\/strong><br role=\"presentation\" \/><strong><span dir=\"ltr\" role=\"presentation\">Umsetzung des Rechts der Pal\u00e4stinenserInnen auf nationale Selbstbestimmung!<\/span><\/strong><\/p>\n<p><br role=\"presentation\" \/><em><strong><span dir=\"ltr\" role=\"presentation\">P<\/span><span dir=\"ltr\" role=\"presentation\">al\u00e4stina und Ukraine<\/span><\/strong><\/em><br role=\"presentation\" \/><span dir=\"ltr\" role=\"presentation\">Obwohl in beiden F\u00e4llen schwere V\u00f6lkerrechtsverbrechen gegeben sind,<\/span> <span dir=\"ltr\" role=\"presentation\">behandelt<\/span> <span dir=\"ltr\" role=\"presentation\">der Westen<\/span><br role=\"presentation\" \/><span dir=\"ltr\" role=\"presentation\">beide Konflikte v\u00f6llig unterschiedlich:<\/span><br role=\"presentation\" \/><span dir=\"ltr\" role=\"presentation\">\u2022<\/span> <span dir=\"ltr\" role=\"presentation\">W\u00e4hrend d<\/span><span dir=\"ltr\" role=\"presentation\">er<\/span> <span dir=\"ltr\" role=\"presentation\">ukrainischen Widerstand<\/span> <span dir=\"ltr\" role=\"presentation\">mit dem Glorienschein des Heldentums \u201egeadelt\u201c<\/span><br role=\"presentation\" \/><span dir=\"ltr\" role=\"presentation\">wird, wird jede gewaltf\u00f6rmige Reaktion der Pal\u00e4stinenser:innen auf Israels jahrzehntelange<\/span><br role=\"presentation\" \/><span dir=\"ltr\" role=\"presentation\">harte Besatzung als Terrorismus \u201everdammt\u201c.<\/span><br role=\"presentation\" \/><span dir=\"ltr\" role=\"presentation\">\u2022<\/span> <span dir=\"ltr\" role=\"presentation\">Und w\u00e4hrend der Westen gegen Russland rasch mit harten Sanktionen reagierte, genie\u00dft<\/span><br role=\"presentation\" \/><span dir=\"ltr\" role=\"presentation\">Israel<\/span> <span dir=\"ltr\" role=\"presentation\">von<\/span> <span dir=\"ltr\" role=\"presentation\">Seite<\/span> <span dir=\"ltr\" role=\"presentation\">der<\/span> <span dir=\"ltr\" role=\"presentation\">USA<\/span> <span dir=\"ltr\" role=\"presentation\">und<\/span> <span dir=\"ltr\" role=\"presentation\">der<\/span> <span dir=\"ltr\" role=\"presentation\">EU<\/span> <span dir=\"ltr\" role=\"presentation\">ungebrochen<\/span> <span dir=\"ltr\" role=\"presentation\">viele<\/span> <span dir=\"ltr\" role=\"presentation\">Handelsprivilegien.<\/span> <span dir=\"ltr\" role=\"presentation\">Auch<\/span> <span dir=\"ltr\" role=\"presentation\">die<\/span><br role=\"presentation\" \/><span dir=\"ltr\" role=\"presentation\">v\u00f6lkerrechtswidrigen<\/span> <span dir=\"ltr\" role=\"presentation\">Kriege<\/span> <span dir=\"ltr\" role=\"presentation\">der<\/span> <span dir=\"ltr\" role=\"presentation\">USA\/NATO<\/span> <span dir=\"ltr\" role=\"presentation\">(z.B.<\/span> <span dir=\"ltr\" role=\"presentation\">Irak<\/span> <span dir=\"ltr\" role=\"presentation\">2003)<\/span> <span dir=\"ltr\" role=\"presentation\">oder<\/span> <span dir=\"ltr\" role=\"presentation\">der<\/span> <span dir=\"ltr\" role=\"presentation\">Krieg<\/span> <span dir=\"ltr\" role=\"presentation\">unserer<\/span> <span dir=\"ltr\" role=\"presentation\">\u00d6l-<\/span><br role=\"presentation\" \/><span dir=\"ltr\" role=\"presentation\">Lieferanten (Saudi-Arabien, VAE) im Jemen standen und stehen nie in Gefahr sanktioniert zu<\/span><br role=\"presentation\" \/><span dir=\"ltr\" role=\"presentation\">werden.<\/span><br role=\"presentation\" \/><strong><span dir=\"ltr\" role=\"presentation\">Wir sind der Meinung: Im Interesse der Glaubw\u00fcrdigkeit, d\u00fcrfen zumindest wir im<\/span><\/strong><br role=\"presentation\" \/><strong><span dir=\"ltr\" role=\"presentation\">neutralen \u00d6sterreich diese verlogene Heuchelei unserer Politik nicht l\u00e4nger zulassen<\/span><\/strong><\/p>\n<p><strong><span dir=\"ltr\" role=\"presentation\"><a href=\"http:\/\/www.friedensplattform.at\/wp-content\/uploads\/2022\/04\/Flugi-Kundgeb_20220429-1.pdf\">Flugi Kundgeb_20220429<\/a><\/span><\/strong><\/p>\n","protected":false},"excerpt":{"rendered":"<p>Protest-Infostand mit Kundgebung der Pal\u00e4stina Solidarit\u00e4t SteiermarkFreitag, 29. April, 16:00-18:00, S\u00fcdtirolerplatz (Graz)Kommt und zeigt eure Solidarit\u00e4t!<\/p>\n","protected":false},"author":3,"featured_media":0,"comment_status":"open","ping_status":"open","sticky":false,"template":"","format":"standard","meta":{"footnotes":""},"categories":[18],"tags":[],"class_list":["post-6755","post","type-post","status-publish","format-standard","hentry","category-palaestina-solidaritaet"],"_links":{"self":[{"href":"https:\/\/www.friedensplattform.at\/index.php?rest_route=\/wp\/v2\/posts\/6755","targetHints":{"allow":["GET"]}}],"collection":[{"href":"https:\/\/www.friedensplattform.at\/index.php?rest_route=\/wp\/v2\/posts"}],"about":[{"href":"https:\/\/www.friedensplattform.at\/index.php?rest_route=\/wp\/v2\/types\/post"}],"author":[{"embeddable":true,"href":"https:\/\/www.friedensplattform.at\/index.php?rest_route=\/wp\/v2\/users\/3"}],"replies":[{"embeddable":true,"href":"https:\/\/www.friedensplattform.at\/index.php?rest_route=%2Fwp%2Fv2%2Fcomments&post=6755"}],"version-history":[{"count":1,"href":"https:\/\/www.friedensplattform.at\/index.php?rest_route=\/wp\/v2\/posts\/6755\/revisions"}],"predecessor-version":[{"id":6759,"href":"https:\/\/www.friedensplattform.at\/index.php?rest_route=\/wp\/v2\/posts\/6755\/revisions\/6759"}],"wp:attachment":[{"href":"https:\/\/www.friedensplattform.at\/index.php?rest_route=%2Fwp%2Fv2%2Fmedia&parent=6755"}],"wp:term":[{"taxonomy":"category","embeddable":true,"href":"https:\/\/www.friedensplattform.at\/index.php?rest_route=%2Fwp%2Fv2%2Fcategories&post=6755"},{"taxonomy":"post_tag","embeddable":true,"href":"https:\/\/www.friedensplattform.at\/index.php?rest_route=%2Fwp%2Fv2%2Ftags&post=6755"}],"curies":[{"name":"wp","href":"https:\/\/api.w.org\/{rel}","templated":true}]}}