{"id":677,"date":"2009-01-21T23:38:45","date_gmt":"2009-01-21T21:38:45","guid":{"rendered":"http:\/\/www.luxorbis.org\/friedensplattform.at\/?p=677"},"modified":"2009-01-21T23:38:45","modified_gmt":"2009-01-21T21:38:45","slug":"steirische-gruenen-unterstuetzen-die-forderungen-der-steirischen-friedensplattform","status":"publish","type":"post","link":"https:\/\/www.friedensplattform.at\/?p=677","title":{"rendered":"Steirische Gr&#252;nen unterst&#252;tzen die Forderungen der steirischen Friedensplattform"},"content":{"rendered":"<p>Die Steirischen Gr\u00fcnen unterst\u00fctzen die Forderungen der Steirischen Friedensplattform, im Israel \/ Pal\u00e4stina Konflikt, wie sie uns in einem e-mail mitgeteilt haben:<\/p>\n<p><!--more--><\/p>\n<p>Die steirischen Gr\u00fcnen unterst\u00fctzen die Forderungen der steirischen Friedensplattform:<\/p>\n<p>\u00b7        Von beiden Seiten den sofortigen Waffenstillstand und keine weiteren Angriffe auf die Zivilbev\u00f6lkerung<\/p>\n<p>\u00b7        Sofortiger R\u00fcckzug der israelischen Armee aus Gaza und sofortiges Ende des Raketenbeschusses durch die Hamas<\/p>\n<p>\u00b7        Einhaltung aller einschl\u00e4gigen UNO-Resolutionen bez\u00fcglich Israel\/Pal\u00e4stina!<\/p>\n<p>\u00b7        Sofortige Aufhebung der Blockade des Gaza-Streifens durch Israel und \u00c4gypten!<\/p>\n<p>\u00b7        Sofortige humanit\u00e4re Versorgung der Not leidenden Bev\u00f6lkerung!<\/p>\n<p>\u00b7        Verhandlungen zwischen jenen demokratisch gew\u00e4hlten VertreterInnen beider V\u00f6lker, die zu einem Ende der Gewalt und zu einer echten Zweistaatenl\u00f6sung bereit sind<\/p>\n<p>\u00b7        Friede durch Zweistaatenl\u00f6sung: Israel und Pal\u00e4stina als souver\u00e4ne Staaten auf Basis der UNO-Resolutionen.<\/p>\n<p>\u00b7        Die Entsendung einer internationalen UNO-Friedenstruppe.<\/p>\n<p>LAbg. Mag.a Edith Zitz<\/p>\n","protected":false},"excerpt":{"rendered":"<p>Die Steirischen Gr\u00fcnen unterst\u00fctzen die Forderungen der Steirischen Friedensplattform, im Israel \/ Pal\u00e4stina Konflikt, wie sie uns in einem e-mail mitgeteilt haben:<\/p>\n","protected":false},"author":1,"featured_media":0,"comment_status":"open","ping_status":"open","sticky":false,"template":"","format":"standard","meta":{"footnotes":""},"categories":[5],"tags":[],"class_list":["post-677","post","type-post","status-publish","format-standard","hentry","category-arabischer-raum"],"_links":{"self":[{"href":"https:\/\/www.friedensplattform.at\/index.php?rest_route=\/wp\/v2\/posts\/677","targetHints":{"allow":["GET"]}}],"collection":[{"href":"https:\/\/www.friedensplattform.at\/index.php?rest_route=\/wp\/v2\/posts"}],"about":[{"href":"https:\/\/www.friedensplattform.at\/index.php?rest_route=\/wp\/v2\/types\/post"}],"author":[{"embeddable":true,"href":"https:\/\/www.friedensplattform.at\/index.php?rest_route=\/wp\/v2\/users\/1"}],"replies":[{"embeddable":true,"href":"https:\/\/www.friedensplattform.at\/index.php?rest_route=%2Fwp%2Fv2%2Fcomments&post=677"}],"version-history":[{"count":0,"href":"https:\/\/www.friedensplattform.at\/index.php?rest_route=\/wp\/v2\/posts\/677\/revisions"}],"wp:attachment":[{"href":"https:\/\/www.friedensplattform.at\/index.php?rest_route=%2Fwp%2Fv2%2Fmedia&parent=677"}],"wp:term":[{"taxonomy":"category","embeddable":true,"href":"https:\/\/www.friedensplattform.at\/index.php?rest_route=%2Fwp%2Fv2%2Fcategories&post=677"},{"taxonomy":"post_tag","embeddable":true,"href":"https:\/\/www.friedensplattform.at\/index.php?rest_route=%2Fwp%2Fv2%2Ftags&post=677"}],"curies":[{"name":"wp","href":"https:\/\/api.w.org\/{rel}","templated":true}]}}