{"id":6773,"date":"2022-05-10T18:29:31","date_gmt":"2022-05-10T18:29:31","guid":{"rendered":"http:\/\/www.friedensplattform.at\/?p=6773"},"modified":"2022-05-10T18:29:31","modified_gmt":"2022-05-10T18:29:31","slug":"nakba-gedenktag-15-5-%d9%8a%d9%88%d9%85-%d8%a7%d9%84%d9%86%d9%83%d8%a8%d8%a9","status":"publish","type":"post","link":"https:\/\/www.friedensplattform.at\/?p=6773","title":{"rendered":"NAKBA-GEDENKTAG 15.5. \u064a\u0648\u0645 \u0627\u0644\u0646\u0643\u0628\u0629"},"content":{"rendered":"<p><span id=\"page3R_mcid0\" class=\"markedContent\"><\/span><span id=\"page3R_mcid1\" class=\"markedContent\"><\/span><span id=\"page3R_mcid2\" class=\"markedContent\"><\/span><span id=\"page3R_mcid3\" class=\"markedContent\"><\/span><span id=\"page3R_mcid4\" class=\"markedContent\"><\/span><span id=\"page3R_mcid5\" class=\"markedContent\"><\/span><span id=\"page3R_mcid6\" class=\"markedContent\"><\/span><span id=\"page3R_mcid7\" class=\"markedContent\"><\/span><span id=\"page3R_mcid8\" class=\"markedContent\"><\/span><span id=\"page3R_mcid9\" class=\"markedContent\"><\/span><span id=\"page3R_mcid10\" class=\"markedContent\"><\/span><span id=\"page3R_mcid11\" class=\"markedContent\"><\/span><span id=\"page3R_mcid12\" class=\"markedContent\"><\/span><span id=\"page3R_mcid13\" class=\"markedContent\"><\/span><span id=\"page3R_mcid14\" class=\"markedContent\"><\/span><span id=\"page3R_mcid15\" class=\"markedContent\"><\/span><span id=\"page3R_mcid16\" class=\"markedContent\"><\/span><span id=\"page3R_mcid17\" class=\"markedContent\"><\/span><span id=\"page3R_mcid18\" class=\"markedContent\"><\/span><span id=\"page3R_mcid19\" class=\"markedContent\"><span dir=\"ltr\" role=\"presentation\">NAKBA<\/span><\/span><span id=\"page3R_mcid20\" class=\"markedContent\"><span dir=\"ltr\" role=\"presentation\">&#8211;<\/span><\/span><span id=\"page3R_mcid21\" class=\"markedContent\"><span dir=\"ltr\" role=\"presentation\">GEDENKTAG<\/span><\/span><span id=\"page3R_mcid22\" class=\"markedContent\"><\/span><span id=\"page3R_mcid23\" class=\"markedContent\"><\/span><span class=\"markedContent\"><span id=\"page3R_mcid24\" class=\"markedContent\"><br role=\"presentation\" \/><span dir=\"rtl\" role=\"presentation\">\u064a\u0648\u0645 \u0627\u0644\u0646\u0643\u0628\u0629<\/span><\/span><\/span><span id=\"page3R_mcid25\" class=\"markedContent\"><\/span><span id=\"page3R_mcid26\" class=\"markedContent\"><br role=\"presentation\" \/><span dir=\"ltr\" role=\"presentation\">EINLADUNG zur KULTURVERANSTALTUNG<\/span><\/span><span id=\"page3R_mcid27\" class=\"markedContent\"><\/span><span id=\"page3R_mcid28\" class=\"markedContent\"><\/span><span id=\"page3R_mcid29\" class=\"markedContent\"><\/span><span id=\"page3R_mcid30\" class=\"markedContent\"><\/span><span id=\"page3R_mcid31\" class=\"markedContent\"><\/span><span id=\"page3R_mcid32\" class=\"markedContent\"><\/span><span id=\"page3R_mcid33\" class=\"markedContent\"><\/span><span id=\"page3R_mcid34\" class=\"markedContent\"><\/span><span id=\"page3R_mcid35\" class=\"markedContent\"><\/span><\/p>\n<p>15.5. 2022\u00a0\u00a0\u00a0\u00a0\u00a0\u00a0\u00a0 16:00-19:00<\/p>\n<p>Kernstockgasse 9<\/p>\n<p><span id=\"page3R_mcid58\" class=\"markedContent\"><span dir=\"ltr\" role=\"presentation\">PROGRAMM<\/span><\/span><span id=\"page3R_mcid59\" class=\"markedContent\"><span dir=\"ltr\" role=\"presentation\">:<\/span><\/span><span id=\"page3R_mcid60\" class=\"markedContent\"><\/span><span id=\"page3R_mcid61\" class=\"markedContent\"><\/span><span id=\"page3R_mcid62\" class=\"markedContent\"><\/span><span id=\"page3R_mcid63\" class=\"markedContent\"><br role=\"presentation\" \/><span dir=\"ltr\" role=\"presentation\">Kulturelle Beitr\u00e4ge <\/span><\/span><span id=\"page3R_mcid64\" class=\"markedContent\"><\/span><span id=\"page3R_mcid65\" class=\"markedContent\"><\/span><span id=\"page3R_mcid66\" class=\"markedContent\"><\/span><span id=\"page3R_mcid67\" class=\"markedContent\"><span dir=\"ltr\" role=\"presentation\">aus Pal\u00e4stina<\/span><\/span><span id=\"page3R_mcid68\" class=\"markedContent\"><\/span><span id=\"page3R_mcid69\" class=\"markedContent\"><\/span><span id=\"page3R_mcid70\" class=\"markedContent\"><\/span><span id=\"page3R_mcid71\" class=\"markedContent\"><br role=\"presentation\" \/><span dir=\"ltr\" role=\"presentation\">\u2022<\/span><\/span><span id=\"page3R_mcid72\" class=\"markedContent\"><\/span><span id=\"page3R_mcid73\" class=\"markedContent\"> <span dir=\"ltr\" role=\"presentation\">Musik mit Hamza Hassan <\/span><\/span><span id=\"page3R_mcid74\" class=\"markedContent\"><\/span><span id=\"page3R_mcid75\" class=\"markedContent\"><\/span><span id=\"page3R_mcid76\" class=\"markedContent\"><span dir=\"ltr\" role=\"presentation\">&amp; Freunden<\/span><\/span><span id=\"page3R_mcid77\" class=\"markedContent\"><\/span><span id=\"page3R_mcid78\" class=\"markedContent\"><\/span><span id=\"page3R_mcid79\" class=\"markedContent\"><br role=\"presentation\" \/><span dir=\"ltr\" role=\"presentation\">\u2022<\/span><\/span><span id=\"page3R_mcid80\" class=\"markedContent\"><\/span><span id=\"page3R_mcid81\" class=\"markedContent\"> <span dir=\"ltr\" role=\"presentation\">Gedichte auf Arabisch <\/span><\/span><span id=\"page3R_mcid82\" class=\"markedContent\"><\/span><span id=\"page3R_mcid83\" class=\"markedContent\"><\/span><span id=\"page3R_mcid84\" class=\"markedContent\"><\/span><span id=\"page3R_mcid85\" class=\"markedContent\"><span dir=\"ltr\" role=\"presentation\">und Deutsch<\/span><\/span><span id=\"page3R_mcid86\" class=\"markedContent\"><\/span><span id=\"page3R_mcid87\" class=\"markedContent\"><\/span><span id=\"page3R_mcid88\" class=\"markedContent\"><br role=\"presentation\" \/><span dir=\"ltr\" role=\"presentation\">\u2022<\/span><\/span><span id=\"page3R_mcid89\" class=\"markedContent\"><\/span><span id=\"page3R_mcid90\" class=\"markedContent\"> <span dir=\"ltr\" role=\"presentation\">Pr\u00e4sentation<\/span><\/span><span id=\"page3R_mcid91\" class=\"markedContent\"><\/span><span id=\"page3R_mcid92\" class=\"markedContent\"> <span dir=\"ltr\" role=\"presentation\">von <\/span><\/span><span id=\"page3R_mcid93\" class=\"markedContent\"><\/span><span id=\"page3R_mcid94\" class=\"markedContent\"><\/span><span id=\"page3R_mcid95\" class=\"markedContent\"><\/span><span id=\"page3R_mcid96\" class=\"markedContent\"><span dir=\"ltr\" role=\"presentation\">Palestine Remember<\/span><\/span><span id=\"page3R_mcid97\" class=\"markedContent\"><span dir=\"ltr\" role=\"presentation\">ed<\/span><\/span><span id=\"page3R_mcid98\" class=\"markedContent\"><\/span><span id=\"page3R_mcid99\" class=\"markedContent\"><\/span><span id=\"page3R_mcid100\" class=\"markedContent\"><br role=\"presentation\" \/><span dir=\"ltr\" role=\"presentation\">\u2022<\/span><\/span><span id=\"page3R_mcid101\" class=\"markedContent\"><\/span><span id=\"page3R_mcid102\" class=\"markedContent\"> <span dir=\"ltr\" role=\"presentation\">Virtuelle<\/span><\/span><span id=\"page3R_mcid103\" class=\"markedContent\"><\/span><span id=\"page3R_mcid104\" class=\"markedContent\"> <span dir=\"ltr\" role=\"presentation\">Ausstellung<\/span><\/span><span id=\"page3R_mcid105\" class=\"markedContent\"><\/span><span id=\"page3R_mcid106\" class=\"markedContent\"><\/span><span id=\"page3R_mcid107\" class=\"markedContent\"><br role=\"presentation\" \/><span dir=\"ltr\" role=\"presentation\">\u2022<\/span><\/span><span id=\"page3R_mcid108\" class=\"markedContent\"><\/span><span id=\"page3R_mcid109\" class=\"markedContent\"> <span dir=\"ltr\" role=\"presentation\">Kulinarische<\/span><\/span><span id=\"page3R_mcid110\" class=\"markedContent\"> <span dir=\"ltr\" role=\"presentation\">K\u00f6stlichkeiten<\/span><\/span><\/p>\n<p><!--more--><\/p>\n<p><span id=\"page3R_mcid35\" class=\"markedContent\"><span dir=\"ltr\" role=\"presentation\">1947<\/span> <span dir=\"ltr\" role=\"presentation\">bis<\/span> <span dir=\"ltr\" role=\"presentation\">1949<\/span> <span dir=\"ltr\" role=\"presentation\">vertrieben<\/span> <span dir=\"ltr\" role=\"presentation\">zionistische<\/span> <span dir=\"ltr\" role=\"presentation\">paramilit\u00e4rische<\/span><br role=\"presentation\" \/><span dir=\"ltr\" role=\"presentation\">O<\/span><span dir=\"ltr\" role=\"presentation\">rganisationen<\/span> <span dir=\"ltr\" role=\"presentation\">und<\/span> <span dir=\"ltr\" role=\"presentation\">Israels<\/span> <span dir=\"ltr\" role=\"presentation\">Armee<\/span> <span dir=\"ltr\" role=\"presentation\">rund<\/span> <span dir=\"ltr\" role=\"presentation\">800.000<\/span><br role=\"presentation\" \/><span dir=\"ltr\" role=\"presentation\">Pal\u00e4stinenser:innen, entv\u00f6lkerten 11 Kleinst\u00e4dte und machten<\/span><br role=\"presentation\" \/><span dir=\"ltr\" role=\"presentation\">430<\/span> <span dir=\"ltr\" role=\"presentation\">D\u00f6r<\/span><span dir=\"ltr\" role=\"presentation\">fer<\/span> <span dir=\"ltr\" role=\"presentation\">dem<\/span> <span dir=\"ltr\" role=\"presentation\">Erdboden<\/span> <span dir=\"ltr\" role=\"presentation\">gleich.<\/span> <span dir=\"ltr\" role=\"presentation\">Sie<\/span> <span dir=\"ltr\" role=\"presentation\">verfolgten<\/span> <span dir=\"ltr\" role=\"presentation\">damit<\/span><br role=\"presentation\" \/><span dir=\"ltr\" role=\"presentation\">ein<\/span><span dir=\"ltr\" role=\"presentation\">en<\/span> <span dir=\"ltr\" role=\"presentation\">Plan<\/span> <span dir=\"ltr\" role=\"presentation\">der<\/span> <span dir=\"ltr\" role=\"presentation\">systematischen<\/span> <span dir=\"ltr\" role=\"presentation\">ethnischen<\/span> <span dir=\"ltr\" role=\"presentation\">S\u00e4uberung,<\/span> <span dir=\"ltr\" role=\"presentation\">um<\/span><br role=\"presentation\" \/><span dir=\"ltr\" role=\"presentation\">einen rein j\u00fcdischen Staat zu schaffen. Dieses Ereignis nennen<\/span><br role=\"presentation\" \/><span dir=\"ltr\" role=\"presentation\">die Pal\u00e4stinenser:innen \u201eNakba\u201c, gro\u00dfe Katastrophe<\/span> <span dir=\"ltr\" role=\"presentation\">\u2013<\/span> <span dir=\"ltr\" role=\"presentation\">eine<\/span><br role=\"presentation\" \/><span dir=\"ltr\" role=\"presentation\">Katastrophe, die bis heute andauert! Seit \u00fcber 70 Jahren<\/span><br role=\"presentation\" \/><span dir=\"ltr\" role=\"presentation\">zerst\u00f6rt Israel pal\u00e4stinensi<\/span><span dir=\"ltr\" role=\"presentation\">sche H\u00e4user, entwurzelte Millionen<\/span><br role=\"presentation\" \/><span dir=\"ltr\" role=\"presentation\">Olivenb\u00e4ume, vernichtet wirtschaftliche Grundlagen, vertreibt<\/span><br role=\"presentation\" \/><span dir=\"ltr\" role=\"presentation\">vor den Augen der Welt pal\u00e4stinensische Familien aus ihrer<\/span><br role=\"presentation\" \/><span dir=\"ltr\" role=\"presentation\">Heimat (aktuell in Jerusalem und im Naqab) und erweitert<\/span><br role=\"presentation\" \/><span dir=\"ltr\" role=\"presentation\">entgegen dem V\u00f6lkerrecht seine Kolonial<\/span><span dir=\"ltr\" role=\"presentation\">&#8211;<\/span><span dir=\"ltr\" role=\"presentation\">Sie<\/span><span dir=\"ltr\" role=\"presentation\">dlungen<\/span> <span dir=\"ltr\" role=\"presentation\">\u2013<\/span> <span dir=\"ltr\" role=\"presentation\">die<\/span><br role=\"presentation\" \/><span dir=\"ltr\" role=\"presentation\">Weiterf\u00fchrung<\/span> <span dir=\"ltr\" role=\"presentation\">der<\/span> <span dir=\"ltr\" role=\"presentation\">Gewalt<\/span> <span dir=\"ltr\" role=\"presentation\">gegen<\/span> <span dir=\"ltr\" role=\"presentation\">Pal\u00e4stinenser:innen<\/span> <span dir=\"ltr\" role=\"presentation\">seit<\/span><br role=\"presentation\" \/><span dir=\"ltr\" role=\"presentation\">seiner Staatsgr\u00fcndung am 15. Mai 1948 auf pal\u00e4stinensischem<\/span><br role=\"presentation\" \/><span dir=\"ltr\" role=\"presentation\">Land. W\u00e4hrend j\u00fcdische Menschen aus der ganzen Welt<\/span> <span dir=\"ltr\" role=\"presentation\">n<\/span><span dir=\"ltr\" role=\"presentation\">ach<\/span><br role=\"presentation\" \/><span dir=\"ltr\" role=\"presentation\">Israel<\/span> <span dir=\"ltr\" role=\"presentation\">einwandern<\/span> <span dir=\"ltr\" role=\"presentation\">d\u00fcrfen,<\/span> <span dir=\"ltr\" role=\"presentation\">verweigert<\/span> <span dir=\"ltr\" role=\"presentation\">die<\/span> <span dir=\"ltr\" role=\"presentation\">israelische<\/span><br role=\"presentation\" \/><span dir=\"ltr\" role=\"presentation\">Besatzungsmacht<\/span> <span dir=\"ltr\" role=\"presentation\">noch<\/span> <span dir=\"ltr\" role=\"presentation\">immer<\/span> <span dir=\"ltr\" role=\"presentation\">die<\/span> <span dir=\"ltr\" role=\"presentation\">R\u00fcckkehr<\/span> <span dir=\"ltr\" role=\"presentation\">der<\/span><br role=\"presentation\" \/><span dir=\"ltr\" role=\"presentation\">pal\u00e4stinensischen<\/span> <span dir=\"ltr\" role=\"presentation\">Fl\u00fcchtlinge und<\/span> <span dir=\"ltr\" role=\"presentation\">ihrer Nachkommen, ein<\/span><br role=\"presentation\" \/><span dir=\"ltr\" role=\"presentation\">Recht<\/span> <span dir=\"ltr\" role=\"presentation\">lt.<\/span> <span dir=\"ltr\" role=\"presentation\">UN<\/span><span dir=\"ltr\" role=\"presentation\">&#8211;<\/span><span dir=\"ltr\" role=\"presentation\">Resolution<\/span> <span dir=\"ltr\" role=\"presentation\">19<\/span><span dir=\"ltr\" role=\"presentation\">4<\/span><span dir=\"ltr\" role=\"presentation\">.<\/span> <span dir=\"ltr\" role=\"presentation\">Um<\/span> <span dir=\"ltr\" role=\"presentation\">an<\/span> <span dir=\"ltr\" role=\"presentation\">diese<\/span> <span dir=\"ltr\" role=\"presentation\">traumatische<\/span><br role=\"presentation\" \/><span dir=\"ltr\" role=\"presentation\">Erfahrung zu erinnern, ihr Recht auf R\u00fcckkehr einzufordern<\/span><br role=\"presentation\" \/><span dir=\"ltr\" role=\"presentation\">und standhaft gegen die bis heute andauernde Kolonialisieru<\/span><span dir=\"ltr\" role=\"presentation\">ng<\/span><br role=\"presentation\" \/><span dir=\"ltr\" role=\"presentation\">ihres Landes und Israels Politik der Apartheid zu protestieren,<\/span><br role=\"presentation\" \/><span dir=\"ltr\" role=\"presentation\">begehen die Pal\u00e4stinenser:innen<\/span> <span dir=\"ltr\" role=\"presentation\">und solidarische Menschen<\/span><br role=\"presentation\" \/><span dir=\"ltr\" role=\"presentation\">jedes Jahr am 15. Mai weltweit den \u201eNakba<\/span><span dir=\"ltr\" role=\"presentation\">&#8211;<\/span><span dir=\"ltr\" role=\"presentation\">Tag\u201c.<\/span><\/span><\/p>\n<p>&nbsp;<\/p>\n<p><a href=\"http:\/\/www.friedensplattform.at\/wp-content\/uploads\/2022\/05\/Einladung_Nakba-Veranstaltung-15.-Mai-2022.pdf\">Einladung_Nakba-Veranstaltung 15. Mai 2022<\/a><\/p>\n","protected":false},"excerpt":{"rendered":"<p>NAKBA&#8211;GEDENKTAG\u064a\u0648\u0645 \u0627\u0644\u0646\u0643\u0628\u0629EINLADUNG zur KULTURVERANSTALTUNG 15.5. 2022\u00a0\u00a0\u00a0\u00a0\u00a0\u00a0\u00a0 16:00-19:00 Kernstockgasse 9 PROGRAMM:Kulturelle Beitr\u00e4ge aus Pal\u00e4stina\u2022 Musik mit Hamza Hassan &amp; Freunden\u2022 Gedichte auf Arabisch und Deutsch\u2022 Pr\u00e4sentation von Palestine Remembered\u2022 Virtuelle Ausstellung\u2022 Kulinarische K\u00f6stlichkeiten<\/p>\n","protected":false},"author":3,"featured_media":0,"comment_status":"open","ping_status":"open","sticky":false,"template":"","format":"standard","meta":{"footnotes":""},"categories":[18],"tags":[],"class_list":["post-6773","post","type-post","status-publish","format-standard","hentry","category-palaestina-solidaritaet"],"_links":{"self":[{"href":"https:\/\/www.friedensplattform.at\/index.php?rest_route=\/wp\/v2\/posts\/6773","targetHints":{"allow":["GET"]}}],"collection":[{"href":"https:\/\/www.friedensplattform.at\/index.php?rest_route=\/wp\/v2\/posts"}],"about":[{"href":"https:\/\/www.friedensplattform.at\/index.php?rest_route=\/wp\/v2\/types\/post"}],"author":[{"embeddable":true,"href":"https:\/\/www.friedensplattform.at\/index.php?rest_route=\/wp\/v2\/users\/3"}],"replies":[{"embeddable":true,"href":"https:\/\/www.friedensplattform.at\/index.php?rest_route=%2Fwp%2Fv2%2Fcomments&post=6773"}],"version-history":[{"count":1,"href":"https:\/\/www.friedensplattform.at\/index.php?rest_route=\/wp\/v2\/posts\/6773\/revisions"}],"predecessor-version":[{"id":6777,"href":"https:\/\/www.friedensplattform.at\/index.php?rest_route=\/wp\/v2\/posts\/6773\/revisions\/6777"}],"wp:attachment":[{"href":"https:\/\/www.friedensplattform.at\/index.php?rest_route=%2Fwp%2Fv2%2Fmedia&parent=6773"}],"wp:term":[{"taxonomy":"category","embeddable":true,"href":"https:\/\/www.friedensplattform.at\/index.php?rest_route=%2Fwp%2Fv2%2Fcategories&post=6773"},{"taxonomy":"post_tag","embeddable":true,"href":"https:\/\/www.friedensplattform.at\/index.php?rest_route=%2Fwp%2Fv2%2Ftags&post=6773"}],"curies":[{"name":"wp","href":"https:\/\/api.w.org\/{rel}","templated":true}]}}