{"id":6779,"date":"2022-05-12T19:32:58","date_gmt":"2022-05-12T19:32:58","guid":{"rendered":"http:\/\/www.friedensplattform.at\/?p=6779"},"modified":"2022-05-13T05:58:51","modified_gmt":"2022-05-13T05:58:51","slug":"ruestung-als-grosser-klimasuender","status":"publish","type":"post","link":"https:\/\/www.friedensplattform.at\/?p=6779","title":{"rendered":"R\u00fcstung als gro\u00dfer Klimas\u00fcnder"},"content":{"rendered":"<h3><strong>Vortrag von Anne Rieger am 9.5.2022<\/strong><\/h3>\n<p><a href=\"http:\/\/www.friedensplattform.at\/wp-content\/uploads\/2022\/05\/IMG_2702.jpg\"><img loading=\"lazy\" decoding=\"async\" class=\"wp-image-6783 alignleft\" src=\"http:\/\/www.friedensplattform.at\/wp-content\/uploads\/2022\/05\/IMG_2702-1024x576.jpg\" alt=\"\" width=\"488\" height=\"275\" srcset=\"https:\/\/www.friedensplattform.at\/wp-content\/uploads\/2022\/05\/IMG_2702-1024x576.jpg 1024w, https:\/\/www.friedensplattform.at\/wp-content\/uploads\/2022\/05\/IMG_2702-300x169.jpg 300w, https:\/\/www.friedensplattform.at\/wp-content\/uploads\/2022\/05\/IMG_2702-768x432.jpg 768w\" sizes=\"auto, (max-width: 488px) 100vw, 488px\" \/><\/a><a href=\"http:\/\/www.friedensplattform.at\/wp-content\/uploads\/2022\/05\/IMG_2803.jpg\"><img loading=\"lazy\" decoding=\"async\" class=\"size-medium wp-image-6781 alignnone\" src=\"http:\/\/www.friedensplattform.at\/wp-content\/uploads\/2022\/05\/IMG_2803-300x169.jpg\" alt=\"\" width=\"300\" height=\"169\" srcset=\"https:\/\/www.friedensplattform.at\/wp-content\/uploads\/2022\/05\/IMG_2803-300x169.jpg 300w, https:\/\/www.friedensplattform.at\/wp-content\/uploads\/2022\/05\/IMG_2803-768x432.jpg 768w, https:\/\/www.friedensplattform.at\/wp-content\/uploads\/2022\/05\/IMG_2803-1024x576.jpg 1024w\" sizes=\"auto, (max-width: 300px) 100vw, 300px\" \/><\/a><a href=\"http:\/\/www.friedensplattform.at\/wp-content\/uploads\/2022\/05\/IMG_2711.jpg\"><img loading=\"lazy\" decoding=\"async\" class=\"size-medium wp-image-6785 alignleft\" src=\"http:\/\/www.friedensplattform.at\/wp-content\/uploads\/2022\/05\/IMG_2711-300x169.jpg\" alt=\"\" width=\"300\" height=\"169\" srcset=\"https:\/\/www.friedensplattform.at\/wp-content\/uploads\/2022\/05\/IMG_2711-300x169.jpg 300w, https:\/\/www.friedensplattform.at\/wp-content\/uploads\/2022\/05\/IMG_2711-768x432.jpg 768w, https:\/\/www.friedensplattform.at\/wp-content\/uploads\/2022\/05\/IMG_2711-1024x576.jpg 1024w\" sizes=\"auto, (max-width: 300px) 100vw, 300px\" \/><\/a><\/p>\n<p>&nbsp;<\/p>\n<p>&nbsp;<\/p>\n<p>&nbsp;<\/p>\n<p>&nbsp;<\/p>\n<p><!--more--><\/p>\n<p><a href=\"http:\/\/www.friedensplattform.at\/wp-content\/uploads\/2022\/05\/IMG_2729.jpg\"><img loading=\"lazy\" decoding=\"async\" class=\" wp-image-6789 alignnone\" src=\"http:\/\/www.friedensplattform.at\/wp-content\/uploads\/2022\/05\/IMG_2729-300x169.jpg\" alt=\"\" width=\"341\" height=\"192\" srcset=\"https:\/\/www.friedensplattform.at\/wp-content\/uploads\/2022\/05\/IMG_2729-300x169.jpg 300w, https:\/\/www.friedensplattform.at\/wp-content\/uploads\/2022\/05\/IMG_2729-768x432.jpg 768w, https:\/\/www.friedensplattform.at\/wp-content\/uploads\/2022\/05\/IMG_2729-1024x576.jpg 1024w\" sizes=\"auto, (max-width: 341px) 100vw, 341px\" \/>\u00a0\u00a0\u00a0<\/a><a href=\"http:\/\/www.friedensplattform.at\/wp-content\/uploads\/2022\/05\/IMG_2714.jpg\"><img loading=\"lazy\" decoding=\"async\" class=\" wp-image-6787 alignleft\" src=\"http:\/\/www.friedensplattform.at\/wp-content\/uploads\/2022\/05\/IMG_2714-300x169.jpg\" alt=\"\" width=\"322\" height=\"181\" srcset=\"https:\/\/www.friedensplattform.at\/wp-content\/uploads\/2022\/05\/IMG_2714-300x169.jpg 300w, https:\/\/www.friedensplattform.at\/wp-content\/uploads\/2022\/05\/IMG_2714-768x432.jpg 768w, https:\/\/www.friedensplattform.at\/wp-content\/uploads\/2022\/05\/IMG_2714-1024x576.jpg 1024w\" sizes=\"auto, (max-width: 322px) 100vw, 322px\" \/><\/a><a href=\"http:\/\/www.friedensplattform.at\/wp-content\/uploads\/2022\/05\/IMG_2787.jpg\"><img loading=\"lazy\" decoding=\"async\" class=\"wp-image-6793 alignleft\" src=\"http:\/\/www.friedensplattform.at\/wp-content\/uploads\/2022\/05\/IMG_2787-1024x576.jpg\" alt=\"\" width=\"342\" height=\"192\" srcset=\"https:\/\/www.friedensplattform.at\/wp-content\/uploads\/2022\/05\/IMG_2787-1024x576.jpg 1024w, https:\/\/www.friedensplattform.at\/wp-content\/uploads\/2022\/05\/IMG_2787-300x169.jpg 300w, https:\/\/www.friedensplattform.at\/wp-content\/uploads\/2022\/05\/IMG_2787-768x432.jpg 768w\" sizes=\"auto, (max-width: 342px) 100vw, 342px\" \/><\/a><\/p>\n<p><a href=\"http:\/\/www.friedensplattform.at\/wp-content\/uploads\/2022\/05\/IMG_2791.jpg\"><img loading=\"lazy\" decoding=\"async\" class=\" wp-image-6797 alignleft\" src=\"http:\/\/www.friedensplattform.at\/wp-content\/uploads\/2022\/05\/IMG_2791-300x169.jpg\" alt=\"\" width=\"366\" height=\"206\" srcset=\"https:\/\/www.friedensplattform.at\/wp-content\/uploads\/2022\/05\/IMG_2791-300x169.jpg 300w, https:\/\/www.friedensplattform.at\/wp-content\/uploads\/2022\/05\/IMG_2791-768x432.jpg 768w, https:\/\/www.friedensplattform.at\/wp-content\/uploads\/2022\/05\/IMG_2791-1024x576.jpg 1024w\" sizes=\"auto, (max-width: 366px) 100vw, 366px\" \/><\/a><\/p>\n<p><a href=\"http:\/\/www.friedensplattform.at\/wp-content\/uploads\/2022\/05\/IMG_2709.jpg\"><img loading=\"lazy\" decoding=\"async\" class=\"wp-image-6799 alignnone\" src=\"http:\/\/www.friedensplattform.at\/wp-content\/uploads\/2022\/05\/IMG_2709-1024x576.jpg\" alt=\"\" width=\"366\" height=\"206\" srcset=\"https:\/\/www.friedensplattform.at\/wp-content\/uploads\/2022\/05\/IMG_2709-1024x576.jpg 1024w, https:\/\/www.friedensplattform.at\/wp-content\/uploads\/2022\/05\/IMG_2709-300x169.jpg 300w, https:\/\/www.friedensplattform.at\/wp-content\/uploads\/2022\/05\/IMG_2709-768x432.jpg 768w\" sizes=\"auto, (max-width: 366px) 100vw, 366px\" \/><\/a><\/p>\n<p><strong>Milit\u00e4r als gr\u00f6\u00dfter Klimas\u00fcnder<\/strong><strong><br \/>\n<\/strong><strong>Abr\u00fc<\/strong><strong>stung &#8211; der gr\u00f6\u00dfte Beitrag zur <\/strong><strong>\u00f6<\/strong><strong>kologischen Zukunftssicherung<\/strong><strong><br \/>\n<\/strong><strong><br \/>\n<\/strong>Krieg zerst\u00f6rt Mensch und Umwelt und hat gesundheitliche, humanit\u00e4re und klimatische Folgen. Leider eine Binsenwahrheit. Jedoch schon vor dem Krieg, in der Aufr\u00fcstung und im t\u00e4glichen &#8222;Normal&#8220;betrieb, haben Milit\u00e4rapparate einen hohen Aussto\u00df von CO2 und anderen Treibhausgasen, sind Ressourcenfresser und f\u00fchren zu enormer Umweltzerst\u00f6rung. Zugleich entziehen sie im Gegenzug dem Umwelt-, Klima- und Menschenschutz, die dort dringend notwendige Finanzen durch enorme Aufr\u00fcstung- und Milit\u00e4rprogramme. Fast unbeachtet von der klimadiskutierenden \u00d6ffentlichkeit f\u00fchrt sich das Milit\u00e4r als einer der schlimmsten Umwelts\u00fcnder auf.<\/p>\n<p>Denken wir an Truppen- und Waffentransporte und zur\u00fcckgelegte Routen rund um die ganze Welt, wie z.B. an die sogenannte Ausbildungsfahrt der deutschen Kriegsfregatte &#8222;Bayern&#8220;, die Mittelmeer und Suezkanal durchquerte, ums Horn von Afrika ins pakistanische Karachi fuhr, um dann eine &#8222;Tankstelle&#8220;<a href=\"#_ftn1\" name=\"_ftnref1\"><sup>[1]<\/sup><\/a>, den US-Milit\u00e4rst\u00fctzpunkt Diego Garcia im Indischen Ozean, anzulaufen. Sie zog ins westaustralische Persh weiter, l\u00e4uft insgesamt ein Dutzend H\u00e4fen im indopazifischen Raum an, unter anderem Tokio.<\/p>\n<p>Denken wir an Man\u00f6ver wie Defender Europe 2021 oder Steadfast Defender 2021. Bei Defender Europe 2020 wurden 37.000 Soldaten, Hunderte Panzer, \u00fcber 13.000 Ausr\u00fcstungsgegenst\u00e4nde wie Kriegswaffen bewegt. Zwei Drittel davon wurden per Schiff und Flugzeug extra \u00fcber den Atlantik gebracht. Nun werden auch noch Stra\u00dfen und Br\u00fccken neu verst\u00e4rkt, um Bundeswehr und NATO bei ihren Man\u00f6vern die Durchfahrt zu erleichtern. Der Ausbau der transeurop\u00e4ischen Verkehrsnetze muss leider mitbedacht werden. Die EU hat f\u00fcr &#8222;milit\u00e4rische Mobilit\u00e4t&#8220; bis 2027 im Etat 6,5 Mrd. Euro eingeplant.<\/p>\n<p>Alle Waffentests sind Klimakiller und umweltsch\u00e4dlich. Ein Beispiel ist der wochenlangen Moorbrand auf dem Bundeswehrgel\u00e4nde im Emsland vor zwei Jahren. Ein Waffentest hatte den Brand ausgel\u00f6st, der Landkreis rief den Katastrophenfall aus. Nach Einsch\u00e4tzung des Landesumweltministeriums in Hannover hat der Brand zu nachhaltigen Sch\u00e4den f\u00fcr Umwelt und Tierwelt gef\u00fchrt. Bereits 2010 hatte dort ein Feuer rund sechs Wochen gebrannt, ehe es gel\u00f6scht werden konnte.<\/p>\n<p>Besondere Verbrechen an Umwelt und Menschen sind die 2100 Kernwaffentests, Es wird angenommen, dass sie weltweit ca. 300 000 Todesf\u00e4lle zur Folge hatten<a href=\"#_ftn2\" name=\"_ftnref2\"><sup>[2]<\/sup><\/a>. Die Atomwaffenversuche sind verantwortlich f\u00fcr die radioaktive Verseuchung verschiedener Regionen des Planenten. Auch \u00fcber die \u00f6kologischen Gefahren von Atomwaffen, das Risikos einen Unfalls, das ungel\u00f6ste Problem der Endlagerung, wird im Umweltzusammenhang geschwiegen. Nach SIPRI geh\u00f6ren den neun Atomwaffenstaaten insgesamt 13.400 Atomwaffen. 3.720 sind sofort einsatzfa\u0308hig, davon 1.800 in sta\u0308ndiger Ho\u0308chstalarmbereitschaft.<\/p>\n<p>Die steigende Produktion von R\u00fcstungsg\u00fctern und ihre Verwendung gehen nicht ohne Klimasch\u00e4den vonstatten. Die Profite werden von Aktion\u00e4ren angeeignet, die Folgekosten zahlt die Allgemeinheit mit Steuern. Geld, das f\u00fcr Klimaschutz dringend ben\u00f6tigt wird.<\/p>\n<p><strong>G<\/strong><strong>r<\/strong><strong>\u00f6\u00df<\/strong><strong>te<\/strong><strong>r Klimas<\/strong><strong>\u00fc<\/strong><strong>nder aus dem Blickfeld <\/strong><strong><br \/>\n<\/strong>Das alles hat einen erheblichen Einfluss auf den Klimawandel, wird aber in der ver\u00f6ffentlichten Klimaschutzdiskussion kaum erw\u00e4hnt. Bisher wurde der CO2-Abdruck des Milit\u00e4rs auf Druck von USA und NATO in Klimaabkommen wie dem Kyoto-Protokoll 1997 und dem Pariser Klimaschutzabkommen 2015 ausgeklammert. Das f\u00fchrt dazu, dass die gr\u00f6\u00dften staatlichen Klimas\u00fcnder aus dem Blickfeld sowohl der Klimabewegung, noch mehr aber aus dem der normalen Bev\u00f6lkerung geraten sind. Die fehlende Datenlage f\u00fchrt dazu, dass die genauen Auswirkungen auf die Erderhitzung nur ungenau berechnet werden k\u00f6nnen, was den Blick auf den milit\u00e4rischen Klimas\u00fcnder zus\u00e4tzlich verstellt.<\/p>\n<p><strong>R\u00fcstungsmoloch Pentagon <\/strong><strong><br \/>\n<\/strong>Trotzdem &#8211; 2019 sorgte die Studie von Neta Crawford von der Boston University f\u00fcr Schlagzeilen. Sie zeigte, dass das US-amerikanische Verteidigungsministerium der gr\u00f6\u00dfte institutionelle Verbraucher von fossilen Brennstoffen weltweit ist. Sie kam zu dem Ergebnis, dass im Haushaltsjahr 2018 das US-Verteidigungsministerium 56 Mio. Tonnen an CO2-Emissionen zu verantworten hatte. \u201eDamit geh\u00f6rt das Pentagon zu den 50 gr\u00f6\u00dften Kohlendioxid-Verursachern der Welt. Die Emissionen des US-Milit\u00e4rs sind gr\u00f6\u00dfer als die von D\u00e4nemark, Schweden oder Portugal\u201c, so Crawford.\u00a0Rechne man noch den j\u00e4hrlichen CO2-Fu\u00dfabdruck der US-R\u00fcstungsindustrie hinzu, betr\u00e4gt allein der j\u00e4hrliche CO2-Aussto\u00df laut Crawford sogar \u00fcber 200 Mio. Tonnen<a href=\"#_ftn3\" name=\"_ftnref3\"><sup>[3]<\/sup><\/a>. Seit Beginn des \u201eKrieg gegen Terror\u201c 2001 hat nach Sch\u00e4tzung der Cost-of-War-Studie das US-Milit\u00e4r 1,2 Mrd. Tonnen Treibhausgase ausgesto\u00dfen<a href=\"#_ftn4\" name=\"_ftnref4\"><sup>[4]<\/sup><\/a>.<\/p>\n<p>Die US-Milit\u00e4rs wissen um ihre Rolle als Umweltverschmutzer. Auf der COP26-Konferenz in Glasgow soll Nancy Pelosi, Sprecherin des US-Repr\u00e4sentantenhauses, der Aussage zugestimmt haben, dass das US-Milit\u00e4r ein \u201egr\u00f6\u00dferer Umweltverschmutzer als 140 L\u00e4nder zusammen\u201c sei. Darauf antwortete John F. Kirby, Pressesprecher des Pentagon, auf einer dann einberufenen Pressekonferenz, dass man sehr wohl wisse, dass das Pentagon innerhalb der Bundesbeh\u00f6rden der gr\u00f6\u00dfte Umweltverschmutzer sei und dass man deshalb die Klimakrise sehr ernst nehme \u2013 man trage schlie\u00dflich zu den Emissionen bei<a href=\"#_ftn5\" name=\"_ftnref5\"><sup>[5]<\/sup><\/a>.<\/p>\n<p><strong>Milit\u00e4rische Emissionen erfassen<\/strong><strong><br \/>\n<\/strong>Um diese Unklarheiten, diese Vernebelung zu beenden, haben Friedens- und Umweltorganisationen, darunter die \u00c4rzt*innenorganisation IPPNW Deutschland, Teilnehmer*innen der UN-Weltklimakonferenz aufgefordert, strenge Grenzwerte f\u00fcr Treibhausgasemissionen festzulegen und f\u00fcr das Milit\u00e4r keine Ausnahmen mehr zu zulassen. In der Petition \u201eStop Excluding Military Pollution from Climate Agreements\u201c, verlangen sie Transparenz im Umgang mit dem CO2-Fu\u00dfabdruck des Milit\u00e4rs, unabh\u00e4ngige Pr\u00fcfungen der erfassten Zahlen und globale Abr\u00fcstung, bei den Atomwaffen ebenso wie bei konventionellen Waffen, statt einem Ausgleich des CO2-Aussto\u00dfes.<\/p>\n<p><strong>CO2-Fu\u00dfabdrucks der EU-Milit<\/strong><strong>\u00e4<\/strong><strong>rs entspricht 14 Mio. Autos<\/strong><strong><br \/>\n<\/strong>Laut Sch\u00e4tzungen einer Studie des Conflict and Environment Observatory im Auftrag der Partei \u201eDie Linke\u201c im EU Parlament betrug der CO2-Fu\u00dfabdrucks des EU-Milit\u00e4rs im Jahr 2019 etwa 24,8 Mio. Tonnen CO2-\u00c4quivalent. Das entspricht den j\u00e4hrlichen Emissionen von etwa 14 Mio. Autos. Deutschlands Milit\u00e4r allein tr\u00e4gt laut Studie 4,53 Mio. Tonnen CO2-\u00c4quivalent bei.<\/p>\n<p>Ein Kampfjet vom Typ Eurofighter verbraucht 3.500 Kilogramm Treibstoff pro Flugstunde, entsprechend elf Tonnen CO2-\u00c4quivalente. Das entspricht dem j\u00e4hrlichen CO2-Fu\u00dfabdruck einer Bundesb\u00fcrger*in \u2013 und auch der ist schon viel zu hoch. Im Jahr 2018 verbrachten die Eurofighter der Bundeswehr 10.480 Flugstunden in der Luft. Mehr als neun Mio. B\u00e4ume br\u00e4uchte es, um die umgerechnet dadurch freigesetzten 115.280 Tonnen CO2 zu speichern.<\/p>\n<p>Schlimm genug ist das. Aber es reicht nicht aus, den CO2 Abdruck der Milit\u00e4rs zu skandalisieren. Sie sind auch gro\u00dfe Ressourcenverschwender, u.a. beim Landverbrauch. Sie sind Umweltzerst\u00f6rer durch Flugl\u00e4rm, Man\u00f6versch\u00e4den, Sprengstoffe, Munition, die Verseuchung von Truppen\u00fcbungspl\u00e4tzen mit \u00d6l, Benzin und weiteren toxischen Stoffen. Insgesamt 25 prozent der weltweiten Umweltverschmutzung f\u00fchrte SIPRI Mitte der achtziger Jahre auf den Milit\u00e4rbereich zur\u00fcck.<\/p>\n<p><strong>Das US-Milit<\/strong><strong>\u00e4<\/strong><strong>r sch<\/strong><strong>\u00fc<\/strong><strong>tzt die Erd<\/strong><strong>\u00f6<\/strong><strong>l- und Rohstoffindustrie.<\/strong><strong><br \/>\n<\/strong>Das US-Milit\u00e4r wird h\u00e4ufig daf\u00fcr eingesetzt, sicherzustellen, dass US-\u00d6lfirmen weltweit Zugriff auf Rohstoffquellen, insbesondere \u00d6l, haben, schreiben die Nachdenkseiten. Der Irakkrieg 1991 war ein Beispiel eines Krieges um Erd\u00f6l. heute ist die US-Milit\u00e4runterst\u00fctzung f\u00fcr Saudi Arabien verbunden mit der Entschlossenheit der US-amerikanischen fossilen Brennstoffindustrie, den Zugang zu den Erd\u00f6lvorkommen der Welt zu kontrollieren. Hunderte US-Milit\u00e4rbasen rund um den Globus befinden sich in ressourcenreichen Regionen und in der N\u00e4he von strategischen Schifffahrtswegen.<\/p>\n<p><strong>Nationale Sicherheitsbedrohung<\/strong><strong><br \/>\n<\/strong>Auch bevorstehende \u201eKlimakriege\u201c zur &#8222;Abwehr&#8220; von Klimafl\u00fcchtlingen und der Kampf um verbleibende Lebensr\u00e4ume, um Wasser und Rohstoffe, spielen eine untergeordnete Rolle in der Klimadiskussion. Aber die Zahl der Kriegsfl\u00fcchtlinge und Vertriebenen steigt. In den Kriegen nach dem 11. <a href=\"https:\/\/watson-brown-edu.translate.goog\/costsofwar\/figures\/2021\/WarDeathToll?_x_tr_sl=en&amp;_x_tr_tl=de&amp;_x_tr_hl=de&amp;_x_tr_pto=nui,sc\">September<\/a> sind es \u00fcber 38 Millionen gewesen<a href=\"#_ftn6\" name=\"_ftnref6\"><sup>[6]<\/sup><\/a>. Die Zahlen der Klimafl\u00fcchtlinge steigen ebenfalls. Die Folgen m\u00fcssen in der Klimadiskussion ber\u00fccksichtigt werden. In einer Pressemitteilung des Pentagon (DoD) vom 21.10.2021 wird eine neue \u201eClimate Risk Analysis\u201c vorgestellt. Dort hei\u00dft es: \u201eWie die Klimarisikoanalyse des DoD verdeutlicht, ver\u00e4ndert der Klimawandel die strategische Landschaft und formt das Sicherheitsumfeld, wodurch sich komplexe Bedrohungen f\u00fcr die USA und Nationen auf der ganzen Welt ergeben. Versch\u00e4rft durch den Klimawandel besch\u00e4digen extreme Wetterereignisse zunehmend die Infrastruktur, unterbrechen die Versorgungsketten, beeintr\u00e4chtigen die Einsatzbereitschaft und die Operationen der Streitkr\u00e4fte und tragen zu humanit\u00e4ren Krisen und Instabilit\u00e4t auf der ganzen Welt bei.\u201c Aufschlussreich das Statement von Kirby auf der oben genannten Pentagon Pressekonferenz, wie die USA gedenken, damit umzugehen: &#8222;Wir glauben, dass der Klimawandel tats\u00e4chlich eine nationale Sicherheitsbedrohung ist, nicht nur wegen der Sch\u00e4den, die unseren eigenen Einrichtungen zugef\u00fcgt werden k\u00f6nnen, sondern auch wegen der Instabilit\u00e4t und Unsicherheit, die er an anderen Orten auf der Welt verursachen wird, die zweifellos in Zukunft milit\u00e4rische Unterst\u00fctzung der USA erfordern werden&#8220;<a href=\"#_ftn7\" name=\"_ftnref7\"><sup>[7]<\/sup><\/a>.<br \/>\nAlso noch mehr Krieg und damit mehr Umweltzerst\u00f6rung durchs Milit\u00e4r.<\/p>\n<p><strong>Kriegsfolgen<\/strong><strong><br \/>\n<\/strong>Auch die Umweltfolgen nach den Kriegen, die Vergiftung, werden in der Klimafrage eher am Rande erw\u00e4hnt. Meistens bleibt das eine Frage f\u00fcr HistorikerInnen. &#8222;Alleine schon die chemischen Gifte, die nach dem zweiten Weltkrieg in Meeren lagern oder die Verstrahlung der durch atmosph\u00e4rische Atombombenversuche und durch Atomr\u00fcstung gesch\u00e4digten Regionen, die Todesf\u00e4lle, Fehlgeburten und k\u00f6rperlichen Sch\u00e4digungen an Menschen infolge des von der Nato im Balkan, am Golf und in Nordafrika massiv eingesetzten abgereicherten Urans, die als Umh\u00fcllung von panzer- und bunkerbrechenden Projektilen eingesetzt werden, sowie \u00e4hnlich katastrophale Folgen des Entlaubungskrieges der USA um den Mekong-Fluss zwischen Vietnam, Laos und Kambodscha w\u00e4hrend des Indochinakrieges der 1960er und 70er Jahre, dem mehrere Millionen Vietnamesen und der Urwald mit seiner Belaubung zum Opfer fielen&#8220;, Bernhard Trauvetter f\u00fchrt uns die Schrecknisse vor Augen, die viele nicht kennen, weil sie zu jung sind, andere haben sie vergessen. &#8222;Dramatische Beispiele kriegsbedingter \u00f6kologischer Sch\u00e4den sind die Golfkriege.T\u00e4glich verbrannten zwischen 300.000 und 700.000 Tonnen \u00d6l \u2013 das entspricht einem Anteil von 3,5 bis 8,1 Prozent des damaligen weltweiten \u00d6lverbrauchs pro Tag.\u201d<\/p>\n<h3>Lockdown f\u00fcrs Milit\u00e4r<br \/>\nDer Moloch Milit\u00e4r raubt Milliarden, die f\u00fcr Umweltschutz, Wohnen, Gesundheit, Bildung, Renten, f\u00fcr eine menschengerechte Stadtentwicklung notwendig w\u00e4ren. Die weltweiten Milit\u00e4rausgaben liegen bei 1,981 Billionen US-Dollar. In Deutschland sollen sie nach Nato-Planungen auf 80 Mrd. Euro steigen. 2019 stieg der Milit\u00e4rhaushalt von circa 38,5 Milliarden Euro auf 43,2 Milliarden Der Haushalt f\u00fcr Umwelt, Naturschutz und sogenannte nukleare Sicherheit stieg von knapp 2 Milliarden Euro auf knapp 2,3 Milliarden Euro. &#8222;Die Staaten der Welt geben sechs Mal so viel f\u00fcr Milit\u00e4r aus wie f\u00fcr Klimaschutz&#8220;<a href=\"#_ftn8\" name=\"_ftnref8\"><sup>[8]<\/sup><\/a>.<\/h3>\n<h3>Es ist offensichtlich, nur mit drastischer Abr\u00fcstung sind globale Nachhaltigkeit, Klima- und Ressourcenschutz m\u00f6glich. So wie es das Friedensmanifest von Greenpeace schon lange fordert<a href=\"#_ftn9\" name=\"_ftnref9\"><sup>[9]<\/sup><\/a><\/h3>\n<p>Anne Rieger<\/p>\n<p><a href=\"#_ftnref1\" name=\"_ftn1\"><sup>[1]<\/sup><\/a> https:\/\/www.derstandard.at\/story\/2000129651053\/deutsche-fregatte-bayern-ein-schiff-auf-umstrittener-mission<\/p>\n<p><a href=\"#_ftnref2\" name=\"_ftn2\"><sup>[2]<\/sup><\/a> <a href=\"https:\/\/de.wikipedia.org\/wiki\/Kernwaffentest\">https:\/\/de.wikipedia.org\/wiki\/Kernwaffentest<\/a><\/p>\n<p><a href=\"#_ftnref3\" name=\"_ftn3\"><sup>[3]<\/sup><\/a> https:\/\/www.isw-muenchen.de\/wp-content\/uploads\/2021\/06\/factsheet-ruestung-k.pdf<\/p>\n<p><a href=\"#_ftnref4\" name=\"_ftn4\"><sup>[4]<\/sup><\/a> https:\/\/watson.brown.edu\/costsofwar\/files\/cow\/imce\/papers\/2019\/Summary_Pentagon%20Fuel%20Use%2C%20Climate%20Change%2C%20and%20the%20Costs%20of%20War%20%281%29.pdf<\/p>\n<p><a href=\"#_ftnref5\" name=\"_ftn5\"><sup>[5]<\/sup><\/a> <a href=\"https:\/\/umwelt-militaer.org\/das-pentagon-und-der-klimawandel-ii\/\">https:\/\/umwelt-militaer.org\/das-pentagon-und-der-klimawandel-ii\/<\/a><\/p>\n<p><a href=\"#_ftnref6\" name=\"_ftn6\"><sup>[6]<\/sup><\/a> https:\/\/watson.brown.edu\/costsofwar\/<\/p>\n<p><a href=\"#_ftnref7\" name=\"_ftn7\"><sup>[7]<\/sup><\/a> https:\/\/umwelt-militaer.org\/das-pentagon-und-der-klimawandel-ii\/<\/p>\n<p><a href=\"#_ftnref8\" name=\"_ftn8\"><sup>[8]<\/sup><\/a>https:\/\/at.scientists4future.org\/2021\/11\/09\/die-staaten-der-welt-geben-sechs-mal-so-viel-fur-militar-aus-wie-fur-klimaschutz\/<\/p>\n<p><a href=\"#_ftnref9\" name=\"_ftn9\"><sup>[9]<\/sup><\/a> https:\/\/act.greenpeace.de\/friedensmanifest?_ga=2.257079624.2111895565.1636961764-835500035.1636961764<\/p>\n<p>&nbsp;<\/p>\n","protected":false},"excerpt":{"rendered":"<p>Vortrag von Anne Rieger am 9.5.2022 &nbsp; &nbsp; &nbsp; &nbsp;<\/p>\n","protected":false},"author":2,"featured_media":0,"comment_status":"open","ping_status":"open","sticky":false,"template":"","format":"standard","meta":{"footnotes":""},"categories":[1],"tags":[],"class_list":["post-6779","post","type-post","status-publish","format-standard","hentry","category-allgemein"],"_links":{"self":[{"href":"https:\/\/www.friedensplattform.at\/index.php?rest_route=\/wp\/v2\/posts\/6779","targetHints":{"allow":["GET"]}}],"collection":[{"href":"https:\/\/www.friedensplattform.at\/index.php?rest_route=\/wp\/v2\/posts"}],"about":[{"href":"https:\/\/www.friedensplattform.at\/index.php?rest_route=\/wp\/v2\/types\/post"}],"author":[{"embeddable":true,"href":"https:\/\/www.friedensplattform.at\/index.php?rest_route=\/wp\/v2\/users\/2"}],"replies":[{"embeddable":true,"href":"https:\/\/www.friedensplattform.at\/index.php?rest_route=%2Fwp%2Fv2%2Fcomments&post=6779"}],"version-history":[{"count":9,"href":"https:\/\/www.friedensplattform.at\/index.php?rest_route=\/wp\/v2\/posts\/6779\/revisions"}],"predecessor-version":[{"id":6817,"href":"https:\/\/www.friedensplattform.at\/index.php?rest_route=\/wp\/v2\/posts\/6779\/revisions\/6817"}],"wp:attachment":[{"href":"https:\/\/www.friedensplattform.at\/index.php?rest_route=%2Fwp%2Fv2%2Fmedia&parent=6779"}],"wp:term":[{"taxonomy":"category","embeddable":true,"href":"https:\/\/www.friedensplattform.at\/index.php?rest_route=%2Fwp%2Fv2%2Fcategories&post=6779"},{"taxonomy":"post_tag","embeddable":true,"href":"https:\/\/www.friedensplattform.at\/index.php?rest_route=%2Fwp%2Fv2%2Ftags&post=6779"}],"curies":[{"name":"wp","href":"https:\/\/api.w.org\/{rel}","templated":true}]}}