{"id":681,"date":"2009-01-22T01:00:51","date_gmt":"2009-01-21T23:00:51","guid":{"rendered":"http:\/\/www.luxorbis.org\/friedensplattform.at\/?p=681"},"modified":"2009-01-22T01:00:51","modified_gmt":"2009-01-21T23:00:51","slug":"fotos-vom-friedensratschlag-am-21012009-in-graz","status":"publish","type":"post","link":"https:\/\/www.friedensplattform.at\/?p=681","title":{"rendered":"Fotos vom Friedensratschlag am 21.01.2009 in Graz"},"content":{"rendered":"<p><a href=\"http:\/\/www.luxorbis.org\/friedensplattform.at\/wp-content\/uploads\/pixlie\/pixlie.php?action=showgallery&amp;pfad=090121_Diskussion_Rathaus\"><img loading=\"lazy\" decoding=\"async\" class=\"alignnone size-full wp-image-680\" title=\"Friedensratschlag Graz\" src=\"http:\/\/www.luxorbis.org\/friedensplattform.at\/wp-content\/uploads\/2009\/01\/dsc06985.jpg\" alt=\"Friedensratschlag Graz\" width=\"480\" height=\"360\" \/><\/a><\/p>\n<p><a title=\"Bildergalerie\" href=\"http:\/\/www.luxorbis.org\/friedensplattform.at\/wp-content\/uploads\/pixlie\/pixlie.php?action=showgallery&amp;pfad=090121_Diskussion_Rathaus\" target=\"_blank\">Weiter zur Fotostrecke<\/a><\/p>\n<p>Reaktion auf die Diskussion im Rathaus 21.1.2009<\/p>\n<p><!--more--><\/p>\n<p>Thema:         Friedensratschlag:  Gaza  Israel<\/p>\n<p>Mit VertreterInnen der Parteiklubvorsitzenden im Grazer Gemeinderat bzw. Steirischen Landtag.<\/p>\n<p>Die f\u00fcnf Parteien waren vertreten mit:<\/p>\n<p>VP         Peter Piffl Percevic<\/p>\n<p>SP         Karl-Heinz Herper<\/p>\n<p>Gr\u00fcne:   Sigrid Binder<\/p>\n<p>KP        Werner Murgg<\/p>\n<p>FP         Armin Sippel<\/p>\n<p>Ein erster Schritt, dass die PolitikerInnen ihr Schweigen brechen ist getan.<\/p>\n<p>Zum vorgelegten Forderungskatalog (Anhang 3) gab es nicht nur keine Einw\u00e4nde, sondern unterst\u00fctzende Worte vom Podium aus. z.B. &#8222;Sigrid Binder:&#8220; warum sollte ein Wirtschaftsboykott wie er zu S\u00fcdafrika m\u00f6glich war zu Israel nicht m\u00f6glich sein&#8220;&#8230;&#8220; um endlich auf Israel jenen Druck auszu\u00fcben der notwendig ist, damit es die UNO-Resolutionen anzuerkennen bereit ist.<\/p>\n<p>Es wurde sogar den ersten Punkt betreffend eingefordert, die Detailvorschl\u00e4ge, die von Helga Suleiman  kamen (Anhang 2)  in n\u00e4chster Zeit in den einzelnen Parteien auf Realisierung hin zu \u00fcberpr\u00fcfen. Es sprachen sich auch alle f\u00fcr die Zweistaatenl\u00f6sung aus.<\/p>\n<p>Allseits eingefordert wurde ebenso, dass aufgrund des asymmetrischen Konfliktes eine klare Parteilichkeit auf Seiten der Unterdr\u00fcckten notwendig ist, ohne dass z.B. auf die Auswirkungen der Hamas-Raketen auf Israel vergessen wird.<\/p>\n<p>\u201eKarl-Heinz Herper wollte, dass die Sozialdemokratie an die ehemalige Kreisky-sche Au\u00dfenpolitik anschlie\u00dft und die Hamas anerkennt, wie damals Kreisky die PLO mit Arafat anerkannt hatte.<\/p>\n<p>Auch diese Arte des Friedensratschlages sollte zu einer festen Einrichtung in Graz werden.<\/p>\n<p>Johann Sch\u00f6gler<\/p>\n<p><a href=\"http:\/\/www.luxorbis.org\/friedensplattform.at\/wp-content\/uploads\/2009\/01\/diskussion-rathaus.pdf\">Forderungskatalog<\/a><\/p>\n<p><a href=\"http:\/\/www.luxorbis.org\/friedensplattform.at\/wp-content\/uploads\/2009\/01\/konkrete-umsetzungsschritte.pdf\">Konkrete Umsetzungschritte<\/a><\/p>\n","protected":false},"excerpt":{"rendered":"<p>Weiter zur Fotostrecke Reaktion auf die Diskussion im Rathaus 21.1.2009<\/p>\n","protected":false},"author":1,"featured_media":0,"comment_status":"open","ping_status":"open","sticky":false,"template":"","format":"standard","meta":{"footnotes":""},"categories":[5],"tags":[],"class_list":["post-681","post","type-post","status-publish","format-standard","hentry","category-arabischer-raum"],"_links":{"self":[{"href":"https:\/\/www.friedensplattform.at\/index.php?rest_route=\/wp\/v2\/posts\/681","targetHints":{"allow":["GET"]}}],"collection":[{"href":"https:\/\/www.friedensplattform.at\/index.php?rest_route=\/wp\/v2\/posts"}],"about":[{"href":"https:\/\/www.friedensplattform.at\/index.php?rest_route=\/wp\/v2\/types\/post"}],"author":[{"embeddable":true,"href":"https:\/\/www.friedensplattform.at\/index.php?rest_route=\/wp\/v2\/users\/1"}],"replies":[{"embeddable":true,"href":"https:\/\/www.friedensplattform.at\/index.php?rest_route=%2Fwp%2Fv2%2Fcomments&post=681"}],"version-history":[{"count":0,"href":"https:\/\/www.friedensplattform.at\/index.php?rest_route=\/wp\/v2\/posts\/681\/revisions"}],"wp:attachment":[{"href":"https:\/\/www.friedensplattform.at\/index.php?rest_route=%2Fwp%2Fv2%2Fmedia&parent=681"}],"wp:term":[{"taxonomy":"category","embeddable":true,"href":"https:\/\/www.friedensplattform.at\/index.php?rest_route=%2Fwp%2Fv2%2Fcategories&post=681"},{"taxonomy":"post_tag","embeddable":true,"href":"https:\/\/www.friedensplattform.at\/index.php?rest_route=%2Fwp%2Fv2%2Ftags&post=681"}],"curies":[{"name":"wp","href":"https:\/\/api.w.org\/{rel}","templated":true}]}}