{"id":6841,"date":"2022-08-31T18:50:54","date_gmt":"2022-08-31T18:50:54","guid":{"rendered":"http:\/\/www.friedensplattform.at\/?p=6841"},"modified":"2022-08-31T18:50:54","modified_gmt":"2022-08-31T18:50:54","slug":"friedenspolitischer-filmabend","status":"publish","type":"post","link":"https:\/\/www.friedensplattform.at\/?p=6841","title":{"rendered":"Friedenspolitischer Filmabend"},"content":{"rendered":"<p>FILMPR\u00c4SENTATION<\/p>\n<p>am Mittwoch, 31. 8. 2022 um 19 Uhr<br \/>\nim Spektral, Lendkai 45, 8020 Graz<\/p>\n<p>Dokumentarfilm mit anschlie\u00dfender Diskussion mit Nibaldo Vargas, Sozialarbeiter und Exil-Chilene<\/p>\n<p><!--more--><\/p>\n<p>Filminhalt<br \/>\n2014 beschloss die Familie Collio Vald\u00e9s vom Volk der Mapuche von Santiago de Chile in den S\u00fcden nach Wallmapu zu ziehen, dorthin, wo ihre Wurzeln sind und ihre Ahnen gelebt haben, im heutigen Tranguil, die Region der Fl\u00fcsse. Ihre tiefe Verbundenheit und Verwurzelung mit der Natur pr\u00e4gt das Leben und Denken dieser Menschen. Der aufstrebende chilenische Staat annektierte im 19.Jhdt diese Region, die die Heimat der Mapuche war. Die Verarmung war eines der Ergebnisse dieser erzwungenen Annexion und die Ursache der Auswanderung vieler in die Hauptstadt, wo die Mapuche als Indios missachtet und Diskriminierungen ausgesetzt waren.<br \/>\nDie Umsetzung eines Energie-Projekts mit \u00f6sterreichischem Kapital erreichte das Tranguil-Gebiet und beeintr\u00e4chtigt seither die traditionelle Lebensweise der Mapuche Gemeinde, die eine Reihe von Widerstandsaktivit\u00e4ten startete, weil sie das Vorgehen der Projektbetreiber als flagrante Verletzung ihrer Menschenrechte betrachten. Das internationale \u00dcbereinkommen 169 der ILO der Vereinten Nationen r\u00e4umt den Mapuche Mitspracherechte bei umweltbelastenden Projekten bis zu deren Ablehnung ein. Die Mitglieder der Mapuche-Community bitten den Umweltingenieur Ruben Collio um Hilfe gegen das Wasserkraftwerk am Tranquil-Fluss und dessen Auswirkungen auf das Mapuche Gebiet. Mit gro\u00dfem Einsatz gelingt es, die finanziellen Mittel f\u00fcr die notwendigen Gutachten aufzubringen. Der menschliche Preis daf\u00fcr ist hoch: Die Familie Collio wird bedroht und Macarena Valdes, Umweltaktivistin und Ehefrau von Ruben Collio und Mutter von vier Kindern, ermordet.<br \/>\nDieser Dokumentarfilm von Carlos Morales l\u00e4sst einige dieser Ereignisse noch einmal Revue passieren und erz\u00e4hlt vom Kampf der Mapuche gegen Umweltzerst\u00f6rung. Die Produktion des Filmes wurde von der Gr\u00fcnen Akademie Steiermark und dem Afroasiatischen Institut gef\u00f6rdert.<br \/>\nEine Veranstaltung der Steirischen Friedenplattform im Rahmen der FRIEDENSPOLITISCHEN FILME. Der Widerstand der Mapuche gegen umweltsch\u00e4dliche Megaprojekte l\u00e4sst sich einordnen in die weltweiten K\u00e4mpfe gegen den imperialen Kapitalismus, welcher in seinem gierigen Streben nach immer mehr Profiten Unterdr\u00fcckung, Armut und Krieg f\u00fcr die Menschen im globalen S\u00fcden, Entfremdung im imperialen Westen und Zerst\u00f6rung unseres Planeten bringt.<\/p>\n","protected":false},"excerpt":{"rendered":"<p>FILMPR\u00c4SENTATION am Mittwoch, 31. 8. 2022 um 19 Uhr im Spektral, Lendkai 45, 8020 Graz Dokumentarfilm mit anschlie\u00dfender Diskussion mit Nibaldo Vargas, Sozialarbeiter und Exil-Chilene<\/p>\n","protected":false},"author":3,"featured_media":0,"comment_status":"open","ping_status":"open","sticky":false,"template":"","format":"standard","meta":{"footnotes":""},"categories":[1],"tags":[],"class_list":["post-6841","post","type-post","status-publish","format-standard","hentry","category-allgemein"],"_links":{"self":[{"href":"https:\/\/www.friedensplattform.at\/index.php?rest_route=\/wp\/v2\/posts\/6841","targetHints":{"allow":["GET"]}}],"collection":[{"href":"https:\/\/www.friedensplattform.at\/index.php?rest_route=\/wp\/v2\/posts"}],"about":[{"href":"https:\/\/www.friedensplattform.at\/index.php?rest_route=\/wp\/v2\/types\/post"}],"author":[{"embeddable":true,"href":"https:\/\/www.friedensplattform.at\/index.php?rest_route=\/wp\/v2\/users\/3"}],"replies":[{"embeddable":true,"href":"https:\/\/www.friedensplattform.at\/index.php?rest_route=%2Fwp%2Fv2%2Fcomments&post=6841"}],"version-history":[{"count":1,"href":"https:\/\/www.friedensplattform.at\/index.php?rest_route=\/wp\/v2\/posts\/6841\/revisions"}],"predecessor-version":[{"id":6843,"href":"https:\/\/www.friedensplattform.at\/index.php?rest_route=\/wp\/v2\/posts\/6841\/revisions\/6843"}],"wp:attachment":[{"href":"https:\/\/www.friedensplattform.at\/index.php?rest_route=%2Fwp%2Fv2%2Fmedia&parent=6841"}],"wp:term":[{"taxonomy":"category","embeddable":true,"href":"https:\/\/www.friedensplattform.at\/index.php?rest_route=%2Fwp%2Fv2%2Fcategories&post=6841"},{"taxonomy":"post_tag","embeddable":true,"href":"https:\/\/www.friedensplattform.at\/index.php?rest_route=%2Fwp%2Fv2%2Ftags&post=6841"}],"curies":[{"name":"wp","href":"https:\/\/api.w.org\/{rel}","templated":true}]}}