{"id":6881,"date":"2022-10-25T17:27:39","date_gmt":"2022-10-25T17:27:39","guid":{"rendered":"http:\/\/www.friedensplattform.at\/?p=6881"},"modified":"2022-11-07T21:20:07","modified_gmt":"2022-11-07T21:20:07","slug":"hintergruende-und-perspektiven-des-ukraine-krieges","status":"publish","type":"post","link":"https:\/\/www.friedensplattform.at\/?p=6881","title":{"rendered":"Hintergr\u00fcnde und Perspektiven des Ukraine-Krieges"},"content":{"rendered":"<p><a href=\"http:\/\/www.friedensplattform.at\/wp-content\/uploads\/2022\/10\/Ukrainekrieg-Einladung-2.jpg\"><img loading=\"lazy\" decoding=\"async\" class=\"alignleft wp-image-6887\" src=\"http:\/\/www.friedensplattform.at\/wp-content\/uploads\/2022\/10\/Ukrainekrieg-Einladung-2-300x168.jpg\" alt=\"\" width=\"485\" height=\"272\" srcset=\"https:\/\/www.friedensplattform.at\/wp-content\/uploads\/2022\/10\/Ukrainekrieg-Einladung-2-300x168.jpg 300w, https:\/\/www.friedensplattform.at\/wp-content\/uploads\/2022\/10\/Ukrainekrieg-Einladung-2.jpg 643w\" sizes=\"auto, (max-width: 485px) 100vw, 485px\" \/><\/a><\/p>\n<p>&nbsp;<\/p>\n<p>&nbsp;<\/p>\n<h3><\/h3>\n<h3>Vortrag von Anne Rieger mit anschlie\u00dfender Diskussion<\/h3>\n<h4>F\u00fcr den Frieden. Gegen einen neuen R\u00fcstungswettlauf. Die Waffen m\u00fcssen endlich schweigen!<\/h4>\n<h4>Zeit: 7.11.22 18 Uhr<\/h4>\n<h4>Ort: Bildungsverein KP\u00d6, Lagergasse 98a, 8020 Graz<\/h4>\n<p><a href=\"http:\/\/www.friedensplattform.at\/wp-content\/uploads\/2022\/10\/7.11.-EINLADUNG-neu.pdf\">7.11. EINLADUNG neu<\/a><\/p>\n<p>Fotoquelle: zeit.de<\/p>\n","protected":false},"excerpt":{"rendered":"<p>&nbsp; &nbsp; Vortrag von Anne Rieger mit anschlie\u00dfender Diskussion F\u00fcr den Frieden. Gegen einen neuen R\u00fcstungswettlauf. Die Waffen m\u00fcssen endlich schweigen! Zeit: 7.11.22 18 Uhr Ort: Bildungsverein KP\u00d6, Lagergasse 98a, 8020 Graz 7.11. EINLADUNG neu Fotoquelle: zeit.de<\/p>\n","protected":false},"author":2,"featured_media":0,"comment_status":"open","ping_status":"open","sticky":false,"template":"","format":"standard","meta":{"footnotes":""},"categories":[1],"tags":[],"class_list":["post-6881","post","type-post","status-publish","format-standard","hentry","category-allgemein"],"_links":{"self":[{"href":"https:\/\/www.friedensplattform.at\/index.php?rest_route=\/wp\/v2\/posts\/6881","targetHints":{"allow":["GET"]}}],"collection":[{"href":"https:\/\/www.friedensplattform.at\/index.php?rest_route=\/wp\/v2\/posts"}],"about":[{"href":"https:\/\/www.friedensplattform.at\/index.php?rest_route=\/wp\/v2\/types\/post"}],"author":[{"embeddable":true,"href":"https:\/\/www.friedensplattform.at\/index.php?rest_route=\/wp\/v2\/users\/2"}],"replies":[{"embeddable":true,"href":"https:\/\/www.friedensplattform.at\/index.php?rest_route=%2Fwp%2Fv2%2Fcomments&post=6881"}],"version-history":[{"count":7,"href":"https:\/\/www.friedensplattform.at\/index.php?rest_route=\/wp\/v2\/posts\/6881\/revisions"}],"predecessor-version":[{"id":6945,"href":"https:\/\/www.friedensplattform.at\/index.php?rest_route=\/wp\/v2\/posts\/6881\/revisions\/6945"}],"wp:attachment":[{"href":"https:\/\/www.friedensplattform.at\/index.php?rest_route=%2Fwp%2Fv2%2Fmedia&parent=6881"}],"wp:term":[{"taxonomy":"category","embeddable":true,"href":"https:\/\/www.friedensplattform.at\/index.php?rest_route=%2Fwp%2Fv2%2Fcategories&post=6881"},{"taxonomy":"post_tag","embeddable":true,"href":"https:\/\/www.friedensplattform.at\/index.php?rest_route=%2Fwp%2Fv2%2Ftags&post=6881"}],"curies":[{"name":"wp","href":"https:\/\/api.w.org\/{rel}","templated":true}]}}