{"id":69,"date":"2006-12-17T19:48:32","date_gmt":"2006-12-17T17:48:32","guid":{"rendered":"http:\/\/www.luxorbis.org\/friedensplattform.at\/?p=69"},"modified":"2006-12-17T19:48:32","modified_gmt":"2006-12-17T17:48:32","slug":"protokoll-asf-vorbereitungstreffen","status":"publish","type":"post","link":"https:\/\/www.friedensplattform.at\/?p=69","title":{"rendered":"Protokoll ASF-Vorbereitungstreffen"},"content":{"rendered":"<p>Hier k\u00f6nnt ihr das Protokoll vom letzten ASF Vorbereitungstreffen, welches am 18. November in Wien stattgefunden hat, herunterladen:<\/p>\n<p><a href=\"http:\/\/www.luxorbis.org\/friedensplattform.at\/wp-content\/uploads\/2007\/08\/prot_asf_vorbereitung_061118.pdf\" title=\"Protokoll_ASF_Vorbereitung_061118\">Protokoll_ASF_Vorbereitung_061118<\/a><\/p>\n<p>Um die Datei lesen zu k\u00f6nnen ben\u00f6tigt ihr einen Acrobat Reader. Diesen k\u00f6nnt ihr gratis herunterladen bei:<\/p>\n<p><a href=\"http:\/\/www.adobe.com\/de\/products\/acrobat\/readstep2_servefile.html?option=full&amp;order=1&amp;type=&amp;language=German&amp;platform=WinXPSP2&amp;esdcanbeused=1&amp;esdcanhandle=0&amp;hasjavascript=1&amp;getpase=1\" title=\"Acrobat Reader\" target=\"_blank\">Adobe <\/a><\/p>\n","protected":false},"excerpt":{"rendered":"<p>Hier k\u00f6nnt ihr das Protokoll vom letzten ASF Vorbereitungstreffen, welches am 18. November in Wien stattgefunden hat, herunterladen: Protokoll_ASF_Vorbereitung_061118 Um die Datei lesen zu k\u00f6nnen ben\u00f6tigt ihr einen Acrobat Reader. Diesen k\u00f6nnt ihr gratis herunterladen bei: Adobe<\/p>\n","protected":false},"author":1,"featured_media":0,"comment_status":"open","ping_status":"open","sticky":false,"template":"","format":"standard","meta":{"footnotes":""},"categories":[7],"tags":[],"class_list":["post-69","post","type-post","status-publish","format-standard","hentry","category-asf-bewegung"],"_links":{"self":[{"href":"https:\/\/www.friedensplattform.at\/index.php?rest_route=\/wp\/v2\/posts\/69","targetHints":{"allow":["GET"]}}],"collection":[{"href":"https:\/\/www.friedensplattform.at\/index.php?rest_route=\/wp\/v2\/posts"}],"about":[{"href":"https:\/\/www.friedensplattform.at\/index.php?rest_route=\/wp\/v2\/types\/post"}],"author":[{"embeddable":true,"href":"https:\/\/www.friedensplattform.at\/index.php?rest_route=\/wp\/v2\/users\/1"}],"replies":[{"embeddable":true,"href":"https:\/\/www.friedensplattform.at\/index.php?rest_route=%2Fwp%2Fv2%2Fcomments&post=69"}],"version-history":[{"count":0,"href":"https:\/\/www.friedensplattform.at\/index.php?rest_route=\/wp\/v2\/posts\/69\/revisions"}],"wp:attachment":[{"href":"https:\/\/www.friedensplattform.at\/index.php?rest_route=%2Fwp%2Fv2%2Fmedia&parent=69"}],"wp:term":[{"taxonomy":"category","embeddable":true,"href":"https:\/\/www.friedensplattform.at\/index.php?rest_route=%2Fwp%2Fv2%2Fcategories&post=69"},{"taxonomy":"post_tag","embeddable":true,"href":"https:\/\/www.friedensplattform.at\/index.php?rest_route=%2Fwp%2Fv2%2Ftags&post=69"}],"curies":[{"name":"wp","href":"https:\/\/api.w.org\/{rel}","templated":true}]}}