{"id":6909,"date":"2022-10-26T17:53:52","date_gmt":"2022-10-26T17:53:52","guid":{"rendered":"http:\/\/www.friedensplattform.at\/?p=6909"},"modified":"2022-11-02T19:37:53","modified_gmt":"2022-11-02T19:37:53","slug":"einladung-film-landraub-28-10-20221800spektralgraz","status":"publish","type":"post","link":"https:\/\/www.friedensplattform.at\/?p=6909","title":{"rendered":"Einladung Film Landraub 28.10.2022\/18:00\/Spektral\/Graz"},"content":{"rendered":"<p><a href=\"http:\/\/www.friedensplattform.at\/wp-content\/uploads\/2022\/10\/Land-Grabbing-Kambodscha-Fluechtlinge7.png\"><img loading=\"lazy\" decoding=\"async\" class=\"alignleft wp-image-6921\" src=\"http:\/\/www.friedensplattform.at\/wp-content\/uploads\/2022\/10\/Land-Grabbing-Kambodscha-Fluechtlinge7-300x169.png\" alt=\"\" width=\"400\" height=\"225\" srcset=\"https:\/\/www.friedensplattform.at\/wp-content\/uploads\/2022\/10\/Land-Grabbing-Kambodscha-Fluechtlinge7-300x169.png 300w, https:\/\/www.friedensplattform.at\/wp-content\/uploads\/2022\/10\/Land-Grabbing-Kambodscha-Fluechtlinge7-768x432.png 768w, https:\/\/www.friedensplattform.at\/wp-content\/uploads\/2022\/10\/Land-Grabbing-Kambodscha-Fluechtlinge7-1024x576.png 1024w, https:\/\/www.friedensplattform.at\/wp-content\/uploads\/2022\/10\/Land-Grabbing-Kambodscha-Fluechtlinge7.png 1920w\" sizes=\"auto, (max-width: 400px) 100vw, 400px\" \/><\/a><\/p>\n<p>&nbsp;<\/p>\n<p>&nbsp;<\/p>\n<p>&nbsp;<\/p>\n<p>&nbsp;<\/p>\n<p>&nbsp;<\/p>\n<p><a href=\"http:\/\/www.friedensplattform.at\/wp-content\/uploads\/2022\/10\/Einladg_Film-Landraub_20221028.pdf\">Einladg_Film Landraub_20221028<\/a><\/p>\n<p><span class=\"x193iq5w xeuugli x13faqbe x1vvkbs x1xmvt09 x1lliihq x1s928wv xhkezso x1gmr53x x1cpjm7i x1fgarty x1943h6x xudqn12 x3x7a5m x6prxxf xvq8zen xo1l8bm xzsf02u\" dir=\"auto\">Im Rahmen unserer friedenspolitischen Filmreihe laden wir zur<br \/>\nPR\u00c4SENTATION DES FILMES<br \/>\nLANDRAUB (2015) VON KURT LANGBEIN<br \/>\nFreitag, 28. 10. 2022, 18:00<br \/>\nSpektral, Lendkai 45, 8020 Graz<br \/>\nmit anschlie\u00dfendem Filmgespr\u00e4ch<br \/>\nAckerland wird wertvoller und seltener. Jedes Jahr gehen etwa 12 Millionen<br \/>\nHektar Agrarfl\u00e4che durch Versiegelung verloren. <\/span><\/p>\n<p><!--more--><\/p>\n<p><span class=\"x193iq5w xeuugli x13faqbe x1vvkbs x1xmvt09 x1lliihq x1s928wv xhkezso x1gmr53x x1cpjm7i x1fgarty x1943h6x xudqn12 x3x7a5m x6prxxf xvq8zen xo1l8bm xzsf02u\" dir=\"auto\">Nach der Finanzkrise 2008 hat<br \/>\ndas globale Finanzkapital die \u00c4cker der Welt als Gesch\u00e4ftsfeld entdeckt. Mit dem<br \/>\nLandraub wollen die Reichsten der Welt sich Zugriff auf die wichtigste Ressource<br \/>\ndieser Welt sichern. Statt Bauern bestimmen Profitinteressen \u00fcber die B\u00f6den.<br \/>\nWenn wir den Raubzug nicht stoppen, werden unsere Lebensgrundlagen zerst\u00f6rt.<br \/>\nLANDRAUB portr\u00e4tiert die Investoren und ihre Opfer. Ihr Selbstbild k\u00f6nnte<br \/>\nunterschiedlicher nicht sein. Die einen sprechen von gesundem Wirtschaften, Si-<br \/>\ncherung der Nahrungsversorgung und Wohlstand f\u00fcr alle. Die anderen erz\u00e4hlen<br \/>\nvon Vertreibung, Versklavung und vom Verlust der wirtschaftlichen Grundlagen.<br \/>\nLANDRAUB erz\u00e4hlt in gro\u00dfen Bildern von den Folgen. Die B\u00f6den werden f\u00fcr<br \/>\nGPS-gesteuerte Maschinen im gro\u00dfen Stil eingeebnet, der Verbrauch an Wasser,<br \/>\nChemie und Energie ist in der Agrarindustrie enorm. F\u00fcr jede eingesetzte Energie-<br \/>\neinheit k\u00f6nnen bei der industriellen Landwirtschaft nur drei Energieeinheiten ge-<br \/>\nerntet werden, bei der kleinb\u00e4uerlichen sieben Mal mehr &#8211; 23 Energieeinheiten.<br \/>\nLANDRAUB zeigt die Dimensionen. Bis 2015, dem Jahr der Entstehung des Films,<br \/>\nwurde bereits eine Fl\u00e4che halb so gro\u00dfe wie Europa aufgekauft, die Bauern und in-<br \/>\ndigenen V\u00f6lker mussten weichen. Statt Nahrung f\u00fcr die Region anzupflanzen, wird<br \/>\nim gro\u00dfen Stil f\u00fcr die M\u00e4rkte der wohlhabenden L\u00e4nder produziert.<br \/>\nLANDRAUB erz\u00e4hlt, was das mit uns zu tun hat. Es sind Programme der EU,<br \/>\ndie zu Mega-Plantagen f\u00fcr die Biosprit-Erzeugung und zur Zuckerproduktion f\u00fch-<br \/>\nren. Und es sind Entwicklungshilfe-Gelder aus \u00d6sterreich, mit denen Super-Reiche<br \/>\nihre Investitionen absichern.<br \/>\nLANDRAUB w\u00fchlt auf, macht nachdenklich und animiert zum aktiven Tun.<br \/>\nDer Widerstand gegen \u201eLandgrabbing\u201c wird kr\u00e4ftiger und lauter.<br \/>\n(\u00fcbernommen von: <a class=\"x1i10hfl xjbqb8w x6umtig x1b1mbwd xaqea5y xav7gou x9f619 x1ypdohk xt0psk2 xe8uvvx xdj266r x11i5rnm xat24cr x1mh8g0r xexx8yu x4uap5 x18d9i69 xkhd6sd x16tdsg8 x1hl2dhg xggy1nq x1a2a7pz xt0b8zv x1fey0fg\" tabindex=\"0\" role=\"link\" href=\"https:\/\/l.facebook.com\/l.php?u=http%3A%2F%2Fwww.landraub.com%2FDer-Film%2F%3Ffbclid%3DIwAR24EN2Ha7QATHxCIWHc1EUURYdy8_cPm1LKaSMPpc3z094Yd0M7c8g_JEI&amp;h=AT25Ed4c6CNTWXpZl_RRemDEy85aD7Fq0tNnNwvQ96EQctI_P2SiGJ_g6tIdiT9E7SMg7ZwmoDNfiqIObAvHKWNhtDl_C8sXzK4mLEDreddvowviOVDZEDxWGKq1Db7SsA&amp;__tn__=q&amp;c[0]=AT3tlEFLUcvDDTmYRhTrrkMA1CylgDnepJ1n2FLD45VyzXqL6dW7CLdzwW26WWY1qY5lR6cvASaKu1THu1BNOkibU-PhjzKSmlfeocrGmetSUboMz8_KQ4Fy3aiUh36vGk_R7eO_wJzINtd2K-3gh3cON3StAPaejJqFSbxaHPJnR2q4BOFzhQ\" target=\"_blank\" rel=\"nofollow noopener\">http:\/\/www.landraub.com\/Der-Film\/<\/a>).<br \/>\nVeranstaltung der Steirischen Friedensplattform In Kooperation mit:<br \/>\nS\u00fcdwind, Weltladen, Pax Christi, Welthaus <\/span><\/p>\n","protected":false},"excerpt":{"rendered":"<p>&nbsp; &nbsp; &nbsp; &nbsp; &nbsp; Einladg_Film Landraub_20221028 Im Rahmen unserer friedenspolitischen Filmreihe laden wir zur PR\u00c4SENTATION DES FILMES LANDRAUB (2015) VON KURT LANGBEIN Freitag, 28. 10. 2022, 18:00 Spektral, Lendkai 45, 8020 Graz mit anschlie\u00dfendem Filmgespr\u00e4ch Ackerland wird wertvoller und seltener. Jedes Jahr gehen etwa 12 Millionen Hektar Agrarfl\u00e4che durch Versiegelung verloren.<\/p>\n","protected":false},"author":3,"featured_media":0,"comment_status":"open","ping_status":"open","sticky":false,"template":"","format":"standard","meta":{"footnotes":""},"categories":[1],"tags":[],"class_list":["post-6909","post","type-post","status-publish","format-standard","hentry","category-allgemein"],"_links":{"self":[{"href":"https:\/\/www.friedensplattform.at\/index.php?rest_route=\/wp\/v2\/posts\/6909","targetHints":{"allow":["GET"]}}],"collection":[{"href":"https:\/\/www.friedensplattform.at\/index.php?rest_route=\/wp\/v2\/posts"}],"about":[{"href":"https:\/\/www.friedensplattform.at\/index.php?rest_route=\/wp\/v2\/types\/post"}],"author":[{"embeddable":true,"href":"https:\/\/www.friedensplattform.at\/index.php?rest_route=\/wp\/v2\/users\/3"}],"replies":[{"embeddable":true,"href":"https:\/\/www.friedensplattform.at\/index.php?rest_route=%2Fwp%2Fv2%2Fcomments&post=6909"}],"version-history":[{"count":5,"href":"https:\/\/www.friedensplattform.at\/index.php?rest_route=\/wp\/v2\/posts\/6909\/revisions"}],"predecessor-version":[{"id":6919,"href":"https:\/\/www.friedensplattform.at\/index.php?rest_route=\/wp\/v2\/posts\/6909\/revisions\/6919"}],"wp:attachment":[{"href":"https:\/\/www.friedensplattform.at\/index.php?rest_route=%2Fwp%2Fv2%2Fmedia&parent=6909"}],"wp:term":[{"taxonomy":"category","embeddable":true,"href":"https:\/\/www.friedensplattform.at\/index.php?rest_route=%2Fwp%2Fv2%2Fcategories&post=6909"},{"taxonomy":"post_tag","embeddable":true,"href":"https:\/\/www.friedensplattform.at\/index.php?rest_route=%2Fwp%2Fv2%2Ftags&post=6909"}],"curies":[{"name":"wp","href":"https:\/\/api.w.org\/{rel}","templated":true}]}}