{"id":6915,"date":"2022-10-26T17:58:49","date_gmt":"2022-10-26T17:58:49","guid":{"rendered":"http:\/\/www.friedensplattform.at\/?p=6915"},"modified":"2022-10-26T17:58:49","modified_gmt":"2022-10-26T17:58:49","slug":"unterstuetzen-sie-die-europaeische-buergerinitiative-keinhandelmitsiedlungen-mit-ihrer-unterschrift","status":"publish","type":"post","link":"https:\/\/www.friedensplattform.at\/?p=6915","title":{"rendered":"Unterst\u00fctzen Sie die Europ\u00e4ische B\u00fcrgerinitiative #KeinHandelMitSiedlungen mit Ihrer Unterschrift!"},"content":{"rendered":"<p style=\"font-weight: 400;\">mit dieser E-Mail m\u00f6chten wir Sie auf die Europ\u00e4ische B\u00fcrgerinitiative #KeinHandelMitSiedlungen (<a href=\"https:\/\/stopsettlements.org\/german\/\">https:\/\/stopsettlements.org\/german\/<\/a>) aufmerksam machen, die Sie mit Ihrer Unterschrift unterst\u00fctzen k\u00f6nnen.<\/p>\n<p style=\"font-weight: 400;\"><!--more--><\/p>\n<p style=\"font-weight: 400;\">Die Europ\u00e4ische Union lehnt Annexionen ab und betrachtet illegale Siedlungen in besetzten Gebieten als ein Hindernis f\u00fcr internationalen Frieden und Stabilit\u00e4t. Obschon illegale Siedlungen ein Kriegsverbrechen darstellen, l\u00e4sst die EU den Handel mit ihnen zu. Dieser Handel erm\u00f6glicht es, von v\u00f6lkerrechtswidrigen Annexionen zu profitieren und tr\u00e4gt weltweit zur Ausweitung von illegalen Siedlungen bei.<\/p>\n<p style=\"font-weight: 400;\">\n<p style=\"font-weight: 400;\">Die Europ\u00e4ische B\u00fcrgerinitiative #KeinHandelMitSiedlungen fordert nun ein EU-Gesetz, das dem Handel mit illegalen Siedlungen ein f\u00fcr alle Mal ein Ende setzen soll. \u00dcber 100 namhafte europ\u00e4ische Menschenrechtsorganisationen und Gewerkschaften (eine Auflistung dieser k\u00f6nnen Sie hier einsehen: <a href=\"https:\/\/stopsettlements.org\/german\/uber-uns\/\">https:\/\/stopsettlements.org\/german\/uber-uns\/<\/a>) haben diese Gesetzesinitiative gestartet. Diese soll f\u00fcr alle besetzten Gebiete gelten, einschlie\u00dflich der besetzten pal\u00e4stinensischen Gebiete und Israels illegalen Siedlungen auf pal\u00e4stinensischem Gebiet.<\/p>\n<p style=\"font-weight: 400;\">\n<p style=\"font-weight: 400;\">Eine Europ\u00e4ische B\u00fcrgerinitiative ist ein offizielles demokratisches Instrument, das EU-B\u00fcrgerInnen erm\u00f6glicht, europ\u00e4ische Politik mitzugestalten, indem sie die Europ\u00e4ische Kommission auffordern, einen Rechtsakt vorzuschlagen. Wenn es der Europ\u00e4ischen B\u00fcrgerinitiative #KeinHandelMitSiedlungen gelingt, eine Million g\u00fcltige Unterschriften zu sammeln, ist die EU-Kommission rechtlich verpflichtet, ihren Forderungen nachzukommen.<\/p>\n<p style=\"font-weight: 400;\">\n<p style=\"font-weight: 400;\"><strong>Bitte beachten Sie:<\/strong><\/p>\n<p style=\"font-weight: 400;\">Folgende Voraussetzungen gelten f\u00fcr die Unterst\u00fctzung einer Europ\u00e4ischen B\u00fcrgerinitiative:<\/p>\n<ol>\n<li style=\"font-weight: 400;\">Sie m\u00fcssen EU-B\u00fcrger\/in sein (d.h. die Staatsangeh\u00f6rigkeit eines EU-Landes besitzen);<\/li>\n<li style=\"font-weight: 400;\">Sie m\u00fcssen alt genug sein, um an den Wahlen zum Europ\u00e4ischen Parlament teilzunehmen oder \u2013 in einigen L\u00e4ndern \u2013 das 16. Lebensjahr vollendet haben.<\/li>\n<\/ol>\n<p style=\"font-weight: 400;\">\n<p style=\"font-weight: 400;\">Um nachweisen zu k\u00f6nnen, dass Sie diese Voraussetzungen erf\u00fcllen, ist die Angabe eines Ausweisdokuments bei der Unterzeichnung verpflichtend.<\/p>\n<p style=\"font-weight: 400;\"><strong>\u00a0<\/strong><\/p>\n<p style=\"font-weight: 400;\"><strong>Bitte unterst\u00fctzen Sie die Europ\u00e4ische B\u00fcrgerinitiative jetzt mit Ihrer Unterschrift und leiten Sie die Information an Ihre Netzwerke, FreundInnen und Bekannten weiter: <a href=\"https:\/\/stopsettlements.org\/german\/\">https:\/\/stopsettlements.org\/german\/<\/a>\u00a0 <\/strong><\/p>\n<p style=\"font-weight: 400;\">\n<p style=\"font-weight: 400;\">Vielen herzlichen Dank und mit besten Gr\u00fc\u00dfen<\/p>\n<p style=\"font-weight: 400;\">\n<p style=\"font-weight: 400;\">Dr. Martha Tonsern<\/p>\n<p style=\"font-weight: 400;\">\n<p style=\"font-weight: 400;\"><em>B\u00fcro des Botschafters<\/em><\/p>\n<p style=\"font-weight: 400;\">Vertretung des Staates Pal\u00e4stina in \u00d6sterreich, Slowenien und Kroatien und st\u00e4ndige Beobachtermission des Staates Pal\u00e4stina bei der UN und den internationalen Organisationen in Wien<\/p>\n<p style=\"font-weight: 400;\">\n<p style=\"font-weight: 400;\"><em>Office of the Ambassador<\/em><\/p>\n<p style=\"font-weight: 400;\">Mission of the State of Palestine to Austria, Slovenia and Croatia and Permanent Observer Mission to UN and Int. Org. in Vienna<\/p>\n<p style=\"font-weight: 400;\">\n<p style=\"font-weight: 400;\"><strong>\u00a0<\/strong><\/p>\n<p style=\"font-weight: 400;\"><strong>Josefsgasse 5<\/strong><\/p>\n<p style=\"font-weight: 400;\"><strong>1080 Wien<\/strong><\/p>\n<p style=\"font-weight: 400;\"><strong>Austria<\/strong><\/p>\n<p style=\"font-weight: 400;\"><strong>\u00a0<\/strong><\/p>\n<p style=\"font-weight: 400;\"><strong>Tel.: +43 1 408 820 315<\/strong><\/p>\n<p style=\"font-weight: 400;\">\n<p style=\"font-weight: 400;\">Homepage: <a href=\"http:\/\/www.palestinemission.at\/\">www.palestinemission.at<\/a><\/p>\n<p style=\"font-weight: 400;\">Facebook: <a href=\"http:\/\/www.facebook.com\/palestinemissionvienna\">www.facebook.com\/palestinemissionvienna<\/a><\/p>\n<p style=\"font-weight: 400;\">Twitter: @PalMisAUT<\/p>\n<p style=\"font-weight: 400;\">\n","protected":false},"excerpt":{"rendered":"<p>mit dieser E-Mail m\u00f6chten wir Sie auf die Europ\u00e4ische B\u00fcrgerinitiative #KeinHandelMitSiedlungen (https:\/\/stopsettlements.org\/german\/) aufmerksam machen, die Sie mit Ihrer Unterschrift unterst\u00fctzen k\u00f6nnen.<\/p>\n","protected":false},"author":3,"featured_media":0,"comment_status":"open","ping_status":"open","sticky":false,"template":"","format":"standard","meta":{"footnotes":""},"categories":[18],"tags":[],"class_list":["post-6915","post","type-post","status-publish","format-standard","hentry","category-palaestina-solidaritaet"],"_links":{"self":[{"href":"https:\/\/www.friedensplattform.at\/index.php?rest_route=\/wp\/v2\/posts\/6915","targetHints":{"allow":["GET"]}}],"collection":[{"href":"https:\/\/www.friedensplattform.at\/index.php?rest_route=\/wp\/v2\/posts"}],"about":[{"href":"https:\/\/www.friedensplattform.at\/index.php?rest_route=\/wp\/v2\/types\/post"}],"author":[{"embeddable":true,"href":"https:\/\/www.friedensplattform.at\/index.php?rest_route=\/wp\/v2\/users\/3"}],"replies":[{"embeddable":true,"href":"https:\/\/www.friedensplattform.at\/index.php?rest_route=%2Fwp%2Fv2%2Fcomments&post=6915"}],"version-history":[{"count":1,"href":"https:\/\/www.friedensplattform.at\/index.php?rest_route=\/wp\/v2\/posts\/6915\/revisions"}],"predecessor-version":[{"id":6917,"href":"https:\/\/www.friedensplattform.at\/index.php?rest_route=\/wp\/v2\/posts\/6915\/revisions\/6917"}],"wp:attachment":[{"href":"https:\/\/www.friedensplattform.at\/index.php?rest_route=%2Fwp%2Fv2%2Fmedia&parent=6915"}],"wp:term":[{"taxonomy":"category","embeddable":true,"href":"https:\/\/www.friedensplattform.at\/index.php?rest_route=%2Fwp%2Fv2%2Fcategories&post=6915"},{"taxonomy":"post_tag","embeddable":true,"href":"https:\/\/www.friedensplattform.at\/index.php?rest_route=%2Fwp%2Fv2%2Ftags&post=6915"}],"curies":[{"name":"wp","href":"https:\/\/api.w.org\/{rel}","templated":true}]}}