{"id":6929,"date":"2022-10-27T06:20:30","date_gmt":"2022-10-27T06:20:30","guid":{"rendered":"http:\/\/www.friedensplattform.at\/?p=6929"},"modified":"2022-11-02T19:35:46","modified_gmt":"2022-11-02T19:35:46","slug":"aktion-zum-nationalfeiertag-in-graz","status":"publish","type":"post","link":"https:\/\/www.friedensplattform.at\/?p=6929","title":{"rendered":"Aktion zum Nationalfeiertag in Graz"},"content":{"rendered":"<figure id=\"attachment_6931\" aria-describedby=\"caption-attachment-6931\" style=\"width: 300px\" class=\"wp-caption alignleft\"><a href=\"http:\/\/www.friedensplattform.at\/wp-content\/uploads\/2022\/10\/SP_VP-zersageln-Neutralit\u00e4t.jpg\"><img loading=\"lazy\" decoding=\"async\" class=\"size-medium wp-image-6931\" src=\"http:\/\/www.friedensplattform.at\/wp-content\/uploads\/2022\/10\/SP_VP-zersageln-Neutralit\u00e4t-300x169.jpg\" alt=\"\" width=\"300\" height=\"169\" srcset=\"https:\/\/www.friedensplattform.at\/wp-content\/uploads\/2022\/10\/SP_VP-zersageln-Neutralit\u00e4t-300x169.jpg 300w, https:\/\/www.friedensplattform.at\/wp-content\/uploads\/2022\/10\/SP_VP-zersageln-Neutralit\u00e4t-768x432.jpg 768w, https:\/\/www.friedensplattform.at\/wp-content\/uploads\/2022\/10\/SP_VP-zersageln-Neutralit\u00e4t.jpg 800w\" sizes=\"auto, (max-width: 300px) 100vw, 300px\" \/><\/a><figcaption id=\"caption-attachment-6931\" class=\"wp-caption-text\">SP_VP zersageln Neutralit\u00e4t<\/figcaption><\/figure>\n<p>&nbsp;<\/p>\n<p>&nbsp;<\/p>\n<p>&nbsp;<\/p>\n<p>&nbsp;<\/p>\n<p><a href=\"https:\/\/www.youtube.com\/watch?v=5OirUkH3LDM\">Hier gehts zum Video <\/a><\/p>\n<p>&nbsp;<\/p>\n<p><a href=\"http:\/\/www.friedensplattform.at\/wp-content\/uploads\/2022\/10\/Chronologie-der-Neutralit\u00e4tsverletzungen.docx\">Chronologie der Neutralit\u00e4tsverletzungen<\/a><\/p>\n<p><b>Aktive Neutralit\u00e4tspolitik statt ihre weitere Demontage!<\/b><\/p>\n<p>Seit 25 Jahren &#8211; und vermehrt seit dem EU-Beitritt 1995 &#8211; wird \u00d6sterreichs verfassungsrechtlich festgelegte Neutralit\u00e4t ausgeh\u00f6hlt und unglaubw\u00fcrdig gemacht. Die Solidarwerkstatt \u00d6sterreich hat diese Chronologie fortgesetzter Neutralit\u00e4tsverletzungen recherchiert und in 53 Teilschritten aufgelistet, siehe <a class=\"moz-txt-link-freetext\" href=\"https:\/\/deref-gmx.net\/mail\/client\/D4yoNegGPJc\/dereferrer\/?redirectUrl=https%3A%2F%2Fwww.solidarwerkstatt.at%2Ffrieden-neutralitaet%2Fchronologie-fortgesetzter-neutralitaetsverletzungen\" target=\"_blank\" rel=\"noopener\">https:\/\/www.solidarwerkstatt.at\/frieden-neutralitaet\/chronologie-fortgesetzter-neutralitaetsverletzungen<\/a><\/p>\n<p><!--more--><\/p>\n<p>&nbsp;<\/p>\n<div class=\"moz-forward-container\">13 der wichtigsten dieser gesetzlichen und\/oder realpolitisch vollzogenen Schritte des Neutralit\u00e4tsabbaues hat die Steirische Friedensplattform am Nationalfeiertag am Hauptplatz Graz in einer sinnf\u00e4lligen Aktion nachgestellt und begleitend kommentiert. Im beiliegenden Foto sehen sie wie ein SP\u00d6-Bundeskanzler und seinen \u00d6VP-Vizekanzler gerade ein St\u00fcck unserer Neutralit\u00e4t amputieren. Tats\u00e4chlich waren an der einen oder anderen dieser &#8222;Operationen&#8220; alle in Regierungskoalitionen vertretenen Parteien bis herauf zur aktuellen schwarz-gr\u00fcnen Koalition beteiligt. Gerade im Krieg Russlands gegen die Ukraine zeigt sich \u00d6sterreichs Diplomatie als schwach.<\/div>\n<div class=\"moz-forward-container\">Zudem wurde in Ansprachen anstatt der unkritischen milit\u00e4rischen und diplomatischen Westbindung die R\u00fcckkehr zu einer souver\u00e4nen\u00a0 &#8222;aktiven Neutralit\u00e4tspolitik&#8220; gefordert. F\u00fcr zwei\u00a0 Parlamentarische B\u00fcrgerinitiativen, die dieses Ziel anstreben , wurden Unterschriften gesammelt. Die von der Solidarwerkstatt initiierte Unterschriftenliste kann heruntergeladen werden unter <a class=\"moz-txt-link-freetext\" href=\"https:\/\/deref-gmx.net\/mail\/client\/KNKVxfmx2K0\/dereferrer\/?redirectUrl=https%3A%2F%2Fwww.solidarwerkstatt.at%2Ffrieden-neutralitaet%2Fparlamentarische-buergerinitiative-die-waffen-nieder\" target=\"_blank\" rel=\"noopener\">https:\/\/www.solidarwerkstatt.at\/frieden-neutralitaet\/parlamentarische-buergerinitiative-die-waffen-nieder<\/a><\/div>\n<div class=\"moz-forward-container\"><\/div>\n<div class=\"moz-forward-container\">In dutzenden Gespr\u00e4chen mit Passanten zeigte sich, dass \u00d6sterreichs Neutralit\u00e4t in der Bev\u00f6lkerung breit verankert ist und ihre Infragestellung mehrheitlich zur\u00fcckgewiesen wird.<\/div>\n<pre class=\"moz-signature\">-- \r\n\r\n<\/pre>\n","protected":false},"excerpt":{"rendered":"<p>&nbsp; &nbsp; &nbsp; &nbsp; Hier gehts zum Video &nbsp; Chronologie der Neutralit\u00e4tsverletzungen Aktive Neutralit\u00e4tspolitik statt ihre weitere Demontage! Seit 25 Jahren &#8211; und vermehrt seit dem EU-Beitritt 1995 &#8211; wird \u00d6sterreichs verfassungsrechtlich festgelegte Neutralit\u00e4t ausgeh\u00f6hlt und unglaubw\u00fcrdig gemacht. Die Solidarwerkstatt \u00d6sterreich hat diese Chronologie fortgesetzter Neutralit\u00e4tsverletzungen recherchiert und in 53 Teilschritten aufgelistet, siehe https:\/\/www.solidarwerkstatt.at\/frieden-neutralitaet\/chronologie-fortgesetzter-neutralitaetsverletzungen<\/p>\n","protected":false},"author":2,"featured_media":0,"comment_status":"open","ping_status":"open","sticky":false,"template":"","format":"standard","meta":{"footnotes":""},"categories":[1],"tags":[],"class_list":["post-6929","post","type-post","status-publish","format-standard","hentry","category-allgemein"],"_links":{"self":[{"href":"https:\/\/www.friedensplattform.at\/index.php?rest_route=\/wp\/v2\/posts\/6929","targetHints":{"allow":["GET"]}}],"collection":[{"href":"https:\/\/www.friedensplattform.at\/index.php?rest_route=\/wp\/v2\/posts"}],"about":[{"href":"https:\/\/www.friedensplattform.at\/index.php?rest_route=\/wp\/v2\/types\/post"}],"author":[{"embeddable":true,"href":"https:\/\/www.friedensplattform.at\/index.php?rest_route=\/wp\/v2\/users\/2"}],"replies":[{"embeddable":true,"href":"https:\/\/www.friedensplattform.at\/index.php?rest_route=%2Fwp%2Fv2%2Fcomments&post=6929"}],"version-history":[{"count":4,"href":"https:\/\/www.friedensplattform.at\/index.php?rest_route=\/wp\/v2\/posts\/6929\/revisions"}],"predecessor-version":[{"id":6943,"href":"https:\/\/www.friedensplattform.at\/index.php?rest_route=\/wp\/v2\/posts\/6929\/revisions\/6943"}],"wp:attachment":[{"href":"https:\/\/www.friedensplattform.at\/index.php?rest_route=%2Fwp%2Fv2%2Fmedia&parent=6929"}],"wp:term":[{"taxonomy":"category","embeddable":true,"href":"https:\/\/www.friedensplattform.at\/index.php?rest_route=%2Fwp%2Fv2%2Fcategories&post=6929"},{"taxonomy":"post_tag","embeddable":true,"href":"https:\/\/www.friedensplattform.at\/index.php?rest_route=%2Fwp%2Fv2%2Ftags&post=6929"}],"curies":[{"name":"wp","href":"https:\/\/api.w.org\/{rel}","templated":true}]}}