{"id":6953,"date":"2022-11-05T08:20:05","date_gmt":"2022-11-05T08:20:05","guid":{"rendered":"http:\/\/www.friedensplattform.at\/?p=6953"},"modified":"2022-11-05T08:20:05","modified_gmt":"2022-11-05T08:20:05","slug":"human-rights-international-law-19-11-veranstaltung-in-wien","status":"publish","type":"post","link":"https:\/\/www.friedensplattform.at\/?p=6953","title":{"rendered":"HUMAN RIGHTS, INTERNATIONAL LAW 19.11. Veranstaltung in Wien"},"content":{"rendered":"<p><a href=\"http:\/\/www.friedensplattform.at\/wp-content\/uploads\/2022\/11\/IMG_3949.png\"><img loading=\"lazy\" decoding=\"async\" class=\"alignnone size-medium wp-image-6955\" src=\"http:\/\/www.friedensplattform.at\/wp-content\/uploads\/2022\/11\/IMG_3949-240x300.png\" alt=\"\" width=\"240\" height=\"300\" srcset=\"https:\/\/www.friedensplattform.at\/wp-content\/uploads\/2022\/11\/IMG_3949-240x300.png 240w, https:\/\/www.friedensplattform.at\/wp-content\/uploads\/2022\/11\/IMG_3949-768x960.png 768w, https:\/\/www.friedensplattform.at\/wp-content\/uploads\/2022\/11\/IMG_3949-819x1024.png 819w, https:\/\/www.friedensplattform.at\/wp-content\/uploads\/2022\/11\/IMG_3949.png 1080w\" sizes=\"auto, (max-width: 240px) 100vw, 240px\" \/><\/a><\/p>\n<p>&nbsp;<\/p>\n<p>Die Einschr\u00e4nkungen der Redefreiheit und die fehlende Universalit\u00e4t der Menschenrechtsziele, wenn es um das Eintreten f\u00fcr die pal\u00e4stinensische Sache geht, werden in Westeuropa &#8211; und insbesondere im deutschsprachigen Raum &#8211; immer deutlicher.<!--more--><\/p>\n<p>W\u00e4hrend On- und Offline-Zensur, regelm\u00e4\u00dfige Diffamierungskampagnen sowie juristische<br \/>\nEinsch\u00fcchterungsversuche ber\u00fcchtigte Mittel der staatlichen, institutionellen und individuellen Repression und Unterdr\u00fcckung sind, k\u00f6nnen sie auch als eine zunehmend verzweifelte Reaktion in einer Zeit verstanden werden, in der die dominanten Narrative des Zionismus und der wei\u00dfen Vorherrschaft zusammen mit westlichen Imperien br\u00f6ckeln.<\/p>\n<p>Die Komplizenschaft der EU an Israels Gr\u00e4ueltaten gegen das pal\u00e4stinensische Volk<br \/>\nVolk ist unbestreitbar, und die Ignoranz und Besch\u00f6nigung der groben<br \/>\nVerst\u00f6\u00dfe gegen das V\u00f6lkerrecht sind eine Tatsache. Dennoch hat die europ\u00e4ische Zivilgesellschaft<br \/>\nden Staat Israel aufgrund gemeinsamer kolonialer Interessen<br \/>\nRassismus und performativer Schuld freigesprochen, w\u00e4hrend sie gleichzeitig diejenigen ins Visier nimmt, die<br \/>\neinen prinzipienfesten Streit f\u00fcr Gerechtigkeit und Befreiung f\u00fchren.<\/p>\n<p>Gelten also Menschenrechte und internationales Recht f\u00fcr die antirassistische Zivilgesellschaft<br \/>\nZivilgesellschaft in Europa? Wir laden Sie ein, sich an der Diskussion mit dem<br \/>\nEuropean Legal Support Center (ELSC) und BDS Austria, moderiert von der<br \/>\nJournalistin Nicole Sch\u00f6ndorfer aus Wien, zu beteiligen.<\/p>\n<p>Wann: 19. November, 18:00<\/p>\n<p>Wo: Museumsquartier Barocke Suite A, Museumsplatz, 1070 Wien<\/p>\n","protected":false},"excerpt":{"rendered":"<p>&nbsp; Die Einschr\u00e4nkungen der Redefreiheit und die fehlende Universalit\u00e4t der Menschenrechtsziele, wenn es um das Eintreten f\u00fcr die pal\u00e4stinensische Sache geht, werden in Westeuropa &#8211; und insbesondere im deutschsprachigen Raum &#8211; immer deutlicher.<\/p>\n","protected":false},"author":3,"featured_media":0,"comment_status":"open","ping_status":"open","sticky":false,"template":"","format":"standard","meta":{"footnotes":""},"categories":[69,18],"tags":[],"class_list":["post-6953","post","type-post","status-publish","format-standard","hentry","category-bds-kampagne","category-palaestina-solidaritaet"],"_links":{"self":[{"href":"https:\/\/www.friedensplattform.at\/index.php?rest_route=\/wp\/v2\/posts\/6953","targetHints":{"allow":["GET"]}}],"collection":[{"href":"https:\/\/www.friedensplattform.at\/index.php?rest_route=\/wp\/v2\/posts"}],"about":[{"href":"https:\/\/www.friedensplattform.at\/index.php?rest_route=\/wp\/v2\/types\/post"}],"author":[{"embeddable":true,"href":"https:\/\/www.friedensplattform.at\/index.php?rest_route=\/wp\/v2\/users\/3"}],"replies":[{"embeddable":true,"href":"https:\/\/www.friedensplattform.at\/index.php?rest_route=%2Fwp%2Fv2%2Fcomments&post=6953"}],"version-history":[{"count":1,"href":"https:\/\/www.friedensplattform.at\/index.php?rest_route=\/wp\/v2\/posts\/6953\/revisions"}],"predecessor-version":[{"id":6957,"href":"https:\/\/www.friedensplattform.at\/index.php?rest_route=\/wp\/v2\/posts\/6953\/revisions\/6957"}],"wp:attachment":[{"href":"https:\/\/www.friedensplattform.at\/index.php?rest_route=%2Fwp%2Fv2%2Fmedia&parent=6953"}],"wp:term":[{"taxonomy":"category","embeddable":true,"href":"https:\/\/www.friedensplattform.at\/index.php?rest_route=%2Fwp%2Fv2%2Fcategories&post=6953"},{"taxonomy":"post_tag","embeddable":true,"href":"https:\/\/www.friedensplattform.at\/index.php?rest_route=%2Fwp%2Fv2%2Ftags&post=6953"}],"curies":[{"name":"wp","href":"https:\/\/api.w.org\/{rel}","templated":true}]}}