{"id":6995,"date":"2022-12-02T07:36:45","date_gmt":"2022-12-02T07:36:45","guid":{"rendered":"http:\/\/www.friedensplattform.at\/?p=6995"},"modified":"2022-12-02T07:54:01","modified_gmt":"2022-12-02T07:54:01","slug":"bericht-der-internationalen-untersuchungskommission-der-besetzten-palaestinensischen-gebiete-einschliesslich-ost-jerusalem-und-israel-vom-14-september-2022-unga-a77328","status":"publish","type":"post","link":"https:\/\/www.friedensplattform.at\/?p=6995","title":{"rendered":"Bericht der \u201eInternationalen Untersuchungskommission der besetzten pal\u00e4stinensischen Gebiete einschlie\u00dflich Ost-Jerusalem und Israel\u201c vom 14. September 2022, UNGA A\/77\/328"},"content":{"rendered":"<p><strong><span dir=\"ltr\" role=\"presentation\">Von<\/span> <span dir=\"ltr\" role=\"presentation\">Norman Paech<\/span><\/strong><\/p>\n<p>https:\/\/www.nachdenkseiten.de\/?p=91032&amp;pdf=91032<br role=\"presentation\" \/><span dir=\"ltr\" role=\"presentation\">Ver\u00f6ffentlicht am: 30. November 2022 | 1<\/span><\/p>\n<p><span dir=\"ltr\" role=\"presentation\">\u2013 Der Menschenrechtsrat gibt sich wirklich M\u00fche. Dies ist nun der<\/span><br role=\"presentation\" \/><span dir=\"ltr\" role=\"presentation\">dritte Bericht, der \u00fcber die Lage des V\u00f6lkerrechts und der Menschenrechte in den von<\/span><br role=\"presentation\" \/><span dir=\"ltr\" role=\"presentation\">Israel besetzten Gebieten Pal\u00e4stinas in diesem Jahr vom Menschenrechtsrat vorgelegt wird.<\/span><\/p>\n<p><!--more--><\/p>\n<p><span dir=\"ltr\" role=\"presentation\">Nach den beiden Berichten der Sonderberichterstatter Michael Lynk (HRC A\/HRC\/49\/87 v.<\/span><br role=\"presentation\" \/><span dir=\"ltr\" role=\"presentation\">21. M\u00e4rz 2022) und Francesca Albanese (UNGV A\/77\/356 v. 21. 9. 22) hat der<\/span><br role=\"presentation\" \/><span dir=\"ltr\" role=\"presentation\">Menschenrechtsrat nun den Bericht einer Internationalen Kommission am 27. Oktober<\/span><br role=\"presentation\" \/><span dir=\"ltr\" role=\"presentation\">vorgelegt (UNGA A\/77\/328 v. 14. September 2022). Den Auftrag dazu hatte er am 27. Mai<\/span><br role=\"presentation\" \/><span dir=\"ltr\" role=\"presentation\">2021 erteilt, \u201ein den besetzten pal\u00e4stinensischen Gebieten, einschlie\u00dflich Ost-Jerusalem,<\/span><br role=\"presentation\" \/><span dir=\"ltr\" role=\"presentation\">und in Israel alle mutma\u00dflichen Verletzungen des humanit\u00e4ren V\u00f6lkerrechts und Verst\u00f6\u00dfe<\/span><br role=\"presentation\" \/><span dir=\"ltr\" role=\"presentation\">gegen das internationale Menschenrecht vor und nach dem 13. April 2021 zu untersuchen.\u201c<\/span><br role=\"presentation\" \/><span dir=\"ltr\" aria-owns=\"pdfjs_internal_id_13R\">Dieser Beitrag ist auch als Audio-Podcast verf\u00fcgbar.<\/span><br role=\"presentation\" \/><span dir=\"ltr\" aria-owns=\"pdfjs_internal_id_14R\">https:\/\/www.nachdenkseiten.de\/upload\/podcast\/221201-Bericht-ueber-besetzte-palaestinensi<\/span><br role=\"presentation\" \/><span dir=\"ltr\" aria-owns=\"pdfjs_internal_id_15R\">sche-Gebiete-NDS.mp3<\/span><br role=\"presentation\" \/><span dir=\"ltr\" aria-owns=\"pdfjs_internal_id_16R\">Podcast: Play in new window | Download<\/span><br role=\"presentation\" \/><span dir=\"ltr\" role=\"presentation\">Der Auftrag ging also weiter als bei den Sonderberichterstattern, die sich auf die Situation<\/span><br role=\"presentation\" \/><span dir=\"ltr\" role=\"presentation\">der Menschenrechte konzentrieren sollten. Als Mitglieder der Kommission wurden<\/span><br role=\"presentation\" \/><span dir=\"ltr\" role=\"presentation\">Navanethem Pillay (S\u00fcdafrika), Miloon Kothari (Indien) und Christopher Sidoti (Australien)<\/span><br role=\"presentation\" \/><span dir=\"ltr\" role=\"presentation\">ernannt.<\/span><br role=\"presentation\" \/><span dir=\"ltr\" role=\"presentation\">Um es vorweg zu nehmen: Allen drei Berichten ist gemeinsam, dass ihren Autorinnen und<\/span><br role=\"presentation\" \/><span dir=\"ltr\" role=\"presentation\">Autoren die Einreise in die besetzten Gebiete verwehrt wurde, nur Gaza \u00f6ffnete sich ihnen.<\/span><br role=\"presentation\" \/><span dir=\"ltr\" role=\"presentation\">Die israelische Regierung \u00e4nderte ihre Politik nicht und zeigt auch nicht, dass sie aus den<\/span><br role=\"presentation\" \/><span dir=\"ltr\" role=\"presentation\">Berichten Konsequenzen ziehen wird. Und schlie\u00dflich gab es keine Reaktion aus der<\/span><br role=\"presentation\" \/><span dir=\"ltr\" role=\"presentation\">hiesigen Politik und keiner der Berichte fand in den Medien Erw\u00e4hnung oder gab Anlass zu<\/span><br role=\"presentation\" \/><span dir=\"ltr\" role=\"presentation\">einer Diskussion \u00fcber die Besatzungspolitik.<\/span><br role=\"presentation\" \/><span dir=\"ltr\" role=\"presentation\">Juristische Basis und Ausgangspunkt des Berichtes ist die Feststellung, dass die Besatzung<\/span><br role=\"presentation\" \/><span dir=\"ltr\" role=\"presentation\">mit allen ihren Folgen wie die Siedlungen und zahllosen Beschr\u00e4nkungen der<\/span><br role=\"presentation\" \/><span dir=\"ltr\" role=\"presentation\">pal\u00e4stinensischen Gesellschaft rechtswidrig ist. Bei der Pr\u00e4sentation des 28-seitigen<\/span><br role=\"presentation\" \/><span dir=\"ltr\" role=\"presentation\">Berichtes erkl\u00e4rte die Vorsitzende der Untersuchungskommission, Navi Pillay, sehr<\/span><br role=\"presentation\" \/><span dir=\"ltr\" role=\"presentation\">deutlich,<\/span> <span dir=\"ltr\" role=\"presentation\">\u201edass jeder Versuch einer einseitigen Annexion des Territoriums eines Staates<\/span><br role=\"presentation\" \/><span dir=\"ltr\" role=\"presentation\">durch einen anderen Staat eine Verletzung des V\u00f6lkerrechts darstellt und null und nichtig<\/span><br role=\"presentation\" \/><span dir=\"ltr\" role=\"presentation\">ist. 143 Mitgliedstaaten, darunter auch Israel, haben letzte Woche f\u00fcr eine Resolution der<\/span><\/p>\n<div class=\"page\" role=\"region\" data-page-number=\"1\" aria-label=\"Seite 1\" data-loaded=\"true\"><\/div>\n<div class=\"page\" role=\"region\" data-page-number=\"2\" aria-label=\"Seite 2\" data-loaded=\"true\"><\/div>\n<p><span dir=\"ltr\" role=\"presentation\">Bericht der \u201eInternationalen Untersuchungskommission der<\/span><br role=\"presentation\" \/><span dir=\"ltr\" role=\"presentation\">besetzten pal\u00e4stinensischen Gebiete einschlie\u00dflich Ost-Jerusalem<\/span><br role=\"presentation\" \/><span dir=\"ltr\" role=\"presentation\">und Israel\u201c vom 14. September 2022, UNGA A\/77\/328 |<\/span><br role=\"presentation\" \/><span dir=\"ltr\" role=\"presentation\">Ver\u00f6ffentlicht am: 30. November 2022 | 2<\/span><br role=\"presentation\" \/><span dir=\"ltr\" role=\"presentation\">NachDenkSeiten &#8211; Bericht der \u201eInternationalen Untersuchungskommission der besetzten<\/span><br role=\"presentation\" \/><span dir=\"ltr\" role=\"presentation\">pal\u00e4stinensischen Gebiete einschlie\u00dflich Ost-Jerusalem und Israel\u201c vom 14. September<\/span><br role=\"presentation\" \/><span dir=\"ltr\" role=\"presentation\">2022, UNGA A\/77\/328 | Ver\u00f6ffentlicht am: 30. November 2022 | 2<\/span><br role=\"presentation\" \/><span dir=\"ltr\" role=\"presentation\">Generalversammlung gestimmt, in der dies bekr\u00e4ftigt wurde. Wenn dieses Grundprinzip der<\/span><br role=\"presentation\" \/><span dir=\"ltr\" role=\"presentation\">Charta der Vereinten Nationen nicht universell angewandt wird, auch auf die Situation in<\/span><br role=\"presentation\" \/><span dir=\"ltr\" role=\"presentation\">den besetzten Gebieten, wird es bedeutungslos.\u201c<\/span> <span dir=\"ltr\" role=\"presentation\">Sie bezog sich dabei auf die Resolution v.<\/span><br role=\"presentation\" \/><span dir=\"ltr\" role=\"presentation\">12. Oktober 2022, mit der die Generalversammlung die russische Annexion der vier<\/span><br role=\"presentation\" \/><span dir=\"ltr\" role=\"presentation\">Oblasten in der Donbasregion verurteilt hatte. Im Krieg ist die Besetzung eines Landes nach<\/span><br role=\"presentation\" \/><span dir=\"ltr\" role=\"presentation\">dem humanit\u00e4ren V\u00f6lkerrecht nur kurzfristig rechtm\u00e4\u00dfig. Die nun schon 55 Jahre dauernde<\/span><br role=\"presentation\" \/><span dir=\"ltr\" role=\"presentation\">Besatzung, die nach Worten und Taten aller israelischen Regierungen auf Dauer angelegt<\/span><br role=\"presentation\" \/><span dir=\"ltr\" role=\"presentation\">ist, wird von dem V\u00f6lkerrecht nicht mehr gedeckt. Das Gleiche gilt f\u00fcr die Blockade Gazas<\/span><br role=\"presentation\" \/><span dir=\"ltr\" role=\"presentation\">zu Lande, zur See und in der Luft, die auf Grund der totalen Kontrolle durch Israel wie eine<\/span><br role=\"presentation\" \/><span dir=\"ltr\" role=\"presentation\">Besatzung wirkt und ebenfalls rechtswidrig ist.<\/span><br role=\"presentation\" \/><span dir=\"ltr\" role=\"presentation\">Die Kommission hat vor allem die Siedlungspolitik untersucht, die von Anfang an das<\/span><br role=\"presentation\" \/><span dir=\"ltr\" role=\"presentation\">zentrale Ziel der Besatzung war. Doch unabh\u00e4ngig von der Rechtm\u00e4\u00dfigkeit einer Besatzung<\/span><br role=\"presentation\" \/><span dir=\"ltr\" role=\"presentation\">ist die Besiedlung des besetzten Gebietes mit der eigenen Bev\u00f6lkerung unzul\u00e4ssig und<\/span><br role=\"presentation\" \/><span dir=\"ltr\" role=\"presentation\">rechtswidrig, Art. 49 4. Genfer Konvention. Insofern ist die innerisraelische Diskussion um<\/span><br role=\"presentation\" \/><span dir=\"ltr\" role=\"presentation\">die Legalit\u00e4t der sog. Outposts irrelevant. Erst 2020 hatte der Supreme Court das<\/span><br role=\"presentation\" \/><span dir=\"ltr\" role=\"presentation\">Regulierungsgesetz aufgehoben und die \u00fcbliche nachtr\u00e4gliche Legalisierung der illegalen<\/span><br role=\"presentation\" \/><span dir=\"ltr\" role=\"presentation\">Outpost dann zugelassen, wenn diese \u201ein gutem Glauben\u201c errichtet worden waren \u2013 eine<\/span><br role=\"presentation\" \/><span dir=\"ltr\" role=\"presentation\">Scheindebatte vor dem Hintergrund des eindeutigen V\u00f6lkerrechts.<\/span><br role=\"presentation\" \/><span dir=\"ltr\" role=\"presentation\">In Ost-Jerusalem wird der Lebensraum f\u00fcr die Pal\u00e4stinenserinnen und Pal\u00e4stinenser immer<\/span><br role=\"presentation\" \/><span dir=\"ltr\" role=\"presentation\">enger. \u00dcber 1\/3 der Stadt sind bereits f\u00fcr j\u00fcdische Siedler enteignet, denen erlaubt wurde,<\/span><br role=\"presentation\" \/><span dir=\"ltr\" role=\"presentation\">die Einwohner zu vertreiben. Heute leben dort 229.000 Siedler in 14 Siedlungen, und die<\/span><br role=\"presentation\" \/><span dir=\"ltr\" role=\"presentation\">gewaltsamen Vertreibungen halten an. Die zunehmende Gewalt der Siedler wird ignoriert,<\/span><br role=\"presentation\" \/><span dir=\"ltr\" role=\"presentation\">oft durch die Armee gedeckt und bleibt ohne rechtliche Konsequenzen. Der gepriesene<\/span><br role=\"presentation\" \/><span dir=\"ltr\" role=\"presentation\">Rechtsstaat Israels macht vor den besetzten Gebieten halt.<\/span><br role=\"presentation\" \/><span dir=\"ltr\" role=\"presentation\">Ein zentrales Thema der Untersuchung sind die Enteignung und Ausbeutung von Land und<\/span><br role=\"presentation\" \/><span dir=\"ltr\" role=\"presentation\">Ressourcen, die immer weiter vorangetrieben werden. Auch deren Methoden sind bekannt:<\/span><br role=\"presentation\" \/><span dir=\"ltr\" role=\"presentation\">Nachdem der Supreme Court 1979 Landenteignungen durch Milit\u00e4rverordnungen f\u00fcr<\/span><br role=\"presentation\" \/><span dir=\"ltr\" role=\"presentation\">verfassungswidrig erkl\u00e4rt hatte, werden die begehrten Landesteile zu Milit\u00e4r- und<\/span><br role=\"presentation\" \/><span dir=\"ltr\" role=\"presentation\">Feuerzonen erkl\u00e4rt, wie Mazafer Yatta 1980, um anschlie\u00dfend die Einheimischen zu<\/span><br role=\"presentation\" \/><span dir=\"ltr\" role=\"presentation\">vertreiben. Oder das Land wird zu Staatsland, Industriezone oder Naturreservat erkl\u00e4rt, um<\/span><br role=\"presentation\" \/><span dir=\"ltr\" role=\"presentation\">es anschlie\u00dfend zu enteignen und die Bewohner vertreiben zu k\u00f6nnen \u2013 \u00fcber 200.000 ha<\/span><br role=\"presentation\" \/><span dir=\"ltr\" role=\"presentation\">seit 1967. Im Januar 2020 wurden 7 neue Naturparks \u00fcber 13.000 ha zus\u00e4tzlich zu den 12<\/span><br role=\"presentation\" \/><span dir=\"ltr\" role=\"presentation\">bereits bestehenden Parks geschaffen. Wird nicht enteignet, sammelt der J\u00fcdische<\/span><br role=\"presentation\" \/><span dir=\"ltr\" role=\"presentation\">Nationalfonds Geld wie im August 2022, um das ohnehin nicht bebaubare Land in einer<\/span><br role=\"presentation\" \/><span dir=\"ltr\" role=\"presentation\">geschlossenen Milit\u00e4rzone zu kaufen. In Zone C k\u00f6nnen die Pal\u00e4stinenser nur auf ca. 1 %<\/span><br role=\"presentation\" \/><span dir=\"ltr\" role=\"presentation\">des Bodens noch bauen. In den Industriezonen werden mit finanziellen Mitteln auch<\/span><\/p>\n<div class=\"page\" role=\"region\" data-page-number=\"2\" aria-label=\"Seite 2\" data-loaded=\"true\"><\/div>\n<div class=\"page\" role=\"region\" data-page-number=\"3\" aria-label=\"Seite 3\" data-loaded=\"true\"><\/div>\n<p><span dir=\"ltr\" role=\"presentation\">Bericht der \u201eInternationalen Untersuchungskommission der<\/span><br role=\"presentation\" \/><span dir=\"ltr\" role=\"presentation\">besetzten pal\u00e4stinensischen Gebiete einschlie\u00dflich Ost-Jerusalem<\/span><br role=\"presentation\" \/><span dir=\"ltr\" role=\"presentation\">und Israel\u201c vom 14. September 2022, UNGA A\/77\/328 |<\/span><br role=\"presentation\" \/><span dir=\"ltr\" role=\"presentation\">Ver\u00f6ffentlicht am: 30. November 2022 | 3<\/span><br role=\"presentation\" \/><span dir=\"ltr\" role=\"presentation\">NachDenkSeiten &#8211; Bericht der \u201eInternationalen Untersuchungskommission der besetzten<\/span><br role=\"presentation\" \/><span dir=\"ltr\" role=\"presentation\">pal\u00e4stinensischen Gebiete einschlie\u00dflich Ost-Jerusalem und Israel\u201c vom 14. September<\/span><br role=\"presentation\" \/><span dir=\"ltr\" role=\"presentation\">2022, UNGA A\/77\/328 | Ver\u00f6ffentlicht am: 30. November 2022 | 3<\/span><br role=\"presentation\" \/><span dir=\"ltr\" role=\"presentation\">ausl\u00e4ndische Firmen angeworben, um dort zu produzieren. Laut Presseberichten wurden so<\/span><br role=\"presentation\" \/><span dir=\"ltr\" role=\"presentation\">2015 in den 11 Steinbr\u00fcchen in Zone 12 Mio. Tonnen Steine und Schotter gewonnen, wovon<\/span><br role=\"presentation\" \/><span dir=\"ltr\" role=\"presentation\">10 Mio. Tonnen nach Israel gingen \u2013 ein erheblicher finanzieller Gewinn. Diese Ma\u00dfnahmen<\/span><br role=\"presentation\" \/><span dir=\"ltr\" role=\"presentation\">sind nicht nur nach den Haager und Genfer Regeln v\u00f6lkerrechtswidrig, sondern nach Art. 8<\/span><br role=\"presentation\" \/><span dir=\"ltr\" role=\"presentation\">2b R\u00f6misches Statut als Kriegsverbrechen auch strafbar.<\/span><br role=\"presentation\" \/><span dir=\"ltr\" role=\"presentation\">Ein gro\u00dfer Teil des Berichts ist den Auswirkungen der Zwangsma\u00dfnahmen, Gewalt,<\/span><br role=\"presentation\" \/><span dir=\"ltr\" role=\"presentation\">Vertreibungen und Dem\u00fctigungen gewidmet, die von der Besatzungs- und Annexionspolitik<\/span><br role=\"presentation\" \/><span dir=\"ltr\" role=\"presentation\">ausgehen. Wenn die Bewohner gezwungen werden, ihre H\u00e4user zu verlassen, ihr Eigentum<\/span><br role=\"presentation\" \/><span dir=\"ltr\" role=\"presentation\">zerst\u00f6rt und die H\u00e4user abgerissen werden, sie fast t\u00e4glichen Masseninhaftierungen und<\/span><br role=\"presentation\" \/><span dir=\"ltr\" role=\"presentation\">Gewalt nicht nur durch die Armee ausgesetzt sind, sondern auch von den Siedlern erfahren,<\/span><br role=\"presentation\" \/><span dir=\"ltr\" role=\"presentation\">der Mangel an sauberem, preiswertem Wasser und die offen rassistischen Angriffe, von<\/span><br role=\"presentation\" \/><span dir=\"ltr\" role=\"presentation\">denen insbesondere Frauen betroffen sind, die Zersplitterung der pal\u00e4stinensischen<\/span><br role=\"presentation\" \/><span dir=\"ltr\" role=\"presentation\">Gesellschaft \u2013 alles schwerwiegende Verletzungen des Selbstbestimmungsrecht und der<\/span><br role=\"presentation\" \/><span dir=\"ltr\" role=\"presentation\">Menschenrechte, die mit Paragraphen und juristischen Mitteln \u00fcberhaupt nicht zu fassen<\/span><br role=\"presentation\" \/><span dir=\"ltr\" role=\"presentation\">sind. So erkl\u00e4rte Kommissar Miloon Kothari:<\/span> <span dir=\"ltr\" role=\"presentation\">\u201eEs gibt so viele \u201astille Sch\u00e4den\u2019 und<\/span><br role=\"presentation\" \/><span dir=\"ltr\" role=\"presentation\">psychologische Traumata, die vielleicht nicht sofort erkennbar sind, die aus der Aush\u00f6hlung<\/span><br role=\"presentation\" \/><span dir=\"ltr\" role=\"presentation\">der wirtschaftlichen, sozialen und kulturellen Rechte resultieren. Diese schw\u00e4chenden<\/span><br role=\"presentation\" \/><span dir=\"ltr\" role=\"presentation\">Prozesse haben schwerwiegende kurz- und langfristige Folgen und m\u00fcssen dringend<\/span><br role=\"presentation\" \/><span dir=\"ltr\" role=\"presentation\">angegangen werden.\u201c<\/span> <span dir=\"ltr\" role=\"presentation\">In Israel, aber auch in der deutschen Politik gibt es daf\u00fcr keine<\/span><br role=\"presentation\" \/><span dir=\"ltr\" role=\"presentation\">Initiativen, geschweigen denn Verst\u00e4ndnis.<\/span><br role=\"presentation\" \/><span dir=\"ltr\" role=\"presentation\">Der Bericht zitiert den damaligen Premierminister Netanjahu, der am 10. September 2019<\/span><br role=\"presentation\" \/><span dir=\"ltr\" role=\"presentation\">seine Absicht erkl\u00e4rte, das Jordantal zu annektieren. Im August 2020 bekr\u00e4ftigte er, dass<\/span><br role=\"presentation\" \/><span dir=\"ltr\" role=\"presentation\">die Frage der Souver\u00e4nit\u00e4t \u00fcber die Westbank immer noch auf dem Tisch liege. Sein<\/span><br role=\"presentation\" \/><span dir=\"ltr\" role=\"presentation\">Nachfolger Bennett verk\u00fcndete am 17. Mai 2022 in einer Rede an die Siedler in Elkana<\/span><br role=\"presentation\" \/><span dir=\"ltr\" role=\"presentation\">gro\u00dfspurig: \u201e<\/span><span dir=\"ltr\" role=\"presentation\">Mit der Hilfe Gottes werden wir hier noch sein, wenn wir den f\u00fcnfzigsten und<\/span><br role=\"presentation\" \/><span dir=\"ltr\" role=\"presentation\">siebzigsten, ja hundertsten, zweihundertsten und zweitausendsten Geburtstag von Elkana<\/span><br role=\"presentation\" \/><span dir=\"ltr\" role=\"presentation\">feiern in einem vereinten und souver\u00e4nen J\u00fcdischen Staat im Land von Israel.<\/span><span dir=\"ltr\" role=\"presentation\">\u201c Dass diese<\/span><br role=\"presentation\" \/><span dir=\"ltr\" role=\"presentation\">Vision nicht ohne Krieg und erneute Intifada bleiben wird, muss auch dem neuen Premier<\/span><br role=\"presentation\" \/><span dir=\"ltr\" role=\"presentation\">mit seinem Kabinett vom rechtesten Rand der Gesellschaft klar sein.<\/span><br role=\"presentation\" \/><span dir=\"ltr\" role=\"presentation\">Die Kommission sieht in all den von ihr zusammengetragenen Fakten der Besatzung<\/span><br role=\"presentation\" \/><span dir=\"ltr\" role=\"presentation\">Anzeichen schwerer Verst\u00f6\u00dfe gegen die Menschenrechte und das humanit\u00e4re V\u00f6lkerrecht<\/span><br role=\"presentation\" \/><span dir=\"ltr\" role=\"presentation\">der Haager und Genfer Konventionen sowie Kriegsverbrechen und Verbrechen gegen die<\/span><br role=\"presentation\" \/><span dir=\"ltr\" role=\"presentation\">Menschlichkeit nach dem R\u00f6mischen Statut. Sie fordert von Israel deswegen vor allem, die<\/span><br role=\"presentation\" \/><span dir=\"ltr\" role=\"presentation\">Besatzung zu beenden und alle v\u00f6lkerrechtlichen Verpflichtungen einzuhalten, insbesondere<\/span><br role=\"presentation\" \/><span dir=\"ltr\" role=\"presentation\">das Selbstbestimmungsrecht der Pal\u00e4stinenser zu sch\u00fctzen und zu garantieren.<\/span><\/p>\n<div class=\"page\" role=\"region\" data-page-number=\"3\" aria-label=\"Seite 3\" data-loaded=\"true\"><\/div>\n<div class=\"page\" role=\"region\" data-page-number=\"4\" aria-label=\"Seite 4\" data-loaded=\"true\"><\/div>\n<p><span dir=\"ltr\" role=\"presentation\">Bericht der \u201eInternationalen Untersuchungskommission der<\/span><br role=\"presentation\" \/><span dir=\"ltr\" role=\"presentation\">besetzten pal\u00e4stinensischen Gebiete einschlie\u00dflich Ost-Jerusalem<\/span><br role=\"presentation\" \/><span dir=\"ltr\" role=\"presentation\">und Israel\u201c vom 14. September 2022, UNGA A\/77\/328 |<\/span><br role=\"presentation\" \/><span dir=\"ltr\" role=\"presentation\">Ver\u00f6ffentlicht am: 30. November 2022 | 4<\/span><br role=\"presentation\" \/><span dir=\"ltr\" role=\"presentation\">NachDenkSeiten &#8211; Bericht der \u201eInternationalen Untersuchungskommission der besetzten<\/span><br role=\"presentation\" \/><span dir=\"ltr\" role=\"presentation\">pal\u00e4stinensischen Gebiete einschlie\u00dflich Ost-Jerusalem und Israel\u201c vom 14. September<\/span><br role=\"presentation\" \/><span dir=\"ltr\" role=\"presentation\">2022, UNGA A\/77\/328 | Ver\u00f6ffentlicht am: 30. November 2022 | 4<\/span><br role=\"presentation\" \/><span dir=\"ltr\" role=\"presentation\">Desgleichen empfiehlt sie allen Staaten, ihren Verpflichtungen aus dem internationalen<\/span><br role=\"presentation\" \/><span dir=\"ltr\" role=\"presentation\">humanit\u00e4ren Recht und den Menschenrechten nachzukommen, und fordert sie auf,<\/span> <span dir=\"ltr\" role=\"presentation\">\u201ealle<\/span><br role=\"presentation\" \/><span dir=\"ltr\" role=\"presentation\">Personen zu untersuchen und zu verfolgen, die verd\u00e4chtig sind, internationale Verbrechen<\/span><br role=\"presentation\" \/><span dir=\"ltr\" role=\"presentation\">in den besetzten Gebieten begangen oder geholfen, Beihilfe geleistet oder unterst\u00fctzt zu<\/span><br role=\"presentation\" \/><span dir=\"ltr\" role=\"presentation\">haben\u201c.<\/span> <span dir=\"ltr\" role=\"presentation\">Der Generalversammlung der UN empfiehlt er, den Bericht an den Sicherheitsrat<\/span><br role=\"presentation\" \/><span dir=\"ltr\" role=\"presentation\">weiterzuleiten, um sofortige Ma\u00dfnahmen zur Beendigung der illegalen Situation zu<\/span><br role=\"presentation\" \/><span dir=\"ltr\" role=\"presentation\">ergreifen und beim Internationalen Gerichtshof (IGH) umgehend ein Gutachten \u00fcber die<\/span><br role=\"presentation\" \/><span dir=\"ltr\" role=\"presentation\">rechtlichen Konsequenzen der Weigerung anzufordern, die Besatzung zu beenden und das<\/span><br role=\"presentation\" \/><span dir=\"ltr\" role=\"presentation\">Selbstbestimmungsrecht der Pal\u00e4stinenser zu respektieren. Ebenso empfiehlt er dem<\/span><br role=\"presentation\" \/><span dir=\"ltr\" role=\"presentation\">Internationalen Strafgerichtshof (IStGH), T\u00e4ter und ihre Unterst\u00fctzer wegen m\u00f6glicher<\/span><br role=\"presentation\" \/><span dir=\"ltr\" role=\"presentation\">Verbrechen zu verfolgen.<\/span><br role=\"presentation\" \/><span dir=\"ltr\" role=\"presentation\">Es fragt sich allerdings allm\u00e4hlich, ob Untersuchungen, Empfehlungen und Aufforderungen<\/span><br role=\"presentation\" \/><span dir=\"ltr\" role=\"presentation\">\u00fcberhaupt noch die geeigneten Mittel sind, israelische Regierungen zur Umkehr auf den<\/span><br role=\"presentation\" \/><span dir=\"ltr\" role=\"presentation\">Weg des V\u00f6lkerrechts und des Friedens zu bewegen. Es m\u00fcsste vor allem ein Umdenken bei<\/span><br role=\"presentation\" \/><span dir=\"ltr\" role=\"presentation\">jenen Staaten erfolgen, die immer noch mit ihrer Unterst\u00fctzung diese kriminelle Besatzung<\/span><br role=\"presentation\" \/><span dir=\"ltr\" role=\"presentation\">erm\u00f6glichen.<\/span><br role=\"presentation\" \/><span dir=\"ltr\" role=\"presentation\">Inzwischen hat die UN-Generalversammlung die Berichte des Menschenrechtsrats<\/span><br role=\"presentation\" \/><span dir=\"ltr\" aria-owns=\"pdfjs_internal_id_17R\">diskutiert und in einer detaillierten Resolution[1] weitere Forderungen an die israelische<\/span><br role=\"presentation\" \/><span dir=\"ltr\" role=\"presentation\">Regierung und die Mitgliedstaaten der UNO gestellt. Zum Schluss hat sie gem. Art 96 UNO-<\/span><br role=\"presentation\" \/><span dir=\"ltr\" role=\"presentation\">Charta den Internationalen Gerichtshof um ein Gutachten \u00fcber die rechtlichen<\/span><br role=\"presentation\" \/><span dir=\"ltr\" role=\"presentation\">Konsequenzen der illegalen Besatzung und der langandauernden Verletzung des<\/span><br role=\"presentation\" \/><span dir=\"ltr\" role=\"presentation\">Selbstbestimmungsrechts der Pal\u00e4stinenser folgen. Diese Fragen sind in \u00fcber 55 Jahren<\/span><br role=\"presentation\" \/><span dir=\"ltr\" role=\"presentation\">Besatzung bereits ersch\u00f6pfend diskutiert und gekl\u00e4rt worden und sollten auch bei den<\/span><br role=\"presentation\" \/><span dir=\"ltr\" role=\"presentation\">Mitgliedstaaten keine Zweifel mehr \u00fcbrig gelassen haben. Der Generalversammlung war es<\/span><br role=\"presentation\" \/><span dir=\"ltr\" aria-owns=\"pdfjs_internal_id_18R\">aber wohl doch wichtig, trotz des zwar eindeutigen, aber erfolglosen Gutachtens des IGH[2]<\/span><br role=\"presentation\" \/><span dir=\"ltr\" role=\"presentation\">zum Bau der Mauer, noch einmal ein klares Zeichen gegen die Besatzungspolitik zu setzen.<\/span><br role=\"presentation\" \/><span dir=\"ltr\" role=\"presentation\">Interessant bleibt nur noch die Stimmabgabe, bei der 58 Staaten der Resolution<\/span><br role=\"presentation\" \/><span dir=\"ltr\" role=\"presentation\">zustimmten, 17 dagegen und 52 sich enthielten. Von den Gegenstimmen kamen sieben aus<\/span><br role=\"presentation\" \/><span dir=\"ltr\" role=\"presentation\">Europa, neben Deutschland noch \u00d6sterreich, Estland, Italien, Litauen, Tschechien und<\/span><br role=\"presentation\" \/><span dir=\"ltr\" role=\"presentation\">Ungarn, aus dem Rest der Welt waren es die USA, Australien, Guatemala, Israel, Kanada,<\/span><br role=\"presentation\" \/><span dir=\"ltr\" role=\"presentation\">Liberia, Marshall Inseln, Mikronesien, Nauru und Palau. Das muss man nicht mehr<\/span><br role=\"presentation\" \/><span dir=\"ltr\" role=\"presentation\">kommentieren.<\/span><br role=\"presentation\" \/><span dir=\"ltr\" role=\"presentation\">Norman Paech<\/span><br role=\"presentation\" \/><span dir=\"ltr\" role=\"presentation\">Nachbemerkung Albrecht M\u00fcller.<\/span> <span dir=\"ltr\" role=\"presentation\">Bitte beachten Sie, dass Sie einen solchen Bericht zu<\/span><br role=\"presentation\" \/><span dir=\"ltr\" role=\"presentation\">einem wichtigen Vorgang vermutlich in keinem anderen deutschen Medium lesen. Das<\/span><\/p>\n<div class=\"page\" role=\"region\" data-page-number=\"4\" aria-label=\"Seite 4\" data-loaded=\"true\"><\/div>\n<div class=\"page\" role=\"region\" data-page-number=\"5\" aria-label=\"Seite 5\" data-loaded=\"true\"><\/div>\n<p><span dir=\"ltr\" role=\"presentation\">Bericht der \u201eInternationalen Untersuchungskommission der<\/span><br role=\"presentation\" \/><span dir=\"ltr\" role=\"presentation\">besetzten pal\u00e4stinensischen Gebiete einschlie\u00dflich Ost-Jerusalem<\/span><br role=\"presentation\" \/><span dir=\"ltr\" role=\"presentation\">und Israel\u201c vom 14. September 2022, UNGA A\/77\/328 |<\/span><br role=\"presentation\" \/><span dir=\"ltr\" role=\"presentation\">Ver\u00f6ffentlicht am: 30. November 2022 | 5<\/span><br role=\"presentation\" \/><span dir=\"ltr\" role=\"presentation\">NachDenkSeiten &#8211; Bericht der \u201eInternationalen Untersuchungskommission der besetzten<\/span><br role=\"presentation\" \/><span dir=\"ltr\" role=\"presentation\">pal\u00e4stinensischen Gebiete einschlie\u00dflich Ost-Jerusalem und Israel\u201c vom 14. September<\/span><br role=\"presentation\" \/><span dir=\"ltr\" role=\"presentation\">2022, UNGA A\/77\/328 | Ver\u00f6ffentlicht am: 30. November 2022 | 5<\/span><br role=\"presentation\" \/><span dir=\"ltr\" role=\"presentation\">nennt man Pressefreiheit. Das nennt man Demokratie. Von allem ein Schatten! Propaganda<\/span><br role=\"presentation\" \/><span dir=\"ltr\" role=\"presentation\">und Realit\u00e4t klaffen weit auseinander.<\/span><br role=\"presentation\" \/><span dir=\"ltr\" aria-owns=\"pdfjs_internal_id_19R\">Titelbild: Emir Kaan \/ Shutterstock<\/span><br role=\"presentation\" \/><span dir=\"ltr\" aria-owns=\"pdfjs_internal_id_20R\">[\u00ab1] UNGV Resolution A\/C.4\/77\/L.12\/Rev.1 v. 10. 11. 2020<\/span><br role=\"presentation\" \/><span dir=\"ltr\" role=\"presentation\">[\u00ab2] IGH, Legal Consequences of the Construction of a Wall in the Occupied Palestinian<\/span><br role=\"presentation\" \/><span dir=\"ltr\" aria-owns=\"pdfjs_internal_id_21R pdfjs_internal_id_22R\">Territories, Urteil Nr. 131 v. 9. Juli 2004, ag-friedensforschung.de\/regionen\/Nahost\/mauer-<\/span><br role=\"presentation\" \/><span dir=\"ltr\" role=\"presentation\">igh-orig.pdf<\/span><\/p>\n","protected":false},"excerpt":{"rendered":"<p>Von Norman Paech https:\/\/www.nachdenkseiten.de\/?p=91032&amp;pdf=91032Ver\u00f6ffentlicht am: 30. November 2022 | 1 \u2013 Der Menschenrechtsrat gibt sich wirklich M\u00fche. Dies ist nun derdritte Bericht, der \u00fcber die Lage des V\u00f6lkerrechts und der Menschenrechte in den vonIsrael besetzten Gebieten Pal\u00e4stinas in diesem Jahr vom Menschenrechtsrat vorgelegt wird.<\/p>\n","protected":false},"author":2,"featured_media":0,"comment_status":"open","ping_status":"open","sticky":false,"template":"","format":"standard","meta":{"footnotes":""},"categories":[1],"tags":[],"class_list":["post-6995","post","type-post","status-publish","format-standard","hentry","category-allgemein"],"_links":{"self":[{"href":"https:\/\/www.friedensplattform.at\/index.php?rest_route=\/wp\/v2\/posts\/6995","targetHints":{"allow":["GET"]}}],"collection":[{"href":"https:\/\/www.friedensplattform.at\/index.php?rest_route=\/wp\/v2\/posts"}],"about":[{"href":"https:\/\/www.friedensplattform.at\/index.php?rest_route=\/wp\/v2\/types\/post"}],"author":[{"embeddable":true,"href":"https:\/\/www.friedensplattform.at\/index.php?rest_route=\/wp\/v2\/users\/2"}],"replies":[{"embeddable":true,"href":"https:\/\/www.friedensplattform.at\/index.php?rest_route=%2Fwp%2Fv2%2Fcomments&post=6995"}],"version-history":[{"count":4,"href":"https:\/\/www.friedensplattform.at\/index.php?rest_route=\/wp\/v2\/posts\/6995\/revisions"}],"predecessor-version":[{"id":7005,"href":"https:\/\/www.friedensplattform.at\/index.php?rest_route=\/wp\/v2\/posts\/6995\/revisions\/7005"}],"wp:attachment":[{"href":"https:\/\/www.friedensplattform.at\/index.php?rest_route=%2Fwp%2Fv2%2Fmedia&parent=6995"}],"wp:term":[{"taxonomy":"category","embeddable":true,"href":"https:\/\/www.friedensplattform.at\/index.php?rest_route=%2Fwp%2Fv2%2Fcategories&post=6995"},{"taxonomy":"post_tag","embeddable":true,"href":"https:\/\/www.friedensplattform.at\/index.php?rest_route=%2Fwp%2Fv2%2Ftags&post=6995"}],"curies":[{"name":"wp","href":"https:\/\/api.w.org\/{rel}","templated":true}]}}