{"id":700,"date":"2009-01-24T21:47:53","date_gmt":"2009-01-24T19:47:53","guid":{"rendered":"http:\/\/www.luxorbis.org\/friedensplattform.at\/?p=700"},"modified":"2009-01-24T21:47:53","modified_gmt":"2009-01-24T19:47:53","slug":"artikel-auf-dielinke-gaza-kollektive-bestrafung-der-zivilbevoelkerung","status":"publish","type":"post","link":"https:\/\/www.friedensplattform.at\/?p=700","title":{"rendered":"Artikel auf dieLinke: Gaza: Kollektive Bestrafung der Zivilbev&#246;lkerung"},"content":{"rendered":"<p>In Israel wird gesagt, dass Gaza einen Sonderfall darstelle, da die Hamas dort herrsche. Schaut man sich die Geschichte des Gazastreifens genauer an, so kann man leicht feststellen, dass die Probleme hier lange vor der Macht\u00fcbernahme der Hamas entstanden sind. Schon in den 1990er Jahren begann die Isolierung des Gazastreifens, einer verarmten und dicht besiedelten Enklave. Gaza ist ein Modell und Versuchsfeld f\u00fcr ein Enklavensystem, das auch im Westjordanland und damit f\u00fcr ganz Pal\u00e4stina gelten soll. Interview mit Tsafrir Cohen, aufgewachsen in Israel und Kanada, der in Berlin publizistisch und im Kulturbereich t\u00e4tig ist, u.a. als Gr\u00fcnder des Jewish Film Festival.<\/p>\n<p><a title=\"dieLinke\" href=\"http:\/\/dielinke.at\/artikel\/international\/gaza-kollektive-bestrafung-der-zivilbevolkerung\" target=\"_blank\">Weiterlesen auf www.dielinke.at<\/a><\/p>\n","protected":false},"excerpt":{"rendered":"<p>In Israel wird gesagt, dass Gaza einen Sonderfall darstelle, da die Hamas dort herrsche. Schaut man sich die Geschichte des Gazastreifens genauer an, so kann man leicht feststellen, dass die Probleme hier lange vor der Macht\u00fcbernahme der Hamas entstanden sind. Schon in den 1990er Jahren begann die Isolierung des Gazastreifens, einer verarmten und dicht besiedelten &hellip; <a href=\"https:\/\/www.friedensplattform.at\/?p=700\" class=\"more-link\"><span class=\"screen-reader-text\">Artikel auf dieLinke: Gaza: Kollektive Bestrafung der Zivilbev&#246;lkerung<\/span> weiterlesen <span class=\"meta-nav\">&rarr;<\/span><\/a><\/p>\n","protected":false},"author":1,"featured_media":0,"comment_status":"open","ping_status":"open","sticky":false,"template":"","format":"standard","meta":{"footnotes":""},"categories":[5],"tags":[],"class_list":["post-700","post","type-post","status-publish","format-standard","hentry","category-arabischer-raum"],"_links":{"self":[{"href":"https:\/\/www.friedensplattform.at\/index.php?rest_route=\/wp\/v2\/posts\/700","targetHints":{"allow":["GET"]}}],"collection":[{"href":"https:\/\/www.friedensplattform.at\/index.php?rest_route=\/wp\/v2\/posts"}],"about":[{"href":"https:\/\/www.friedensplattform.at\/index.php?rest_route=\/wp\/v2\/types\/post"}],"author":[{"embeddable":true,"href":"https:\/\/www.friedensplattform.at\/index.php?rest_route=\/wp\/v2\/users\/1"}],"replies":[{"embeddable":true,"href":"https:\/\/www.friedensplattform.at\/index.php?rest_route=%2Fwp%2Fv2%2Fcomments&post=700"}],"version-history":[{"count":0,"href":"https:\/\/www.friedensplattform.at\/index.php?rest_route=\/wp\/v2\/posts\/700\/revisions"}],"wp:attachment":[{"href":"https:\/\/www.friedensplattform.at\/index.php?rest_route=%2Fwp%2Fv2%2Fmedia&parent=700"}],"wp:term":[{"taxonomy":"category","embeddable":true,"href":"https:\/\/www.friedensplattform.at\/index.php?rest_route=%2Fwp%2Fv2%2Fcategories&post=700"},{"taxonomy":"post_tag","embeddable":true,"href":"https:\/\/www.friedensplattform.at\/index.php?rest_route=%2Fwp%2Fv2%2Ftags&post=700"}],"curies":[{"name":"wp","href":"https:\/\/api.w.org\/{rel}","templated":true}]}}