{"id":706,"date":"2009-01-25T23:10:53","date_gmt":"2009-01-25T21:10:53","guid":{"rendered":"http:\/\/www.luxorbis.org\/friedensplattform.at\/?p=706"},"modified":"2009-01-25T23:10:53","modified_gmt":"2009-01-25T21:10:53","slug":"antwort-des-bundeskanzleramtes","status":"publish","type":"post","link":"https:\/\/www.friedensplattform.at\/?p=706","title":{"rendered":"Antwort des Bundeskanzleramtes"},"content":{"rendered":"<p>Hier k\u00f6nnt ihr die Antwort des Bundeskanzleramtes, auf einen Brief des Vorsitzender der Islamischen Religionsgemeinde Graz, lesen:<\/p>\n<p><a href=\"http:\/\/www.luxorbis.org\/friedensplattform.at\/wp-content\/uploads\/2009\/01\/israel-_-gaza-e-mail-bka-330-020_0073-vii_4_2009_19-01-2009_kamel-mahmoud.pdf\">Antwort BKA als pdf Datei<\/a><\/p>\n<p>worauf der Vorsitzende der Islamischen Religionsgemeinde Graz wiederum wie folgt geantwortet hat:<\/p>\n<p><!--more--><\/p>\n<p>Sehr geehrter Herr MR Dr. Follner,<\/p>\n<p>Ich m\u00f6chte mich bei dem Herrn Bundeskanzler und bei Ihnen f\u00fcr diese Information bedanken, aber erlauben Sie mir Sie an die engagierte Politik von Herrn Bruno Kreisky in Richtung Nahosten zu erinnern.  Erlauben Sie bitte mir zu sagen, dass das pal\u00e4stinensische Volk seit mehr als 60 Jahren unter der Aggression der Besatzung gelitten hat.<\/p>\n<p>Als \u00e4gyptisch St\u00e4mmiger, best\u00e4tige ich, dass Herr Kreisky sich einen guten Ruf f\u00fcr die \u00f6sterreichische Au\u00dfenpolitik im Nahen Osten geschaffen hat und \u00d6sterreich dort einen guten Namen hat.<\/p>\n<p>Eine solche glaubw\u00fcrdige Politik erwarten wir uns von unserer Bundesregierung.<\/p>\n<p>Herzlichen Dank noch einmal und mit freundlichen Gr\u00fc\u00dfen<\/p>\n<p>Kamel Mahmoud<\/p>\n","protected":false},"excerpt":{"rendered":"<p>Hier k\u00f6nnt ihr die Antwort des Bundeskanzleramtes, auf einen Brief des Vorsitzender der Islamischen Religionsgemeinde Graz, lesen: Antwort BKA als pdf Datei worauf der Vorsitzende der Islamischen Religionsgemeinde Graz wiederum wie folgt geantwortet hat:<\/p>\n","protected":false},"author":1,"featured_media":0,"comment_status":"open","ping_status":"open","sticky":false,"template":"","format":"standard","meta":{"footnotes":""},"categories":[5],"tags":[],"class_list":["post-706","post","type-post","status-publish","format-standard","hentry","category-arabischer-raum"],"_links":{"self":[{"href":"https:\/\/www.friedensplattform.at\/index.php?rest_route=\/wp\/v2\/posts\/706","targetHints":{"allow":["GET"]}}],"collection":[{"href":"https:\/\/www.friedensplattform.at\/index.php?rest_route=\/wp\/v2\/posts"}],"about":[{"href":"https:\/\/www.friedensplattform.at\/index.php?rest_route=\/wp\/v2\/types\/post"}],"author":[{"embeddable":true,"href":"https:\/\/www.friedensplattform.at\/index.php?rest_route=\/wp\/v2\/users\/1"}],"replies":[{"embeddable":true,"href":"https:\/\/www.friedensplattform.at\/index.php?rest_route=%2Fwp%2Fv2%2Fcomments&post=706"}],"version-history":[{"count":0,"href":"https:\/\/www.friedensplattform.at\/index.php?rest_route=\/wp\/v2\/posts\/706\/revisions"}],"wp:attachment":[{"href":"https:\/\/www.friedensplattform.at\/index.php?rest_route=%2Fwp%2Fv2%2Fmedia&parent=706"}],"wp:term":[{"taxonomy":"category","embeddable":true,"href":"https:\/\/www.friedensplattform.at\/index.php?rest_route=%2Fwp%2Fv2%2Fcategories&post=706"},{"taxonomy":"post_tag","embeddable":true,"href":"https:\/\/www.friedensplattform.at\/index.php?rest_route=%2Fwp%2Fv2%2Ftags&post=706"}],"curies":[{"name":"wp","href":"https:\/\/api.w.org\/{rel}","templated":true}]}}