{"id":7065,"date":"2022-12-30T17:21:18","date_gmt":"2022-12-30T17:21:18","guid":{"rendered":"http:\/\/www.friedensplattform.at\/?p=7065"},"modified":"2023-01-22T19:23:30","modified_gmt":"2023-01-22T19:23:30","slug":"palaestinensische-beduininnen-und-ihre-zukunft-im-naqabnegev-eine-geschichte-der-zerstoerung-und-des-widerstandes","status":"publish","type":"post","link":"https:\/\/www.friedensplattform.at\/?p=7065","title":{"rendered":"PAL\u00c4STINENSISCHE BEDUIN:INNEN  UND IHRE ZUKUNFT IM NAQAB\/NEGEV Eine Geschichte der Zerst\u00f6rung und des Widerstandes"},"content":{"rendered":"<p>&nbsp;<\/p>\n<h3><a href=\"http:\/\/www.friedensplattform.at\/wp-content\/uploads\/2022\/12\/Veranstaltung_FP_27.01.2023.pdf\">Veranstaltung_FP_27.01.2023<\/a><\/h3>\n<h3><strong><em>mit Nadia Alatawneh, pal\u00e4stinensische Aktivistin und Architektin<\/em><\/strong><\/h3>\n<h3>Vortrag auf Arabisch\/Deutsch<br \/>\n<strong>27.01.2023, 18 Uhr<\/strong><br \/>\nGraz, Lendkai 45<\/h3>\n<p>Wir laden Dich\/ Sie\u00a0 herzlich zu unserer Veranstaltung &#8222;<strong>PAL\u00c4STINENSISCHE BEDUIN:INNEN IM NAQAB\/NEGEV &#8211; eine Geschichte der Zerst\u00f6rung und des Widerstandes<\/strong>&#8220; ein. Sie findet am Freitag, den 27. J\u00e4nner um 18 Uhr in Graz am Lendkai 45 statt.<\/p>\n<p>Aus erster Hand k\u00f6nnen wir von\u00a0Nadia Alatawneh, pal\u00e4stinensische Architektin und Akivistin\u00a0\u00fcber die Situation der Beduin:innen im Naqab\/Negev, die israelische Staatsb\u00fcrger:innen sind, h\u00f6ren und \u00fcber die Rolle, welcher der J\u00fcdische Nationalfonds bei ihrer Vertreibung von ihrem Land sowie aus ihren D\u00f6rfern und H\u00e4usern spielt.<\/p>\n<p><!--more--><\/p>\n<p>&nbsp;<\/p>\n<p>35 D\u00f6rfer (31 von ihnen sind \u00e4lter als der Staat Israel) sind noch immer nicht anerkannt und unmittelbar von ihrer Zerst\u00f6rung bedroht. Das Beduin:innen-Dorf al-Arakib, 8 km von Beer Al Sabaa (Bersheeba) entfernt, wurde bisher 208-mal zerst\u00f6rt. Die Bewohner:innen\u00a0 wehren sich, indem sie ihre H\u00e4user immer wieder aufbauen. Die Architektin Nadia Alatawneh m\u00f6chte dazu beitragen, dass der Ort der pal\u00e4stinensischen Beduin:innen erhalten bleibt.<\/p>\n<h3><\/h3>\n<h5>Eine Veranstaltung der Pal\u00e4stina Solidarit\u00e4t Steiermark<br \/>\nin Zusammenarbeit mit dem Pal\u00e4stinakomitee Stuttgart<\/h5>\n","protected":false},"excerpt":{"rendered":"<p>&nbsp; Veranstaltung_FP_27.01.2023 mit Nadia Alatawneh, pal\u00e4stinensische Aktivistin und Architektin Vortrag auf Arabisch\/Deutsch 27.01.2023, 18 Uhr Graz, Lendkai 45 Wir laden Dich\/ Sie\u00a0 herzlich zu unserer Veranstaltung &#8222;PAL\u00c4STINENSISCHE BEDUIN:INNEN IM NAQAB\/NEGEV &#8211; eine Geschichte der Zerst\u00f6rung und des Widerstandes&#8220; ein. Sie findet am Freitag, den 27. J\u00e4nner um 18 Uhr in Graz am Lendkai 45 statt. &hellip; <a href=\"https:\/\/www.friedensplattform.at\/?p=7065\" class=\"more-link\"><span class=\"screen-reader-text\">PAL\u00c4STINENSISCHE BEDUIN:INNEN  UND IHRE ZUKUNFT IM NAQAB\/NEGEV Eine Geschichte der Zerst\u00f6rung und des Widerstandes<\/span> weiterlesen <span class=\"meta-nav\">&rarr;<\/span><\/a><\/p>\n","protected":false},"author":2,"featured_media":0,"comment_status":"open","ping_status":"open","sticky":false,"template":"","format":"standard","meta":{"footnotes":""},"categories":[1],"tags":[],"class_list":["post-7065","post","type-post","status-publish","format-standard","hentry","category-allgemein"],"_links":{"self":[{"href":"https:\/\/www.friedensplattform.at\/index.php?rest_route=\/wp\/v2\/posts\/7065","targetHints":{"allow":["GET"]}}],"collection":[{"href":"https:\/\/www.friedensplattform.at\/index.php?rest_route=\/wp\/v2\/posts"}],"about":[{"href":"https:\/\/www.friedensplattform.at\/index.php?rest_route=\/wp\/v2\/types\/post"}],"author":[{"embeddable":true,"href":"https:\/\/www.friedensplattform.at\/index.php?rest_route=\/wp\/v2\/users\/2"}],"replies":[{"embeddable":true,"href":"https:\/\/www.friedensplattform.at\/index.php?rest_route=%2Fwp%2Fv2%2Fcomments&post=7065"}],"version-history":[{"count":3,"href":"https:\/\/www.friedensplattform.at\/index.php?rest_route=\/wp\/v2\/posts\/7065\/revisions"}],"predecessor-version":[{"id":7089,"href":"https:\/\/www.friedensplattform.at\/index.php?rest_route=\/wp\/v2\/posts\/7065\/revisions\/7089"}],"wp:attachment":[{"href":"https:\/\/www.friedensplattform.at\/index.php?rest_route=%2Fwp%2Fv2%2Fmedia&parent=7065"}],"wp:term":[{"taxonomy":"category","embeddable":true,"href":"https:\/\/www.friedensplattform.at\/index.php?rest_route=%2Fwp%2Fv2%2Fcategories&post=7065"},{"taxonomy":"post_tag","embeddable":true,"href":"https:\/\/www.friedensplattform.at\/index.php?rest_route=%2Fwp%2Fv2%2Ftags&post=7065"}],"curies":[{"name":"wp","href":"https:\/\/api.w.org\/{rel}","templated":true}]}}