{"id":7071,"date":"2023-01-02T20:15:52","date_gmt":"2023-01-02T20:15:52","guid":{"rendered":"http:\/\/www.friedensplattform.at\/?p=7071"},"modified":"2023-01-02T20:16:35","modified_gmt":"2023-01-02T20:16:35","slug":"appell-fuer-den-frieden","status":"publish","type":"post","link":"https:\/\/www.friedensplattform.at\/?p=7071","title":{"rendered":"Appell f\u00fcr den Frieden"},"content":{"rendered":"<p>&nbsp;<\/p>\n<p><strong>Liebe Friedensfreund:innen in \u00d6sterreich,<\/strong><\/p>\n<p>Prof Klaus Moegling, ein Friedensfreund, bat mich den <strong>\u201aAppell f\u00fcr den Frieden\u2018 <\/strong>in \u00d6sterreich bekannt zu machen, und um Unterzeichner:innen zu werben, da es\u00a0 erst 6 Unterzeichner:innnen aus \u00d6sterreich g\u00e4be.<\/p>\n<p><!--more--><\/p>\n<p>Er schrieb:<\/p>\n<p><em>&#8222;Bernhard Trautvetter, Karl-Wilhelm Koch und ich haben in Zusammenarbeit mit verschiedenen Friedensinitiativen einen \u201aAppell f\u00fcr den Frieden\u2018 auf den Weg gebracht (siehe Anlage).\u00a0<\/em><em> Inzwischen haben dort ca. 500 Mitglieder der Friedensbewegung namentlich unterzeichnet. (Bei Change.org sogar ca. 1400) Wenn du bereit hierzu bist, schreib mir dies bitte einfach in der <\/em><em><strong>mail <a href=\"mailto:klaus@moegling.de\">klaus@moegling.de<\/a><\/strong><\/em><em> zur\u00fcck. Dies w\u00fcrde mich sehr freuen.<\/em><\/p>\n<p><em>Beste Gr\u00fc\u00dfe und einen guten \u00dcbergang in das neue Jahr 2023,<\/em><\/p>\n<p><em>Klaus<\/em><\/p>\n<p><strong>Homepage:<\/strong> <a href=\"https:\/\/deref-gmx.net\/mail\/client\/vJnHp4u7VPU\/dereferrer\/?redirectUrl=https%3A%2F%2Fwww.klaus-moegling.de%2F\">https:\/\/www.klaus-moegling.de<\/a><\/p>\n<p>Ich habe unterzeichnet und w\u00fcnsche uns allen ein friedlicheres Jahr 2023<\/p>\n<p>Anne Rieger<\/p>\n<p>&nbsp;<\/p>\n<p>&nbsp;<\/p>\n<p>&nbsp;<\/p>\n<p>&nbsp;<\/p>\n<p>&nbsp;<\/p>\n","protected":false},"excerpt":{"rendered":"<p>&nbsp; Liebe Friedensfreund:innen in \u00d6sterreich, Prof Klaus Moegling, ein Friedensfreund, bat mich den \u201aAppell f\u00fcr den Frieden\u2018 in \u00d6sterreich bekannt zu machen, und um Unterzeichner:innen zu werben, da es\u00a0 erst 6 Unterzeichner:innnen aus \u00d6sterreich g\u00e4be.<\/p>\n","protected":false},"author":2,"featured_media":0,"comment_status":"open","ping_status":"open","sticky":false,"template":"","format":"standard","meta":{"footnotes":""},"categories":[1],"tags":[],"class_list":["post-7071","post","type-post","status-publish","format-standard","hentry","category-allgemein"],"_links":{"self":[{"href":"https:\/\/www.friedensplattform.at\/index.php?rest_route=\/wp\/v2\/posts\/7071","targetHints":{"allow":["GET"]}}],"collection":[{"href":"https:\/\/www.friedensplattform.at\/index.php?rest_route=\/wp\/v2\/posts"}],"about":[{"href":"https:\/\/www.friedensplattform.at\/index.php?rest_route=\/wp\/v2\/types\/post"}],"author":[{"embeddable":true,"href":"https:\/\/www.friedensplattform.at\/index.php?rest_route=\/wp\/v2\/users\/2"}],"replies":[{"embeddable":true,"href":"https:\/\/www.friedensplattform.at\/index.php?rest_route=%2Fwp%2Fv2%2Fcomments&post=7071"}],"version-history":[{"count":2,"href":"https:\/\/www.friedensplattform.at\/index.php?rest_route=\/wp\/v2\/posts\/7071\/revisions"}],"predecessor-version":[{"id":7075,"href":"https:\/\/www.friedensplattform.at\/index.php?rest_route=\/wp\/v2\/posts\/7071\/revisions\/7075"}],"wp:attachment":[{"href":"https:\/\/www.friedensplattform.at\/index.php?rest_route=%2Fwp%2Fv2%2Fmedia&parent=7071"}],"wp:term":[{"taxonomy":"category","embeddable":true,"href":"https:\/\/www.friedensplattform.at\/index.php?rest_route=%2Fwp%2Fv2%2Fcategories&post=7071"},{"taxonomy":"post_tag","embeddable":true,"href":"https:\/\/www.friedensplattform.at\/index.php?rest_route=%2Fwp%2Fv2%2Ftags&post=7071"}],"curies":[{"name":"wp","href":"https:\/\/api.w.org\/{rel}","templated":true}]}}