{"id":7095,"date":"2023-01-23T20:30:45","date_gmt":"2023-01-23T20:30:45","guid":{"rendered":"http:\/\/www.friedensplattform.at\/?p=7095"},"modified":"2023-01-23T20:30:58","modified_gmt":"2023-01-23T20:30:58","slug":"online-veranstaltungen-von-den-internationalen-aerztinnen-fuer-die-verhuetung-des-atomkrieges","status":"publish","type":"post","link":"https:\/\/www.friedensplattform.at\/?p=7095","title":{"rendered":"Online- Veranstaltungen von den Internationalen \u00c4rzt*innen f\u00fcr die Verh\u00fctung des Atomkrieges"},"content":{"rendered":"<p><a href=\"https:\/\/www.ippnw.de\/aktiv-werden\/termine\/veranstaltungsreihe-ukrainekrieg.html?fbclid=IwAR1XGRLMP-4en6sHGa7Erq0A656jT_NakDNDsqPdNPYJncTJk7zoWYEKM_0\">https:\/\/www.ippnw.de\/aktiv-werden\/termine\/veranstaltungsreihe-ukrainekrieg.html?fbclid=IwAR1XGRLMP-4en6sHGa7Erq0A656jT_NakDNDsqPdNPYJncTJk7zoWYEKM_0<\/a><\/p>\n","protected":false},"excerpt":{"rendered":"<p>https:\/\/www.ippnw.de\/aktiv-werden\/termine\/veranstaltungsreihe-ukrainekrieg.html?fbclid=IwAR1XGRLMP-4en6sHGa7Erq0A656jT_NakDNDsqPdNPYJncTJk7zoWYEKM_0<\/p>\n","protected":false},"author":2,"featured_media":0,"comment_status":"open","ping_status":"open","sticky":false,"template":"","format":"standard","meta":{"footnotes":""},"categories":[1],"tags":[],"class_list":["post-7095","post","type-post","status-publish","format-standard","hentry","category-allgemein"],"_links":{"self":[{"href":"https:\/\/www.friedensplattform.at\/index.php?rest_route=\/wp\/v2\/posts\/7095","targetHints":{"allow":["GET"]}}],"collection":[{"href":"https:\/\/www.friedensplattform.at\/index.php?rest_route=\/wp\/v2\/posts"}],"about":[{"href":"https:\/\/www.friedensplattform.at\/index.php?rest_route=\/wp\/v2\/types\/post"}],"author":[{"embeddable":true,"href":"https:\/\/www.friedensplattform.at\/index.php?rest_route=\/wp\/v2\/users\/2"}],"replies":[{"embeddable":true,"href":"https:\/\/www.friedensplattform.at\/index.php?rest_route=%2Fwp%2Fv2%2Fcomments&post=7095"}],"version-history":[{"count":1,"href":"https:\/\/www.friedensplattform.at\/index.php?rest_route=\/wp\/v2\/posts\/7095\/revisions"}],"predecessor-version":[{"id":7097,"href":"https:\/\/www.friedensplattform.at\/index.php?rest_route=\/wp\/v2\/posts\/7095\/revisions\/7097"}],"wp:attachment":[{"href":"https:\/\/www.friedensplattform.at\/index.php?rest_route=%2Fwp%2Fv2%2Fmedia&parent=7095"}],"wp:term":[{"taxonomy":"category","embeddable":true,"href":"https:\/\/www.friedensplattform.at\/index.php?rest_route=%2Fwp%2Fv2%2Fcategories&post=7095"},{"taxonomy":"post_tag","embeddable":true,"href":"https:\/\/www.friedensplattform.at\/index.php?rest_route=%2Fwp%2Fv2%2Ftags&post=7095"}],"curies":[{"name":"wp","href":"https:\/\/api.w.org\/{rel}","templated":true}]}}