{"id":7101,"date":"2023-02-02T20:09:15","date_gmt":"2023-02-02T20:09:15","guid":{"rendered":"http:\/\/www.friedensplattform.at\/?p=7101"},"modified":"2023-02-02T20:12:31","modified_gmt":"2023-02-02T20:12:31","slug":"veranstaltungsbericht-palaestinensische-beduininnen-und-ihre-zukunft-im-naqabnegev","status":"publish","type":"post","link":"https:\/\/www.friedensplattform.at\/?p=7101","title":{"rendered":"Veranstaltungsbericht: Pal\u00e4stinensische Beduin:innen und ihre Zukunft im Naqab\/Negev"},"content":{"rendered":"<h4>Bericht von Roswitha Al- Hussein<br role=\"presentation\" \/><strong><span dir=\"ltr\" role=\"presentation\">Am 27. J\u00e4nner 2023 konnten wir von der Steirischen Friedensplattform und der Pal\u00e4stina Solidarit\u00e4t<\/span><\/strong><br role=\"presentation\" \/><strong><span dir=\"ltr\" role=\"presentation\">Steiermark die Architektin und Aktivistin Nadia Alatawneh in Graz zu einer Veranstaltung begr\u00fc\u00dfen.<\/span><\/strong><\/h4>\n<p><a href=\"http:\/\/www.friedensplattform.at\/wp-content\/uploads\/2023\/02\/327905658_1531104323967662_3910114445950305451_n.jpg\"><img loading=\"lazy\" decoding=\"async\" class=\"wp-image-7103 alignleft\" src=\"http:\/\/www.friedensplattform.at\/wp-content\/uploads\/2023\/02\/327905658_1531104323967662_3910114445950305451_n-300x135.jpg\" alt=\"\" width=\"393\" height=\"177\" srcset=\"https:\/\/www.friedensplattform.at\/wp-content\/uploads\/2023\/02\/327905658_1531104323967662_3910114445950305451_n-300x135.jpg 300w, https:\/\/www.friedensplattform.at\/wp-content\/uploads\/2023\/02\/327905658_1531104323967662_3910114445950305451_n-768x346.jpg 768w, https:\/\/www.friedensplattform.at\/wp-content\/uploads\/2023\/02\/327905658_1531104323967662_3910114445950305451_n-1024x461.jpg 1024w, https:\/\/www.friedensplattform.at\/wp-content\/uploads\/2023\/02\/327905658_1531104323967662_3910114445950305451_n.jpg 1200w\" sizes=\"auto, (max-width: 393px) 100vw, 393px\" \/><\/a><\/p>\n<p>&nbsp;<\/p>\n<p>&nbsp;<\/p>\n<p><br role=\"presentation\" \/><span dir=\"ltr\" role=\"presentation\">Rund 20 Teilnehmer:innen gewannen \u00fcber ihren \u00e4u\u00dferst interessanten Vortrag einen Einblick in das<\/span><br role=\"presentation\" \/><span dir=\"ltr\" role=\"presentation\">beduinische Leben in der W\u00fcste Al-Nakab und in die besonderen Herausforderungen, mit denen sie<\/span><br role=\"presentation\" \/><span dir=\"ltr\" role=\"presentation\">unter israelischer Herrschaft konfrontiert sind.<\/span><\/p>\n<p><!--more--><\/p>\n<p><span dir=\"ltr\" role=\"presentation\">Nadia Alatawneh konnte mit zahlreichen Fotos aus dem Familienalbum, Karten<\/span><span dir=\"ltr\" role=\"presentation\">material und<\/span><br role=\"presentation\" \/><span dir=\"ltr\" role=\"presentation\">Beh\u00f6rdendokumenten das reichhaltige beduinische Leben in der W\u00fcste Al-Nakab bereits lange vor<\/span><br role=\"presentation\" \/><span dir=\"ltr\" role=\"presentation\">der israelischen Staatsgr\u00fcndung belegen. Seit Jahrhunderten leben dort die<\/span><br role=\"presentation\" \/><span dir=\"ltr\" role=\"presentation\">Beduin:innen in Einheit mit der Natur. Durch Erfahrungen lernten sie, wie sie auf<\/span><br role=\"presentation\" \/><span dir=\"ltr\" role=\"presentation\">ideale Wei<\/span><span dir=\"ltr\" role=\"presentation\">se die Bedingungen der W\u00fcste f\u00fcr ihre wirtschaftliche Grundlage<\/span><br role=\"presentation\" \/><span dir=\"ltr\" role=\"presentation\">nachhaltig nutzen k\u00f6nnen. Ihre Existenz sicherten sie nicht nur durch Viehwirtschaft,<\/span><br role=\"presentation\" \/><span dir=\"ltr\" role=\"presentation\">sondern ebenfalls durch den Anbau von Ge<\/span><span dir=\"ltr\" role=\"presentation\">treide, Obst und Gem\u00fcse. Noch unter den<\/span><br role=\"presentation\" \/><span dir=\"ltr\" role=\"presentation\">Osmanen exportierten sie j\u00e4hrlich 40 Schiffladungen Getreide nach Europa. Die<\/span><br role=\"presentation\" \/><span dir=\"ltr\" role=\"presentation\">traditionelle Lebensweise der Nakab-Beduin:innen ist eine Mischform zwischen<\/span><br role=\"presentation\" \/><span dir=\"ltr\" role=\"presentation\">Nomadentum und Sesshaftigkeit, wovon auch ihre Bauten zeugen. Diese setzen sich<\/span><br role=\"presentation\" \/><span dir=\"ltr\" role=\"presentation\">aus beweglichen und fixen Bauten zusammen als auch unterirdischen und<\/span><br role=\"presentation\" \/><span dir=\"ltr\" role=\"presentation\">oberirdischen. So k\u00f6nnen sie die klimati<\/span><span dir=\"ltr\" role=\"presentation\">schen Bedingungen vorteilhaft f\u00fcr sich<\/span><br role=\"presentation\" \/><span dir=\"ltr\" role=\"presentation\">nutzen, wie Getreidesilos un<\/span><span dir=\"ltr\" role=\"presentation\">terirdisch anle<\/span><span dir=\"ltr\" role=\"presentation\">gen, je nach Jahreszeit Weide-fl\u00e4chen<\/span><br role=\"presentation\" \/><span dir=\"ltr\" role=\"presentation\">nutzen oder B\u00f6den nach mehreren Jahren der Bewirt-schaftung zwecks Erholung der<\/span><br role=\"presentation\" \/><span dir=\"ltr\" role=\"presentation\">Erde wieder brach<\/span><br role=\"presentation\" \/><span dir=\"ltr\" role=\"presentation\">liegen lassen. Bereits<\/span><br role=\"presentation\" \/><span dir=\"ltr\" role=\"presentation\">1900 wurde die<\/span><br role=\"presentation\" \/><span dir=\"ltr\" role=\"presentation\">Stadt Bir-Sab\u2018a von<\/span><br role=\"presentation\" \/><span dir=\"ltr\" role=\"presentation\">allen<\/span><br role=\"presentation\" \/><span dir=\"ltr\" role=\"presentation\">Beduinenst\u00e4mmen<\/span><br role=\"presentation\" \/><span dir=\"ltr\" role=\"presentation\">gemein-sam als Handels-, Kultur- und<\/span><br role=\"presentation\" \/><span dir=\"ltr\" role=\"presentation\">Verwaltungszentrum<\/span> <span dir=\"ltr\" role=\"presentation\">gegr\u00fcn-det.<\/span><br role=\"presentation\" \/><span dir=\"ltr\" role=\"presentation\">Auch davon durften wir Bilder sehen.<\/span><br role=\"presentation\" \/><span dir=\"ltr\" role=\"presentation\">Israel ben\u00f6tigt die Erz\u00e4hlung von<\/span><br role=\"presentation\" \/><span dir=\"ltr\" role=\"presentation\">einem unbewohnten Land Pal\u00e4stina<\/span><br role=\"presentation\" \/><span dir=\"ltr\" role=\"presentation\">f\u00fcr seine kolonialen Absichten, aber<\/span><br role=\"presentation\" \/><span dir=\"ltr\" role=\"presentation\">sie bleibt dennoch eine L\u00fcge.<\/span> <br role=\"presentation\" \/><span dir=\"ltr\" role=\"presentation\">Gr\u00fcn: beduinische <\/span><br role=\"presentation\" \/><span dir=\"ltr\" role=\"presentation\">Stammesgebiete vor <\/span><br role=\"presentation\" \/><span dir=\"ltr\" role=\"presentation\">1948<\/span><br role=\"presentation\" \/><span dir=\"ltr\" role=\"presentation\">Feierlichkeiten zur Gr\u00fcndung von Bir Sab&#8217;a 1900, aus N.A. Familienalbum <\/span><\/p>\n<div class=\"canvasWrapper\"><\/div>\n<p><span dir=\"ltr\" role=\"presentation\">Dieser<\/span> <span dir=\"ltr\" role=\"presentation\">Lebensgrundlagen<\/span> <span dir=\"ltr\" role=\"presentation\">wurden<\/span> <span dir=\"ltr\" role=\"presentation\">die<\/span><br role=\"presentation\" \/><span dir=\"ltr\" role=\"presentation\">Beduin:innen durch die israelische Staats<\/span><span dir=\"ltr\" role=\"presentation\">&#8211;<\/span><br role=\"presentation\" \/><span dir=\"ltr\" role=\"presentation\">gr\u00fcndung \u2013 der Nakba (Gro\u00dfe Katastrophe)<\/span><br role=\"presentation\" \/><span dir=\"ltr\" role=\"presentation\">beraubt. Die Nakab-W\u00fcste im S\u00fcden Pal\u00e4stinas<\/span><br role=\"presentation\" \/><span dir=\"ltr\" role=\"presentation\">gelegen wurde beim UN-Teilungsplans 1947 den<\/span><br role=\"presentation\" \/><span dir=\"ltr\" role=\"presentation\">Pal\u00e4stinenser:innen zugesprochen, jedoch von<\/span><br role=\"presentation\" \/><span dir=\"ltr\" role=\"presentation\">den israelischen Besatzungstruppen erobert.<\/span><br role=\"presentation\" \/><span dir=\"ltr\" role=\"presentation\">Dabei wurden 90% der Beduin:innen vertrieben<\/span><br role=\"presentation\" \/><span dir=\"ltr\" role=\"presentation\">oder ermordet. Die Verbliebenen wur<\/span><span dir=\"ltr\" role=\"presentation\">den von<\/span><br role=\"presentation\" \/><span dir=\"ltr\" role=\"presentation\">den Israelis in Reservate zwangsumgesiedelt. Diese k\u00fcnstlich angelegten D\u00f6rfer entsprechen<\/span><br role=\"presentation\" \/><span dir=\"ltr\" role=\"presentation\">\u00fcberhaupt nicht ihrer Lebensform. Heute gibt es drei Dorfar<\/span><span dir=\"ltr\" role=\"presentation\">ten: die verwalteten D\u00f6rfer (k\u00fcnstlich<\/span><br role=\"presentation\" \/><span dir=\"ltr\" role=\"presentation\">angelegten), acht anerkannte D\u00f6rfer und 35 nicht-anerkannte D\u00f6rfer. Diese unterschieden sich in<\/span><br role=\"presentation\" \/><span dir=\"ltr\" role=\"presentation\">ihrer Infrastruktur ekla<\/span><span dir=\"ltr\" role=\"presentation\">tant. Die nicht-anerkannten D\u00f6rfer sind nicht ans \u00f6ffentliche Strom-, Wasser-<\/span><br role=\"presentation\" \/><span dir=\"ltr\" role=\"presentation\">und Kanalnetz angeschlossen, haben keine Gesundheitskliniken und staatliche Schu<\/span><span dir=\"ltr\" role=\"presentation\">len. Obwohl ihre<\/span><br role=\"presentation\" \/><span dir=\"ltr\" role=\"presentation\">Bewohner:innen israelische Staatsb\u00fcrger:innen sind. Dar\u00fcber<\/span><span dir=\"ltr\" role=\"presentation\">hinaus sind sie einer permanenten<\/span><br role=\"presentation\" \/><span dir=\"ltr\" role=\"presentation\">israelischen Repression ausgesetzt. Ihre D\u00f6rfer werden regelm\u00e4\u00dfig von Polizei und Soldaten<\/span><br role=\"presentation\" \/><span dir=\"ltr\" role=\"presentation\">\u00fcberfallen und ihre H\u00e4user abgerissen. So wurde das Dorf Al-Akarib bereits 213 mal abgerissen. Die<\/span><br role=\"presentation\" \/><span dir=\"ltr\" role=\"presentation\">Beduin:innen leisten Widerstand: sie bauen ihre H\u00e4user wieder auf, sie machen Demonstrationen<\/span><br role=\"presentation\" \/><span dir=\"ltr\" role=\"presentation\">und fordern ihre Rechte ebenfalls am Gerichtsweg ein. Viele von ihnen verf\u00fcgen \u00fcber Besitzurkunden<\/span><br role=\"presentation\" \/><span dir=\"ltr\" role=\"presentation\">noch aus osmanischer Zeit oder k\u00f6nnen beispielsweise belegen, an die britische Kolonialmacht<\/span><br role=\"presentation\" \/><span dir=\"ltr\" role=\"presentation\">Steuern f\u00fcr ihr Land und Tiere gezahlt zu haben. Taktik der israelischen Regierung ist es, solche<\/span><br role=\"presentation\" \/><span dir=\"ltr\" role=\"presentation\">Gerichtsverfahren zu verschlep<\/span><span dir=\"ltr\" role=\"presentation\">pen, damit es nie zu einer Entscheidung kommt, erz\u00e4hlt Nadia<\/span><br role=\"presentation\" \/><span dir=\"ltr\" role=\"presentation\">Alatawneh. Gegen die Demonstrationen geht die israelische Polizei hart vor. Die Vortragende zeigte<\/span><br role=\"presentation\" \/><span dir=\"ltr\" role=\"presentation\">Bilder von Tr\u00e4nengasgranaten, welche von Drohnen \u00fcber den Demonstrierenden abgeworfen<\/span><br role=\"presentation\" \/><span dir=\"ltr\" role=\"presentation\">wurden.<\/span><br role=\"presentation\" \/><span dir=\"ltr\" role=\"presentation\">Eine wichtige Rolle in der Vertreibung der Beduin:innen spielt der J\u00fcdische Natio<\/span><span dir=\"ltr\" role=\"presentation\">nalfond (JNF). Dieser<\/span><br role=\"presentation\" \/><span dir=\"ltr\" role=\"presentation\">vom Zionistischen Kongress 1901 gegr\u00fcndete Fond betrach<\/span><span dir=\"ltr\" role=\"presentation\">tet es als seine Aufgabe, Land in Pal\u00e4stina<\/span><br role=\"presentation\" \/><span dir=\"ltr\" role=\"presentation\">aufzukaufen und es ausschlie\u00dflich an j\u00fcdische Menschen weiterzu<\/span><span dir=\"ltr\" role=\"presentation\">ver<\/span><span dir=\"ltr\" role=\"presentation\">kaufen bzw. an die israelische<\/span><br role=\"presentation\" \/><span dir=\"ltr\" role=\"presentation\">Regierung zu \u00fcber<\/span><span dir=\"ltr\" role=\"presentation\">geben. Der JNF verwaltet \u00fcber 90% des israelischen Staatsbesitzes (mit). Im Naqab<\/span><br role=\"presentation\" \/><span dir=\"ltr\" role=\"presentation\">betreibt der JNF Greenwashing. Auf dem von Beduin:innen<\/span><br role=\"presentation\" \/><span dir=\"ltr\" role=\"presentation\">geraubten Land werden W\u00e4lder und Parkanlagen errichtet. Diese<\/span><br role=\"presentation\" \/><span dir=\"ltr\" role=\"presentation\">verfolgen den Zweck, jegliche Spuren von Besiedelung vor 1948<\/span><br role=\"presentation\" \/><span dir=\"ltr\" role=\"presentation\">auszul\u00f6schen. JNF und die israelische Kolonialregierung stellen<\/span><br role=\"presentation\" \/><span dir=\"ltr\" role=\"presentation\">sich gerne als die Begr\u00fcner der W\u00fcste dar und sammeln daf\u00fcr<\/span><br role=\"presentation\" \/><span dir=\"ltr\" role=\"presentation\">weltweit Spenden. Die W\u00e4lder tragen dann die Namen der<\/span><br role=\"presentation\" \/><span dir=\"ltr\" role=\"presentation\">Spender. Nadia Alatawneh zeigte Bildern von solchen Tafeln wie<\/span><br role=\"presentation\" \/><span dir=\"ltr\" role=\"presentation\">Wald der deutschen L\u00e4nder, Th\u00fcringer Wald, Berliner Wald und<\/span><br role=\"presentation\" \/><span dir=\"ltr\" role=\"presentation\">Gedenksteinen z.B. der SPD, welche auf den Grundst\u00fccken von vertriebenen Beduin:innen stehen!<\/span><br role=\"presentation\" \/><span dir=\"ltr\" role=\"presentation\">Solche W\u00e4lder verletzen nicht nur die Menschenrechte, sondern sind auch \u00f6kologisch sch\u00e4dlich. Die<\/span><br role=\"presentation\" \/><span dir=\"ltr\" role=\"presentation\">aus Europa importierten B\u00e4ume verderben den Boden und passen nicht in das W\u00fcstenklima,<\/span><br role=\"presentation\" \/><span dir=\"ltr\" role=\"presentation\">berichtet Nadia Alatawneh. So kommt es immer wieder zu verheerenden Waldbr\u00e4nden. Und die<\/span><br role=\"presentation\" \/><span dir=\"ltr\" role=\"presentation\">W\u00e4lder ben\u00f6tigen viel Wasser. Dieses Wasser gibt es nicht in der W\u00fcste und wird so vom See<\/span><br role=\"presentation\" \/><span dir=\"ltr\" role=\"presentation\">Genezareth und den Bergen in der Westbank umgeleitet, d.h. den Pal\u00e4stinenser:innen gestohlen.<\/span><br role=\"presentation\" \/><span dir=\"ltr\" role=\"presentation\">Trotz der Beteiligung des JNF an Verbrechen gegen\u00fcber den Pal\u00e4stinenser:innen genie\u00dft diese<\/span><br role=\"presentation\" \/><span dir=\"ltr\" role=\"presentation\">weltweite Organisation NGO-Status und Steuerfreiheit in <\/span><span dir=\"ltr\" role=\"presentation\">den USA,<\/span><span dir=\"ltr\" role=\"presentation\"> Deutschland und \u00d6sterreich.<\/span><br role=\"presentation\" \/><span dir=\"ltr\" role=\"presentation\">Zum Schluss ihres Vortrages zeigte uns Nadia Alatawneh Ausschnitte aus ihrer Masterarbeit, in<\/span><br role=\"presentation\" \/><span dir=\"ltr\" role=\"presentation\">welcher sie sich mit nachhaltiger, den Bed\u00fcrfnissen der Beduin:innen entsprechenden, l\u00e4ndlicher<\/span><br role=\"presentation\" \/><span dir=\"ltr\" role=\"presentation\">Architektur besch\u00e4ftigte. Sie ist die ers<\/span><span dir=\"ltr\" role=\"presentation\">te Beduinin, die an der Universit\u00e4t von Tel Aviv Architektur<\/span><\/p>\n<div class=\"canvasWrapper\"><\/div>\n<p><span dir=\"ltr\" role=\"presentation\">studierte. Ihre Vision von einem beduinischen Dorf, in welchem traditionelle Lebensweise mit<\/span><br role=\"presentation\" \/><span dir=\"ltr\" role=\"presentation\">moder<\/span><span dir=\"ltr\" role=\"presentation\">ner Infrastruktur in Harmonie mit der W\u00fcste und \u00f6kologisch nachhaltig verkn\u00fcpft ist, wirkte<\/span><br role=\"presentation\" \/><span dir=\"ltr\" role=\"presentation\">auf alle Anwesenden besonders einladend. Zugleich war allen bewusst, dass von einer<\/span><br role=\"presentation\" \/><span dir=\"ltr\" role=\"presentation\">Apartheidregierung keine L\u00f6sung f\u00fcr die Diskriminierung der Be<\/span><span dir=\"ltr\" role=\"presentation\">duin:innen zu erwarten ist. <\/span><span dir=\"ltr\" role=\"presentation\">Ihre<\/span><br role=\"presentation\" \/><span dir=\"ltr\" role=\"presentation\">anhaltende Vertreibung aus dem Nakab geht Hand in Hand mit den Vertreibungen in der Westbank,<\/span><br role=\"presentation\" \/><span dir=\"ltr\" role=\"presentation\">der Rassismus gegen\u00fcber den indigenen Bewohner:innen innerhalb des israelischen Staatsgebietes<br role=\"presentation\" \/>ist die Kehrseite der Besatzung und des Apartheidsystems in Gaza und Westbank.<\/span><\/p>\n<p>&nbsp;<\/p>\n<p>&nbsp;<\/p>\n<p>&nbsp;<\/p>\n<p>&nbsp;<\/p>\n<p>&nbsp;<\/p>\n<p>&nbsp;<\/p>\n<p>&nbsp;<\/p>\n<p>&nbsp;<\/p>\n<p>&nbsp;<\/p>\n","protected":false},"excerpt":{"rendered":"<p>Bericht von Roswitha Al- HusseinAm 27. J\u00e4nner 2023 konnten wir von der Steirischen Friedensplattform und der Pal\u00e4stina Solidarit\u00e4tSteiermark die Architektin und Aktivistin Nadia Alatawneh in Graz zu einer Veranstaltung begr\u00fc\u00dfen. &nbsp; &nbsp; Rund 20 Teilnehmer:innen gewannen \u00fcber ihren \u00e4u\u00dferst interessanten Vortrag einen Einblick in dasbeduinische Leben in der W\u00fcste Al-Nakab und in die besonderen Herausforderungen, &hellip; <a href=\"https:\/\/www.friedensplattform.at\/?p=7101\" class=\"more-link\"><span class=\"screen-reader-text\">Veranstaltungsbericht: Pal\u00e4stinensische Beduin:innen und ihre Zukunft im Naqab\/Negev<\/span> weiterlesen <span class=\"meta-nav\">&rarr;<\/span><\/a><\/p>\n","protected":false},"author":2,"featured_media":0,"comment_status":"open","ping_status":"open","sticky":false,"template":"","format":"standard","meta":{"footnotes":""},"categories":[1],"tags":[],"class_list":["post-7101","post","type-post","status-publish","format-standard","hentry","category-allgemein"],"_links":{"self":[{"href":"https:\/\/www.friedensplattform.at\/index.php?rest_route=\/wp\/v2\/posts\/7101","targetHints":{"allow":["GET"]}}],"collection":[{"href":"https:\/\/www.friedensplattform.at\/index.php?rest_route=\/wp\/v2\/posts"}],"about":[{"href":"https:\/\/www.friedensplattform.at\/index.php?rest_route=\/wp\/v2\/types\/post"}],"author":[{"embeddable":true,"href":"https:\/\/www.friedensplattform.at\/index.php?rest_route=\/wp\/v2\/users\/2"}],"replies":[{"embeddable":true,"href":"https:\/\/www.friedensplattform.at\/index.php?rest_route=%2Fwp%2Fv2%2Fcomments&post=7101"}],"version-history":[{"count":3,"href":"https:\/\/www.friedensplattform.at\/index.php?rest_route=\/wp\/v2\/posts\/7101\/revisions"}],"predecessor-version":[{"id":7109,"href":"https:\/\/www.friedensplattform.at\/index.php?rest_route=\/wp\/v2\/posts\/7101\/revisions\/7109"}],"wp:attachment":[{"href":"https:\/\/www.friedensplattform.at\/index.php?rest_route=%2Fwp%2Fv2%2Fmedia&parent=7101"}],"wp:term":[{"taxonomy":"category","embeddable":true,"href":"https:\/\/www.friedensplattform.at\/index.php?rest_route=%2Fwp%2Fv2%2Fcategories&post=7101"},{"taxonomy":"post_tag","embeddable":true,"href":"https:\/\/www.friedensplattform.at\/index.php?rest_route=%2Fwp%2Fv2%2Ftags&post=7101"}],"curies":[{"name":"wp","href":"https:\/\/api.w.org\/{rel}","templated":true}]}}