{"id":711,"date":"2009-01-28T09:00:30","date_gmt":"2009-01-28T07:00:30","guid":{"rendered":"http:\/\/www.luxorbis.org\/friedensplattform.at\/?p=711"},"modified":"2009-01-28T09:00:30","modified_gmt":"2009-01-28T07:00:30","slug":"naechstes-treffen-der-steirischen-friedensplattform","status":"publish","type":"post","link":"https:\/\/www.friedensplattform.at\/?p=711","title":{"rendered":"N&#228;chstes Treffen der Steirischen Friedensplattform"},"content":{"rendered":"<p>N\u00e4chstes Treffen der Steirischen Friedensplattform<br \/>\n<strong>Freitag, den 30. J\u00e4nner um 16,30<br \/>\nin der Gr\u00fcnen Akademie,<br \/>\nPaulustorgasse 3\/1<\/strong><\/p>\n<p><strong><!--more--><br \/>\n<\/strong><\/p>\n<p>Deshalb dort, weil anschlie\u00dfend um 18, 00 Uhr einige am selben<br \/>\nOrt folgenden Vortrag besuchen wollen:<br \/>\nVeranstaltungsreihe09<br \/>\nIst der Neoliberalismus am Ende? &#8211; Strategien f\u00fcr Gerechtigkeit<br \/>\nglobal &#8211; regional &#8211; lokal<br \/>\nWie wurde die Welt an den Rand des Ruins gebracht?<br \/>\nFr 30.1., 18-21 Uhr, Ort: Gr\u00fcne Akademie,Paulustorgasse 3\/1<br \/>\nVortrag von: Friedrich Schiller, National\u00f6konom, AUGE, Wien<br \/>\nEine v\u00f6llig fehlgeleitete Entwicklung f\u00fchrte zur Finanz- und Wirtschaftskrise.<br \/>\nVon der Subprime-Krise zur Kreditkrise, von der Kreditkrise zur Bankenkrise, von der Bankenkrise zur Finanzkrise von der Finanzkrise zur Wirtschaftskrise&#8230;<br \/>\nVeranstalterIn: Gr\u00fcne Akademie mit der AUGE\/UG &#8211; Alternative, Gr\u00fcne und Unabh\u00e4ngige GewerkschafterInnen<br \/>\nThemen des Treffens am Freitag:<\/p>\n<p>* die Veranstaltung an der Uni,<br \/>\n* die Weiterarbeit auf der Ebene der Parteien.<\/p>\n","protected":false},"excerpt":{"rendered":"<p>N\u00e4chstes Treffen der Steirischen Friedensplattform Freitag, den 30. J\u00e4nner um 16,30 in der Gr\u00fcnen Akademie, Paulustorgasse 3\/1<\/p>\n","protected":false},"author":1,"featured_media":0,"comment_status":"open","ping_status":"open","sticky":false,"template":"","format":"standard","meta":{"footnotes":""},"categories":[19],"tags":[],"class_list":["post-711","post","type-post","status-publish","format-standard","hentry","category-termine"],"_links":{"self":[{"href":"https:\/\/www.friedensplattform.at\/index.php?rest_route=\/wp\/v2\/posts\/711","targetHints":{"allow":["GET"]}}],"collection":[{"href":"https:\/\/www.friedensplattform.at\/index.php?rest_route=\/wp\/v2\/posts"}],"about":[{"href":"https:\/\/www.friedensplattform.at\/index.php?rest_route=\/wp\/v2\/types\/post"}],"author":[{"embeddable":true,"href":"https:\/\/www.friedensplattform.at\/index.php?rest_route=\/wp\/v2\/users\/1"}],"replies":[{"embeddable":true,"href":"https:\/\/www.friedensplattform.at\/index.php?rest_route=%2Fwp%2Fv2%2Fcomments&post=711"}],"version-history":[{"count":0,"href":"https:\/\/www.friedensplattform.at\/index.php?rest_route=\/wp\/v2\/posts\/711\/revisions"}],"wp:attachment":[{"href":"https:\/\/www.friedensplattform.at\/index.php?rest_route=%2Fwp%2Fv2%2Fmedia&parent=711"}],"wp:term":[{"taxonomy":"category","embeddable":true,"href":"https:\/\/www.friedensplattform.at\/index.php?rest_route=%2Fwp%2Fv2%2Fcategories&post=711"},{"taxonomy":"post_tag","embeddable":true,"href":"https:\/\/www.friedensplattform.at\/index.php?rest_route=%2Fwp%2Fv2%2Ftags&post=711"}],"curies":[{"name":"wp","href":"https:\/\/api.w.org\/{rel}","templated":true}]}}