{"id":7121,"date":"2023-02-11T21:10:11","date_gmt":"2023-02-11T21:10:11","guid":{"rendered":"http:\/\/www.friedensplattform.at\/?p=7121"},"modified":"2023-03-16T06:52:07","modified_gmt":"2023-03-16T06:52:07","slug":"das-recht-auf-wehrdienstverweigerung","status":"publish","type":"post","link":"https:\/\/www.friedensplattform.at\/?p=7121","title":{"rendered":"Das Recht auf Kriegsdienstverweigerung"},"content":{"rendered":"<h3><a href=\"http:\/\/www.friedensplattform.at\/wp-content\/uploads\/2023\/02\/3315287811304583879.jpg\"><img loading=\"lazy\" decoding=\"async\" class=\"alignleft size-medium wp-image-7143\" src=\"http:\/\/www.friedensplattform.at\/wp-content\/uploads\/2023\/02\/3315287811304583879-225x300.jpg\" alt=\"\" width=\"225\" height=\"300\" srcset=\"https:\/\/www.friedensplattform.at\/wp-content\/uploads\/2023\/02\/3315287811304583879-225x300.jpg 225w, https:\/\/www.friedensplattform.at\/wp-content\/uploads\/2023\/02\/3315287811304583879-768x1024.jpg 768w, https:\/\/www.friedensplattform.at\/wp-content\/uploads\/2023\/02\/3315287811304583879.jpg 1536w\" sizes=\"auto, (max-width: 225px) 100vw, 225px\" \/><\/a><a href=\"http:\/\/www.friedensplattform.at\/wp-content\/uploads\/2023\/02\/images.jpg\"><img loading=\"lazy\" decoding=\"async\" class=\"alignleft size-medium wp-image-7127\" src=\"http:\/\/www.friedensplattform.at\/wp-content\/uploads\/2023\/02\/images-300x232.jpg\" alt=\"\" width=\"300\" height=\"232\" srcset=\"https:\/\/www.friedensplattform.at\/wp-content\/uploads\/2023\/02\/images-300x232.jpg 300w, https:\/\/www.friedensplattform.at\/wp-content\/uploads\/2023\/02\/images-768x593.jpg 768w, https:\/\/www.friedensplattform.at\/wp-content\/uploads\/2023\/02\/images.jpg 994w\" sizes=\"auto, (max-width: 300px) 100vw, 300px\" \/><\/a><a href=\"http:\/\/www.friedensplattform.at\/wp-content\/uploads\/2023\/02\/VA-Helmreich-Graz.pdf\">VA Helmreich Graz<\/a><\/h3>\n<h3><strong>Lesung &amp; Gespr\u00e4ch mit Karl Helmreich<\/strong><\/h3>\n<p><strong>Freitag, 24. Februar 2023<\/strong><br \/>\n<strong>18:00 Uhr<\/strong><br \/>\n<strong>John Ogilvie Haus<\/strong><br \/>\n<strong>Graz, Zinzendorfgasse 3<\/strong><\/p>\n<p>&nbsp;<\/p>\n<p>&nbsp;<\/p>\n<p><a href=\"http:\/\/www.friedensplattform.at\/wp-content\/uploads\/2023\/02\/1592228603210197338.jpg\"><img loading=\"lazy\" decoding=\"async\" class=\"alignleft size-medium wp-image-7145\" src=\"http:\/\/www.friedensplattform.at\/wp-content\/uploads\/2023\/02\/1592228603210197338-300x225.jpg\" alt=\"\" width=\"300\" height=\"225\" srcset=\"https:\/\/www.friedensplattform.at\/wp-content\/uploads\/2023\/02\/1592228603210197338-300x225.jpg 300w, https:\/\/www.friedensplattform.at\/wp-content\/uploads\/2023\/02\/1592228603210197338-768x576.jpg 768w, https:\/\/www.friedensplattform.at\/wp-content\/uploads\/2023\/02\/1592228603210197338-1024x768.jpg 1024w, https:\/\/www.friedensplattform.at\/wp-content\/uploads\/2023\/02\/1592228603210197338.jpg 2048w\" sizes=\"auto, (max-width: 300px) 100vw, 300px\" \/><\/a><a href=\"http:\/\/www.friedensplattform.at\/wp-content\/uploads\/2023\/02\/7636108594432123436.jpg\"><img loading=\"lazy\" decoding=\"async\" class=\"alignleft size-medium wp-image-7147\" src=\"http:\/\/www.friedensplattform.at\/wp-content\/uploads\/2023\/02\/7636108594432123436-300x225.jpg\" alt=\"\" width=\"300\" height=\"225\" srcset=\"https:\/\/www.friedensplattform.at\/wp-content\/uploads\/2023\/02\/7636108594432123436-300x225.jpg 300w, https:\/\/www.friedensplattform.at\/wp-content\/uploads\/2023\/02\/7636108594432123436-768x576.jpg 768w, https:\/\/www.friedensplattform.at\/wp-content\/uploads\/2023\/02\/7636108594432123436-1024x768.jpg 1024w, https:\/\/www.friedensplattform.at\/wp-content\/uploads\/2023\/02\/7636108594432123436.jpg 2048w\" sizes=\"auto, (max-width: 300px) 100vw, 300px\" \/><\/a>Das war ein gelungener Abend mit einer Diskussion \u00fcber Pazifismus im allgemeinen und im speziellen im Falle des Ukraine-Kriegs.Die Antikriegslieder gingen unter die Haut.Karl Helmreich, der Benediktinerm\u00f6nch, erwies sich als fachkundiger Referent zum Thema Kriegsdienstverweigerung.<\/p>\n<p>&nbsp;<\/p>\n<p>&nbsp;<\/p>\n<p>&nbsp;<\/p>\n<p>&nbsp;<\/p>\n<p>Musikalische Einbegleitung: Gerald Schreiner, Gitarre<br \/>\n\u201eNein, meine S\u00f6hne geb&#8216; ich nicht\u201c sang Reinhard Mey 1986, als die Friedensbewegung \u2013 aus Angst vor einem Atomkrieg \u2013<br \/>\neine Hoch-Zeit hatte.<\/p>\n<p><!--more--><\/p>\n<p>&nbsp;<\/p>\n<p>\u201eSie werden nicht in Reih&#8216; und Glied marschieren, nicht durchhalten, nicht k\u00e4mpfen bis zuletzt, auf<br \/>\neinem gottverlass&#8217;nen Feld erfrieren, w\u00e4hrend ihr euch in weiche Kissen setzt \u2026 Nein, meine S\u00f6hne geb&#8216; ich nicht!\u201c<br \/>\nDas Lied ist zeitlos aktuell \u2013 nicht nur im Krieg Russland-Ukraine und im Nahen Osten werden junge Menschen in Kriegen<br \/>\nverheizt. Die Thematik der Kriegsdienstverweigerung ber\u00fchrt auch unsere grunds\u00e4tzliche Einstellung zum Krieg. Ist es<br \/>\nethisch \u00fcberhaupt noch vertretbar, bei einem Krieg mitzutun? Der Krieg hat eine neue Dimension bekommen, weil er zu<br \/>\neinem Atomkrieg ausarten und das Ende der Menschheit herbeif\u00fchren kann.<br \/>\nKriegsdienstverweigerer und Deserteure heute \u2013 Helden oder Feiglinge? Exemplarisch f\u00fcr das Thema bringt der Abend<br \/>\nZeugnisse mutiger junger Menschen aus Russland, der Ukraine und Israel.<br \/>\nKarl Helmreich, Benediktiner des Stiftes Melk, hat pazifistische Texte zusammengetragen und wird einige Begr\u00fcndungen<br \/>\njunger Frauen und M\u00e4nner lesen, warum sie den Kriegsdienst und die Logik der Gewalt ablehnen. Ihre Stimmen sind auch<br \/>\neine unbequeme Wahrheit f\u00fcr die Gesellschaft ihrer Heimatl\u00e4nder. Z.B. Nimmt die Zahl von Wehrdienstverweiger:innen in<br \/>\nder Jugend Israels st\u00e4ndig zu. Ber\u00fchrend sind sie in der Klarheit ihrer Argumente und in der Bereitschaft, Gef\u00e4ngnis,<br \/>\nBenachteiligung und Unverst\u00e4ndnis auf sich zu nehmen. Ihr Friedensdienst verdient Anerkennung aller human denkenden<br \/>\nMenschen auch international und besonders durch das unterdr\u00fcckte pal\u00e4stinensische Volk. Ihr gewaltfreier Widerstand<br \/>\nbezeugt das Unrecht der Besatzung.<br \/>\nDie Themen des Abends:<br \/>\n&gt; Menschenrecht auf Wehrdienstverweigerung<br \/>\n&gt; \u00d6sterreich: die Entwicklung von Wehrdienstverweigerung\/Zivildienst<br \/>\n&gt; Russland &amp; Ukraine: Wehrdienstverpflichtung &amp; Lesung von Begr\u00fcndungen der Verweigerung<br \/>\n&gt; Israel: Wehrdienstverpflichtung, Bestrafung der Verweigerung &amp; Lesung von Begr\u00fcndungen junger Israeli<br \/>\n&gt; Publikumsgespr\u00e4ch<br \/>\nEintritt: Spenden erbeten<\/p>\n","protected":false},"excerpt":{"rendered":"<p>VA Helmreich Graz Lesung &amp; Gespr\u00e4ch mit Karl Helmreich Freitag, 24. Februar 2023 18:00 Uhr John Ogilvie Haus Graz, Zinzendorfgasse 3 &nbsp; &nbsp; Das war ein gelungener Abend mit einer Diskussion \u00fcber Pazifismus im allgemeinen und im speziellen im Falle des Ukraine-Kriegs.Die Antikriegslieder gingen unter die Haut.Karl Helmreich, der Benediktinerm\u00f6nch, erwies sich als fachkundiger Referent &hellip; <a href=\"https:\/\/www.friedensplattform.at\/?p=7121\" class=\"more-link\"><span class=\"screen-reader-text\">Das Recht auf Kriegsdienstverweigerung<\/span> weiterlesen <span class=\"meta-nav\">&rarr;<\/span><\/a><\/p>\n","protected":false},"author":2,"featured_media":0,"comment_status":"open","ping_status":"open","sticky":false,"template":"","format":"standard","meta":{"footnotes":""},"categories":[1],"tags":[],"class_list":["post-7121","post","type-post","status-publish","format-standard","hentry","category-allgemein"],"_links":{"self":[{"href":"https:\/\/www.friedensplattform.at\/index.php?rest_route=\/wp\/v2\/posts\/7121","targetHints":{"allow":["GET"]}}],"collection":[{"href":"https:\/\/www.friedensplattform.at\/index.php?rest_route=\/wp\/v2\/posts"}],"about":[{"href":"https:\/\/www.friedensplattform.at\/index.php?rest_route=\/wp\/v2\/types\/post"}],"author":[{"embeddable":true,"href":"https:\/\/www.friedensplattform.at\/index.php?rest_route=\/wp\/v2\/users\/2"}],"replies":[{"embeddable":true,"href":"https:\/\/www.friedensplattform.at\/index.php?rest_route=%2Fwp%2Fv2%2Fcomments&post=7121"}],"version-history":[{"count":6,"href":"https:\/\/www.friedensplattform.at\/index.php?rest_route=\/wp\/v2\/posts\/7121\/revisions"}],"predecessor-version":[{"id":7129,"href":"https:\/\/www.friedensplattform.at\/index.php?rest_route=\/wp\/v2\/posts\/7121\/revisions\/7129"}],"wp:attachment":[{"href":"https:\/\/www.friedensplattform.at\/index.php?rest_route=%2Fwp%2Fv2%2Fmedia&parent=7121"}],"wp:term":[{"taxonomy":"category","embeddable":true,"href":"https:\/\/www.friedensplattform.at\/index.php?rest_route=%2Fwp%2Fv2%2Fcategories&post=7121"},{"taxonomy":"post_tag","embeddable":true,"href":"https:\/\/www.friedensplattform.at\/index.php?rest_route=%2Fwp%2Fv2%2Ftags&post=7121"}],"curies":[{"name":"wp","href":"https:\/\/api.w.org\/{rel}","templated":true}]}}