{"id":713,"date":"2009-01-28T09:04:23","date_gmt":"2009-01-28T07:04:23","guid":{"rendered":"http:\/\/www.luxorbis.org\/friedensplattform.at\/?p=713"},"modified":"2009-01-28T09:04:23","modified_gmt":"2009-01-28T07:04:23","slug":"friedenspolitische-diskussion-2","status":"publish","type":"post","link":"https:\/\/www.friedensplattform.at\/?p=713","title":{"rendered":"Friedenspolitische Diskussion 2"},"content":{"rendered":"<p>In Fortsetzung der friedenspolitischen Diskussion hat Karl Kaser auf die Antwort von Franz S\u00f6lkner wiederum geantwortet:<\/p>\n<p><a href=\"Friedenspolitische Diskussion\" target=\"_blank\">Friedenspolitische Diskussion 1<\/a><\/p>\n<p>Antwortschreiben von Karl Kaser vom 12.01.2009:<\/p>\n<p><!--more--><\/p>\n<p>Lieber Franz,<\/p>\n<p>ich danke dir f\u00fcr deine ausf\u00fchrliche Erwiderung. Es tut mir leid, dass ich die Ausf\u00fchrlichkeit nicht erwidern kann, aber mir fehlt die Zeit.  Ich sch\u00e4tze sehr, dass du und Veronika euch die Zeit genommen habt, euch mit  meiner Sicht der Dinge auseinanderzusetzen. Wir kommen aus unterschiedlichen Ecken, unser aller Ziel ist jedoch &#8211; hoffentlich &#8211; das gleiche.<\/p>\n<p>Was nicht weg zu diskutieren ist, ist der Umstand, dass letztendlich beide Konfliktparteien eine Art von Zustand w\u00fcnschen, in dem nicht st\u00e4ndig Unschuldige, Frauen, Kinder, Greise und Greisinnen Opfer von Gewalttaten werden. Opferzahlen aufzurechnen bringt nichts. Es bringt auch nichts, die milit\u00e4rische \u00dcberlegenheit der Israelis als Argument zu verwenden. Ist mal so. Dass sie diese \u00dcberlegenheit in die Realit\u00e4t umsetzen,  entspricht (leider) der Logik von eskalierenden Konflikten.<\/p>\n<p>Beide Seiten haben aufgrund ihrer Geschichte eine bestimmte Sichtweise auf den Konflikt. Wenn wir die beiden Sichtweisen nicht respektieren, kommen wir nicht weiter.<\/p>\n<p>Aus meiner Sicht geht es nicht an, den Konflikt quasi als Fu\u00dfballspiel zu betrachten: Wir als \u201eFriedensplattform&#8220; \u201ehalten&#8220; f\u00fcr die Pal\u00e4stinenser, die Anderen werden ausgebuhlt. Hamas-Bomben auf israelische Ziele (zumal weitgehend unlenkbar) sind gut &#8211; was\/wen immer sie treffen sind gut, israelische Reaktion ist schlecht.<\/p>\n<p>Eskalierende Konflikte n\u00fctzen nur Extremisten auf beiden Seiten. Dass die Hamas urspr\u00fcnglich von den Israelis unterst\u00fctzt wurde, stimmt wahrscheinlich. Weswegen? Weil die israelische Rechte den Konflikt suchte und in der ersten (friedlichen) \u201eIntifada&#8220; in den 1980er Jahren das Hauptproblem des Konflikts sah. Auf die Hamas kann man jetzt \u201ehineindreschen&#8220;, auf den waffenlosen Aufstand konnte man damals nicht.<\/p>\n<p>Die Pal\u00e4stinenserInnen sind (leider) in der Strategie gespalten. Abbas als Nachfolger von Arafat mag zwar als Schw\u00e4chling abgetan werden, aber er hat mehr erreicht als die Hamas bislang. Wir wollen doch einen s\u00e4kularen Pal\u00e4stinenserstaat &#8211; oder?<\/p>\n<p>Ich habe Null gegen den Islam, und seit vielen Jahren versuche ich in meinen Vorlesungen, um Verst\u00e4ndnis f\u00fcr seine total positiven Werte zu werben (als Agnostiker). Eine  (schiitische) Hamas, die mehr oder weniger von den iranischen Schiiten lebt, als eine Art von Befreiungsbewegung zu akzeptieren, f\u00e4llt mir schwer.<\/p>\n<p>Es f\u00e4llt mir auch schwer zu akzeptieren, dass die Hamas (die zugegebenerma\u00dfen von  der Zivilbev\u00f6lkerung gew\u00e4hlt wurde) diese nun in Gei\u00dfelhaft nimmt. Als Linker, Gr\u00fcner, Humanit\u00e4rer, Friedenssuchender kann ich mit einer aus meiner Sicht rechtsextremen Vereinigung keine Solidarit\u00e4t entwickeln. Dies gilt f\u00fcr Analoges auf christlicher und j\u00fcdischer Seite selbstverst\u00e4ndlich auch.<\/p>\n<p>Es geht also nicht darum, die gem\u00fctliche b\u00fcrgerliche Mitte zu suchen, sondern die Augen zu \u00f6ffnen f\u00fcr jene Kr\u00e4fte auf beiden Seiten, die es satt haben &#8211; seit 60 Jahren- , einander zu bek\u00e4mpfen, als Israelis, die  Arabisch gelernt haben, als AraberInnen Hebr\u00e4isch gelernt haben, beide Kulturen studiert haben und (vielleicht) beide Kulturen (und viele Gemeinsamkeiten) leben.<\/p>\n<p>Weshalb sammeln wir nicht Geld f\u00fcr solche Organisationen, die wir total (friedensplattformerisch) unterst\u00fctzen k\u00f6nnen, anstatt in das aussichtslose Match zu gehen: das lautet, pal\u00e4stinesische Waffen sind besser als israelische. Das w\u00e4re etwas, wof\u00fcr ich mich wirklich engagieren k\u00f6nnte. Also?<\/p>\n<p>Jetzt ist meine \u201eEpistel&#8220; doch l\u00e4nger geworden, aber offenbar steckt ein wirkliches Anliegen dahinter&#8230;<\/p>\n<p>Herzlich,<\/p>\n<p>Karl<\/p>\n","protected":false},"excerpt":{"rendered":"<p>In Fortsetzung der friedenspolitischen Diskussion hat Karl Kaser auf die Antwort von Franz S\u00f6lkner wiederum geantwortet: Friedenspolitische Diskussion 1 Antwortschreiben von Karl Kaser vom 12.01.2009:<\/p>\n","protected":false},"author":1,"featured_media":0,"comment_status":"open","ping_status":"open","sticky":false,"template":"","format":"standard","meta":{"footnotes":""},"categories":[5],"tags":[],"class_list":["post-713","post","type-post","status-publish","format-standard","hentry","category-arabischer-raum"],"_links":{"self":[{"href":"https:\/\/www.friedensplattform.at\/index.php?rest_route=\/wp\/v2\/posts\/713","targetHints":{"allow":["GET"]}}],"collection":[{"href":"https:\/\/www.friedensplattform.at\/index.php?rest_route=\/wp\/v2\/posts"}],"about":[{"href":"https:\/\/www.friedensplattform.at\/index.php?rest_route=\/wp\/v2\/types\/post"}],"author":[{"embeddable":true,"href":"https:\/\/www.friedensplattform.at\/index.php?rest_route=\/wp\/v2\/users\/1"}],"replies":[{"embeddable":true,"href":"https:\/\/www.friedensplattform.at\/index.php?rest_route=%2Fwp%2Fv2%2Fcomments&post=713"}],"version-history":[{"count":0,"href":"https:\/\/www.friedensplattform.at\/index.php?rest_route=\/wp\/v2\/posts\/713\/revisions"}],"wp:attachment":[{"href":"https:\/\/www.friedensplattform.at\/index.php?rest_route=%2Fwp%2Fv2%2Fmedia&parent=713"}],"wp:term":[{"taxonomy":"category","embeddable":true,"href":"https:\/\/www.friedensplattform.at\/index.php?rest_route=%2Fwp%2Fv2%2Fcategories&post=713"},{"taxonomy":"post_tag","embeddable":true,"href":"https:\/\/www.friedensplattform.at\/index.php?rest_route=%2Fwp%2Fv2%2Ftags&post=713"}],"curies":[{"name":"wp","href":"https:\/\/api.w.org\/{rel}","templated":true}]}}