{"id":715,"date":"2009-01-28T23:37:53","date_gmt":"2009-01-28T21:37:53","guid":{"rendered":"http:\/\/www.luxorbis.org\/friedensplattform.at\/?p=715"},"modified":"2009-01-28T23:37:53","modified_gmt":"2009-01-28T21:37:53","slug":"kollektive-bestrafung","status":"publish","type":"post","link":"https:\/\/www.friedensplattform.at\/?p=715","title":{"rendered":"Kollektive Bestrafung"},"content":{"rendered":"<p>Israels Verbrechen an der Zivilbev\u00f6lkerung in Gaza<br \/>\n<em>Von Rolf Verleger<\/em><\/p>\n<p>Anfang kommender Woche erscheint im K\u00f6lner PapyRossa Verlag die zweite Auflage von Rolf Verlegers Buch \u00bbIsraels Irrweg. Eine j\u00fcdische Sicht\u00ab. In dem Band beschreibt der Autor seine j\u00fcdischen Wurzeln als pers\u00f6nlichen Hintergrund und umrei\u00dft die Geschichte des Zionismus.<\/p>\n<p><a title=\"Junge Welt\" href=\"http:\/\/www.jungewelt.de\/2009\/01-28\/018.php\" target=\"_blank\">Weiterlesen auf den Seiten der jungen Welt<\/a><\/p>\n","protected":false},"excerpt":{"rendered":"<p>Israels Verbrechen an der Zivilbev\u00f6lkerung in Gaza Von Rolf Verleger Anfang kommender Woche erscheint im K\u00f6lner PapyRossa Verlag die zweite Auflage von Rolf Verlegers Buch \u00bbIsraels Irrweg. Eine j\u00fcdische Sicht\u00ab. In dem Band beschreibt der Autor seine j\u00fcdischen Wurzeln als pers\u00f6nlichen Hintergrund und umrei\u00dft die Geschichte des Zionismus. Weiterlesen auf den Seiten der jungen Welt<\/p>\n","protected":false},"author":1,"featured_media":0,"comment_status":"open","ping_status":"open","sticky":false,"template":"","format":"standard","meta":{"footnotes":""},"categories":[5],"tags":[],"class_list":["post-715","post","type-post","status-publish","format-standard","hentry","category-arabischer-raum"],"_links":{"self":[{"href":"https:\/\/www.friedensplattform.at\/index.php?rest_route=\/wp\/v2\/posts\/715","targetHints":{"allow":["GET"]}}],"collection":[{"href":"https:\/\/www.friedensplattform.at\/index.php?rest_route=\/wp\/v2\/posts"}],"about":[{"href":"https:\/\/www.friedensplattform.at\/index.php?rest_route=\/wp\/v2\/types\/post"}],"author":[{"embeddable":true,"href":"https:\/\/www.friedensplattform.at\/index.php?rest_route=\/wp\/v2\/users\/1"}],"replies":[{"embeddable":true,"href":"https:\/\/www.friedensplattform.at\/index.php?rest_route=%2Fwp%2Fv2%2Fcomments&post=715"}],"version-history":[{"count":0,"href":"https:\/\/www.friedensplattform.at\/index.php?rest_route=\/wp\/v2\/posts\/715\/revisions"}],"wp:attachment":[{"href":"https:\/\/www.friedensplattform.at\/index.php?rest_route=%2Fwp%2Fv2%2Fmedia&parent=715"}],"wp:term":[{"taxonomy":"category","embeddable":true,"href":"https:\/\/www.friedensplattform.at\/index.php?rest_route=%2Fwp%2Fv2%2Fcategories&post=715"},{"taxonomy":"post_tag","embeddable":true,"href":"https:\/\/www.friedensplattform.at\/index.php?rest_route=%2Fwp%2Fv2%2Ftags&post=715"}],"curies":[{"name":"wp","href":"https:\/\/api.w.org\/{rel}","templated":true}]}}