{"id":7155,"date":"2023-03-16T06:32:20","date_gmt":"2023-03-16T06:32:20","guid":{"rendered":"http:\/\/www.friedensplattform.at\/?p=7155"},"modified":"2023-03-16T06:32:20","modified_gmt":"2023-03-16T06:32:20","slug":"ruestungstreiber-europa","status":"publish","type":"post","link":"https:\/\/www.friedensplattform.at\/?p=7155","title":{"rendered":"R\u00fcstungstreiber Europa"},"content":{"rendered":"<p dir=\"ltr\">Newsletter &#8211; R\u00fcstungstreiber Europa<br \/>\n(Eigener Bericht) \u2013 Die europ\u00e4ischen NATO-Staaten und die asiatisch-pazifischen Verb\u00fcndeten des Westens im Machtkampf gegen China haben ihre Gro\u00dfwaffeneinfuhr in den vergangenen Jahren st\u00e4rker gesteigert als jede andere Weltregion.<\/p>\n<p dir=\"ltr\"><!--more--><\/p>\n<p dir=\"ltr\">Das geht aus den j\u00fcngsten Waffenhandelsstatistiken des Stockholmer Forschungsinstituts SIPRI hervor. W\u00e4hrend etwa Afrika, S\u00fcdamerika und sogar der Nahe und Mittlere Osten ihre Gro\u00dfwaffenimporte im F\u00fcnfjahreszeitraum von <a href=\"tel:2018\">2018<\/a> bis <a href=\"tel:2022\">2022<\/a> gegen\u00fcber dem vorigen F\u00fcnfjahreszeitraum <a href=\"tel:2013\">(2013<\/a> bis <a href=\"tel:2017\">2017<\/a>) teils deutlich reduzierten, nahmen die Einfuhren der europ\u00e4ischen NATO-Staaten um 65 Prozent zu; sie bestanden zu beinahe zwei Dritteln aus Waffenk\u00e4ufen in den USA. Die USA stellten zwei F\u00fcnftel aller Waffenexporte weltweit. Deutschland liegt auf der Rangliste der Gro\u00dfwaffenexporte auf Platz f\u00fcnf; es verzeichnet starke Auftragsbest\u00e4nde, darunter 29 Kriegsschiffe \u2013 mehr als jedes andere Land. Weiteres R\u00fcstungswachstum ist vor allem in der NATO zu erwarten, wo ein Zielwert f\u00fcr die Milit\u00e4rhaushalte in H\u00f6he von drei Prozent der Wirtschaftsleistung diskutiert wird. Dramatische Steigerungen ihrer Wehretats k\u00fcndigen auch asiatisch-pazifische Rivalen Chinas an.<br \/>\nWeiterlesen<br \/>\n<a href=\"https:\/\/www.german-foreign-policy.com\/news\/detail\/9193\">https:\/\/www.german-foreign-policy.com\/news\/detail\/9193<\/a><\/p>\n","protected":false},"excerpt":{"rendered":"<p>Newsletter &#8211; R\u00fcstungstreiber Europa (Eigener Bericht) \u2013 Die europ\u00e4ischen NATO-Staaten und die asiatisch-pazifischen Verb\u00fcndeten des Westens im Machtkampf gegen China haben ihre Gro\u00dfwaffeneinfuhr in den vergangenen Jahren st\u00e4rker gesteigert als jede andere Weltregion.<\/p>\n","protected":false},"author":2,"featured_media":0,"comment_status":"open","ping_status":"open","sticky":false,"template":"","format":"standard","meta":{"footnotes":""},"categories":[1],"tags":[],"class_list":["post-7155","post","type-post","status-publish","format-standard","hentry","category-allgemein"],"_links":{"self":[{"href":"https:\/\/www.friedensplattform.at\/index.php?rest_route=\/wp\/v2\/posts\/7155","targetHints":{"allow":["GET"]}}],"collection":[{"href":"https:\/\/www.friedensplattform.at\/index.php?rest_route=\/wp\/v2\/posts"}],"about":[{"href":"https:\/\/www.friedensplattform.at\/index.php?rest_route=\/wp\/v2\/types\/post"}],"author":[{"embeddable":true,"href":"https:\/\/www.friedensplattform.at\/index.php?rest_route=\/wp\/v2\/users\/2"}],"replies":[{"embeddable":true,"href":"https:\/\/www.friedensplattform.at\/index.php?rest_route=%2Fwp%2Fv2%2Fcomments&post=7155"}],"version-history":[{"count":2,"href":"https:\/\/www.friedensplattform.at\/index.php?rest_route=\/wp\/v2\/posts\/7155\/revisions"}],"predecessor-version":[{"id":7159,"href":"https:\/\/www.friedensplattform.at\/index.php?rest_route=\/wp\/v2\/posts\/7155\/revisions\/7159"}],"wp:attachment":[{"href":"https:\/\/www.friedensplattform.at\/index.php?rest_route=%2Fwp%2Fv2%2Fmedia&parent=7155"}],"wp:term":[{"taxonomy":"category","embeddable":true,"href":"https:\/\/www.friedensplattform.at\/index.php?rest_route=%2Fwp%2Fv2%2Fcategories&post=7155"},{"taxonomy":"post_tag","embeddable":true,"href":"https:\/\/www.friedensplattform.at\/index.php?rest_route=%2Fwp%2Fv2%2Ftags&post=7155"}],"curies":[{"name":"wp","href":"https:\/\/api.w.org\/{rel}","templated":true}]}}