{"id":717,"date":"2009-01-28T23:44:07","date_gmt":"2009-01-28T21:44:07","guid":{"rendered":"http:\/\/www.luxorbis.org\/friedensplattform.at\/?p=717"},"modified":"2009-01-28T23:44:07","modified_gmt":"2009-01-28T21:44:07","slug":"neues-aus-belem-vom-weltsozialforum","status":"publish","type":"post","link":"https:\/\/www.friedensplattform.at\/?p=717","title":{"rendered":"Neues aus Belem vom Weltsozialforum"},"content":{"rendered":"<p>Das Weltsozialforum in Belem wurde heute Dienstag, den 27. J\u00e4nner am Nachmittag mit einer Grosss-Demonstration er\u00f6ffnet. Trotz tropischem Regen folgten Zehntausende dem Aufruf &#8211; meiner Sch\u00e4tzung nach weit \u00fcber 50.000. Die Demo begann bei den historischen Dockanlagen und f\u00fchrte in einem riesigen Bogen durch die Stadt. Unwahrscheinlich bunt war die Zusammensetzung des Demonstrationszugs: Indigene aus mehreren Kontinenten, GewerkschafterInnen, Stadtteilgruppen, Frauen- und Umweltschutzorganisationen usw. Immer wieder wurde unterstrichen, dass man\/frau nicht bereit ist &#8222;f\u00fcr die kapitalistische Krise zu bezahlen&#8220;.<\/p>\n<p><a title=\"www.linke.cc\" href=\"http:\/\/linke.cc\/news\/article.php?story=20090128091536792\" target=\"_blank\">Weiterlesen auf www.linke.cc<\/a><\/p>\n","protected":false},"excerpt":{"rendered":"<p>Das Weltsozialforum in Belem wurde heute Dienstag, den 27. J\u00e4nner am Nachmittag mit einer Grosss-Demonstration er\u00f6ffnet. Trotz tropischem Regen folgten Zehntausende dem Aufruf &#8211; meiner Sch\u00e4tzung nach weit \u00fcber 50.000. Die Demo begann bei den historischen Dockanlagen und f\u00fchrte in einem riesigen Bogen durch die Stadt. Unwahrscheinlich bunt war die Zusammensetzung des Demonstrationszugs: Indigene aus &hellip; <a href=\"https:\/\/www.friedensplattform.at\/?p=717\" class=\"more-link\"><span class=\"screen-reader-text\">Neues aus Belem vom Weltsozialforum<\/span> weiterlesen <span class=\"meta-nav\">&rarr;<\/span><\/a><\/p>\n","protected":false},"author":1,"featured_media":0,"comment_status":"open","ping_status":"open","sticky":false,"template":"","format":"standard","meta":{"footnotes":""},"categories":[7],"tags":[],"class_list":["post-717","post","type-post","status-publish","format-standard","hentry","category-asf-bewegung"],"_links":{"self":[{"href":"https:\/\/www.friedensplattform.at\/index.php?rest_route=\/wp\/v2\/posts\/717","targetHints":{"allow":["GET"]}}],"collection":[{"href":"https:\/\/www.friedensplattform.at\/index.php?rest_route=\/wp\/v2\/posts"}],"about":[{"href":"https:\/\/www.friedensplattform.at\/index.php?rest_route=\/wp\/v2\/types\/post"}],"author":[{"embeddable":true,"href":"https:\/\/www.friedensplattform.at\/index.php?rest_route=\/wp\/v2\/users\/1"}],"replies":[{"embeddable":true,"href":"https:\/\/www.friedensplattform.at\/index.php?rest_route=%2Fwp%2Fv2%2Fcomments&post=717"}],"version-history":[{"count":0,"href":"https:\/\/www.friedensplattform.at\/index.php?rest_route=\/wp\/v2\/posts\/717\/revisions"}],"wp:attachment":[{"href":"https:\/\/www.friedensplattform.at\/index.php?rest_route=%2Fwp%2Fv2%2Fmedia&parent=717"}],"wp:term":[{"taxonomy":"category","embeddable":true,"href":"https:\/\/www.friedensplattform.at\/index.php?rest_route=%2Fwp%2Fv2%2Fcategories&post=717"},{"taxonomy":"post_tag","embeddable":true,"href":"https:\/\/www.friedensplattform.at\/index.php?rest_route=%2Fwp%2Fv2%2Ftags&post=717"}],"curies":[{"name":"wp","href":"https:\/\/api.w.org\/{rel}","templated":true}]}}