{"id":7175,"date":"2023-04-05T12:35:09","date_gmt":"2023-04-05T12:35:09","guid":{"rendered":"http:\/\/www.friedensplattform.at\/?p=7175"},"modified":"2023-04-05T12:35:09","modified_gmt":"2023-04-05T12:35:09","slug":"palaestina-israel-un-heiliges-landvortrag-am-14-4-2023-in-graz","status":"publish","type":"post","link":"https:\/\/www.friedensplattform.at\/?p=7175","title":{"rendered":"Pal\u00e4stina Israel, (un) heiliges Land?Vortrag am 14.4.2023 in Graz"},"content":{"rendered":"<p style=\"text-align: center;\">Am 14.4.2023 wird es in der Salvatorpfarre in Graz einen Vortrag von Christine H\u00f6dl geben. Sie war dreimal als Menschenrechtsbeobachterin f\u00fcr je 3 Monate in Pal\u00e4stina.<\/p>\n<p>Beginn der Veranstaltung ist um 19.30 im Begegnungsraum der Pfarre.<\/p>\n","protected":false},"excerpt":{"rendered":"<p>Am 14.4.2023 wird es in der Salvatorpfarre in Graz einen Vortrag von Christine H\u00f6dl geben. Sie war dreimal als Menschenrechtsbeobachterin f\u00fcr je 3 Monate in Pal\u00e4stina. Beginn der Veranstaltung ist um 19.30 im Begegnungsraum der Pfarre.<\/p>\n","protected":false},"author":2,"featured_media":0,"comment_status":"open","ping_status":"open","sticky":false,"template":"","format":"standard","meta":{"footnotes":""},"categories":[1],"tags":[],"class_list":["post-7175","post","type-post","status-publish","format-standard","hentry","category-allgemein"],"_links":{"self":[{"href":"https:\/\/www.friedensplattform.at\/index.php?rest_route=\/wp\/v2\/posts\/7175","targetHints":{"allow":["GET"]}}],"collection":[{"href":"https:\/\/www.friedensplattform.at\/index.php?rest_route=\/wp\/v2\/posts"}],"about":[{"href":"https:\/\/www.friedensplattform.at\/index.php?rest_route=\/wp\/v2\/types\/post"}],"author":[{"embeddable":true,"href":"https:\/\/www.friedensplattform.at\/index.php?rest_route=\/wp\/v2\/users\/2"}],"replies":[{"embeddable":true,"href":"https:\/\/www.friedensplattform.at\/index.php?rest_route=%2Fwp%2Fv2%2Fcomments&post=7175"}],"version-history":[{"count":1,"href":"https:\/\/www.friedensplattform.at\/index.php?rest_route=\/wp\/v2\/posts\/7175\/revisions"}],"predecessor-version":[{"id":7177,"href":"https:\/\/www.friedensplattform.at\/index.php?rest_route=\/wp\/v2\/posts\/7175\/revisions\/7177"}],"wp:attachment":[{"href":"https:\/\/www.friedensplattform.at\/index.php?rest_route=%2Fwp%2Fv2%2Fmedia&parent=7175"}],"wp:term":[{"taxonomy":"category","embeddable":true,"href":"https:\/\/www.friedensplattform.at\/index.php?rest_route=%2Fwp%2Fv2%2Fcategories&post=7175"},{"taxonomy":"post_tag","embeddable":true,"href":"https:\/\/www.friedensplattform.at\/index.php?rest_route=%2Fwp%2Fv2%2Ftags&post=7175"}],"curies":[{"name":"wp","href":"https:\/\/api.w.org\/{rel}","templated":true}]}}