{"id":7181,"date":"2023-05-02T20:30:54","date_gmt":"2023-05-02T20:30:54","guid":{"rendered":"http:\/\/www.friedensplattform.at\/?p=7181"},"modified":"2023-07-03T15:11:27","modified_gmt":"2023-07-03T15:11:27","slug":"14-5-schlossbergplatz-nakba-gedenktag","status":"publish","type":"post","link":"https:\/\/www.friedensplattform.at\/?p=7181","title":{"rendered":"2.7. Schlossbergplatz: NAKBA GEDENKTAG"},"content":{"rendered":"<p><span dir=\"ltr\" role=\"presentation\"><a href=\"http:\/\/www.friedensplattform.at\/wp-content\/uploads\/2023\/05\/Screenshot-2023-05-02-at-22-51-20-GMX-Premium-E-Mail-made-in-Germany.png\"><img loading=\"lazy\" decoding=\"async\" class=\"alignleft size-medium wp-image-7187\" src=\"http:\/\/www.friedensplattform.at\/wp-content\/uploads\/2023\/05\/Screenshot-2023-05-02-at-22-51-20-GMX-Premium-E-Mail-made-in-Germany-214x300.png\" alt=\"\" width=\"214\" height=\"300\" srcset=\"https:\/\/www.friedensplattform.at\/wp-content\/uploads\/2023\/05\/Screenshot-2023-05-02-at-22-51-20-GMX-Premium-E-Mail-made-in-Germany-214x300.png 214w, https:\/\/www.friedensplattform.at\/wp-content\/uploads\/2023\/05\/Screenshot-2023-05-02-at-22-51-20-GMX-Premium-E-Mail-made-in-Germany.png 352w\" sizes=\"auto, (max-width: 214px) 100vw, 214px\" \/><\/a><\/span><\/p>\n<p>&nbsp;<\/p>\n<p><a href=\"http:\/\/www.friedensplattform.at\/wp-content\/uploads\/2023\/05\/Plakat-2.-Juli.pdf\">Plakat 2. Juli<\/a><\/p>\n<p><span dir=\"ltr\" role=\"presentation\">2.Juli 2023<\/span><br role=\"presentation\" \/><span dir=\"ltr\" role=\"presentation\">Sonntag, 2. Juli 2023<\/span><br role=\"presentation\" \/><span dir=\"ltr\" role=\"presentation\">18:00 bis 22:00<\/span><br role=\"presentation\" \/><span dir=\"ltr\" role=\"presentation\">Schlossbergplatz Graz<\/span><\/p>\n<p>&nbsp;<\/p>\n<p><strong><span dir=\"ltr\" role=\"presentation\">PROGRAMM<\/span><\/strong><br role=\"presentation\" \/><strong><span dir=\"ltr\" role=\"presentation\">\u2663<\/span><span dir=\"ltr\" role=\"presentation\">18:00 bis 22:00 <\/span><\/strong><br role=\"presentation\" \/><strong><span dir=\"ltr\" role=\"presentation\">Ausstellung \u201eFrieden ist<\/span><\/strong><br role=\"presentation\" \/><strong><span dir=\"ltr\" role=\"presentation\">m\u00f6glich \u2013 auch in<\/span><\/strong><br role=\"presentation\" \/><strong><span dir=\"ltr\" role=\"presentation\">Pal\u00e4stina\u201c<\/span><\/strong><br role=\"presentation\" \/><strong><span dir=\"ltr\" role=\"presentation\">\u2663<\/span> <span dir=\"ltr\" role=\"presentation\">ab 19:00<\/span><\/strong><br role=\"presentation\" \/><strong><span dir=\"ltr\" role=\"presentation\"> Musik von Hamza &amp;<\/span><\/strong><br role=\"presentation\" \/><strong><span dir=\"ltr\" role=\"presentation\">Freunden<\/span><\/strong><br role=\"presentation\" \/><strong><span dir=\"ltr\" role=\"presentation\">dazwischen:<\/span><\/strong><br role=\"presentation\" \/><strong><span dir=\"ltr\" role=\"presentation\">\u2663<\/span> <span dir=\"ltr\" role=\"presentation\">Berichte von Menschen-<\/span><\/strong><br role=\"presentation\" \/><strong><span dir=\"ltr\" role=\"presentation\">rechtseins\u00e4tzen in Pal\u00e4stina<\/span><\/strong><br role=\"presentation\" \/><strong><span dir=\"ltr\" role=\"presentation\">\u2663<\/span> <span dir=\"ltr\" role=\"presentation\">Pal\u00e4stinensische Gedichte<\/span><\/strong><br role=\"presentation\" \/><strong><span dir=\"ltr\" role=\"presentation\">\u2663<\/span> <span dir=\"ltr\" role=\"presentation\">Kurze Ansprachen<\/span><\/strong><\/p>\n<p><!--more--><\/p>\n<p><br role=\"presentation\" \/><span dir=\"ltr\" role=\"presentation\">1947 bis 1949 vertrieben zionistische Milizen und Israels<\/span><br role=\"presentation\" \/><span dir=\"ltr\" role=\"presentation\">Armee 750.000 Pal\u00e4stinenser:innen, entv\u00f6lkerten 11<\/span><br role=\"presentation\" \/><span dir=\"ltr\" role=\"presentation\">Stadtviertel und zerst\u00f6rten 430 D\u00f6rfer. Sie verfolgten ei<\/span><span dir=\"ltr\" role=\"presentation\">&#8211;<\/span><br role=\"presentation\" \/><span dir=\"ltr\" role=\"presentation\">nen Plan der systematischen ethnischen S\u00e4uberung, um<\/span><br role=\"presentation\" \/><span dir=\"ltr\" role=\"presentation\">einen rein j\u00fcdischen Staat zu schaffen. Das Ereignis nen<\/span><span dir=\"ltr\" role=\"presentation\">&#8211;<\/span><br role=\"presentation\" \/><span dir=\"ltr\" role=\"presentation\">nen die Pal\u00e4stinenser:innen \u201eNakba\u201c, gro\u00dfe Katastrophe \u2013<\/span><br role=\"presentation\" \/><span dir=\"ltr\" role=\"presentation\">eine Katastrophe, die bis heute andauert! Seit 75 Jahren<\/span><br role=\"presentation\" \/><span dir=\"ltr\" role=\"presentation\">enteignen die israelischen Regierungen pal\u00e4stinensisches<\/span><br role=\"presentation\" \/><span dir=\"ltr\" role=\"presentation\">Land, zerst\u00f6ren H\u00e4user der Pal\u00e4stinenser:innen, vernich<\/span><span dir=\"ltr\" role=\"presentation\">&#8211;<\/span><br role=\"presentation\" \/><span dir=\"ltr\" role=\"presentation\">ten ihre wirtschaftliche Grundlagen, entwurzeln ihre Oli<\/span><span dir=\"ltr\" role=\"presentation\">&#8211;<\/span><br role=\"presentation\" \/><span dir=\"ltr\" role=\"presentation\">venb\u00e4ume und erweitern die v\u00f6lkerrechtswidrigen Koloni<\/span><span dir=\"ltr\" role=\"presentation\">&#8211;<\/span><br role=\"presentation\" \/><span dir=\"ltr\" role=\"presentation\">al-Siedlungen. W\u00e4hrend j\u00fcdische Menschen aus der gan<\/span><span dir=\"ltr\" role=\"presentation\">&#8211;<\/span><br role=\"presentation\" \/><span dir=\"ltr\" role=\"presentation\">zen Welt nach Israel einwandern d\u00fcrfen, verweigert die<\/span><br role=\"presentation\" \/><span dir=\"ltr\" role=\"presentation\">israelische Besatzungsmacht entgegen der UN-Resolution<\/span><br role=\"presentation\" \/><span dir=\"ltr\" role=\"presentation\">194 noch immer die R\u00fcckkehr der pal\u00e4stinensischen<\/span><br role=\"presentation\" \/><span dir=\"ltr\" role=\"presentation\">Fl\u00fcchtlinge und ihrer Nachkommen.<\/span><br role=\"presentation\" \/><span dir=\"ltr\" role=\"presentation\">Die Lage in Pal\u00e4stina ist dramatisch. Die Existenz des pa<\/span><span dir=\"ltr\" role=\"presentation\">&#8211;<\/span><br role=\"presentation\" \/><span dir=\"ltr\" role=\"presentation\">l\u00e4stinensischen Volkes ist unter der neuen rechtsextre<\/span><span dir=\"ltr\" role=\"presentation\">&#8211;<\/span><br role=\"presentation\" \/><span dir=\"ltr\" role=\"presentation\">men Regierung mehr gef\u00e4hrdet als je zuvor. Seit 75 Jah<\/span><span dir=\"ltr\" role=\"presentation\">&#8211;<\/span><br role=\"presentation\" \/><span dir=\"ltr\" role=\"presentation\">ren leisten die Pal\u00e4stinenser:innen gegen dieses Unrecht<\/span><br role=\"presentation\" \/><span dir=\"ltr\" role=\"presentation\">Widerstand und halten an ihrem Recht auf einen eigenen<\/span><br role=\"presentation\" \/><span dir=\"ltr\" role=\"presentation\">Staat in ihrem Heimatland fest. <\/span><br role=\"presentation\" \/><span dir=\"ltr\" role=\"presentation\">Um an die traumatische Erfahrung der Vertreibungen zu<\/span><br role=\"presentation\" \/><span dir=\"ltr\" role=\"presentation\">erinnern, ihr Recht auf R\u00fcckkehr einzufordern und ihren<\/span><br role=\"presentation\" \/><span dir=\"ltr\" role=\"presentation\">Protest gegen die ethnischen S\u00e4uberungen, Besatzung<\/span><br role=\"presentation\" \/><span dir=\"ltr\" role=\"presentation\">und Belagerung, Landraub und Kolonialisierung ihres<\/span><br role=\"presentation\" \/><span dir=\"ltr\" role=\"presentation\">Landes und gegen Israels Politik der Apartheid zu zeigen,<\/span><br role=\"presentation\" \/><span dir=\"ltr\" role=\"presentation\">begehen die Pal\u00e4stinenser:innen und solidarische Men<\/span><span dir=\"ltr\" role=\"presentation\">&#8211;<\/span><br role=\"presentation\" \/><span dir=\"ltr\" role=\"presentation\">schen jedes Jahr am 15. Mai weltweit den \u201eNakba-Tag\u201c. <\/span><br role=\"presentation\" \/><span dir=\"ltr\" role=\"presentation\">Heuer zum ersten Mal auch in der UN-Vollversammlung.<\/span><br role=\"presentation\" \/><span dir=\"ltr\" role=\"presentation\">\u201cHeute wird diese Generalversammlung endlich das histo<\/span><span dir=\"ltr\" role=\"presentation\">&#8211;<\/span><br role=\"presentation\" \/><span dir=\"ltr\" role=\"presentation\">rische Unrecht anerkennen, das dem pal\u00e4stinensischen<\/span><br role=\"presentation\" \/><span dir=\"ltr\" role=\"presentation\">Volk widerfahren ist, indem sie eine Resolution verab<\/span><span dir=\"ltr\" role=\"presentation\">&#8211;<\/span><br role=\"presentation\" \/><span dir=\"ltr\" role=\"presentation\">schiedet, die beschlie\u00dft, des 75. Jahrestages der Nakba<\/span><br role=\"presentation\" \/><span dir=\"ltr\" role=\"presentation\">zu gedenken\u201d, erkl\u00e4rte der pal\u00e4stinensische UN-Gesandte<\/span><br role=\"presentation\" \/><span dir=\"ltr\" role=\"presentation\">Riyad Mansour vor den Vertreter:innen der 193 UN-Mit<\/span><span dir=\"ltr\" role=\"presentation\">&#8211;<\/span><br role=\"presentation\" \/><span dir=\"ltr\" role=\"presentation\">gliedsstaaten. Und Pr\u00e4sident Mahmud Abbas forderte die<\/span><br role=\"presentation\" \/><span dir=\"ltr\" role=\"presentation\">Delegierten eindringlich auf, dieses Unrecht zu beenden.<\/span> <br role=\"presentation\" \/><span dir=\"ltr\" role=\"presentation\">Kontakt:<\/span> <span dir=\"ltr\" role=\"presentation\">friedensplattform@gmx.at<\/span><br role=\"presentation\" \/><span dir=\"ltr\" role=\"presentation\">Spenden:<\/span> <span dir=\"ltr\" role=\"presentation\">AT94 4300 0000 0005 2128<\/span><\/p>\n","protected":false},"excerpt":{"rendered":"<p>&nbsp; Plakat 2. Juli 2.Juli 2023Sonntag, 2. Juli 202318:00 bis 22:00Schlossbergplatz Graz &nbsp; PROGRAMM\u266318:00 bis 22:00 Ausstellung \u201eFrieden istm\u00f6glich \u2013 auch inPal\u00e4stina\u201c\u2663 ab 19:00 Musik von Hamza &amp;Freundendazwischen:\u2663 Berichte von Menschen-rechtseins\u00e4tzen in Pal\u00e4stina\u2663 Pal\u00e4stinensische Gedichte\u2663 Kurze Ansprachen<\/p>\n","protected":false},"author":2,"featured_media":0,"comment_status":"open","ping_status":"open","sticky":false,"template":"","format":"standard","meta":{"footnotes":""},"categories":[1],"tags":[],"class_list":["post-7181","post","type-post","status-publish","format-standard","hentry","category-allgemein"],"_links":{"self":[{"href":"https:\/\/www.friedensplattform.at\/index.php?rest_route=\/wp\/v2\/posts\/7181","targetHints":{"allow":["GET"]}}],"collection":[{"href":"https:\/\/www.friedensplattform.at\/index.php?rest_route=\/wp\/v2\/posts"}],"about":[{"href":"https:\/\/www.friedensplattform.at\/index.php?rest_route=\/wp\/v2\/types\/post"}],"author":[{"embeddable":true,"href":"https:\/\/www.friedensplattform.at\/index.php?rest_route=\/wp\/v2\/users\/2"}],"replies":[{"embeddable":true,"href":"https:\/\/www.friedensplattform.at\/index.php?rest_route=%2Fwp%2Fv2%2Fcomments&post=7181"}],"version-history":[{"count":5,"href":"https:\/\/www.friedensplattform.at\/index.php?rest_route=\/wp\/v2\/posts\/7181\/revisions"}],"predecessor-version":[{"id":7241,"href":"https:\/\/www.friedensplattform.at\/index.php?rest_route=\/wp\/v2\/posts\/7181\/revisions\/7241"}],"wp:attachment":[{"href":"https:\/\/www.friedensplattform.at\/index.php?rest_route=%2Fwp%2Fv2%2Fmedia&parent=7181"}],"wp:term":[{"taxonomy":"category","embeddable":true,"href":"https:\/\/www.friedensplattform.at\/index.php?rest_route=%2Fwp%2Fv2%2Fcategories&post=7181"},{"taxonomy":"post_tag","embeddable":true,"href":"https:\/\/www.friedensplattform.at\/index.php?rest_route=%2Fwp%2Fv2%2Ftags&post=7181"}],"curies":[{"name":"wp","href":"https:\/\/api.w.org\/{rel}","templated":true}]}}