{"id":7197,"date":"2023-05-16T05:29:27","date_gmt":"2023-05-16T05:29:27","guid":{"rendered":"http:\/\/www.friedensplattform.at\/?p=7197"},"modified":"2023-07-03T15:10:40","modified_gmt":"2023-07-03T15:10:40","slug":"nakba-gedenktag-in-graz","status":"publish","type":"post","link":"https:\/\/www.friedensplattform.at\/?p=7197","title":{"rendered":"NAKBA Gedenktag in Graz"},"content":{"rendered":"<p><a href=\"http:\/\/www.friedensplattform.at\/wp-content\/uploads\/2023\/05\/IMG_3602.jpg\"><img loading=\"lazy\" decoding=\"async\" class=\"wp-image-7199 alignleft\" src=\"http:\/\/www.friedensplattform.at\/wp-content\/uploads\/2023\/05\/IMG_3602-1024x576.jpg\" alt=\"\" width=\"457\" height=\"257\" srcset=\"https:\/\/www.friedensplattform.at\/wp-content\/uploads\/2023\/05\/IMG_3602-1024x576.jpg 1024w, https:\/\/www.friedensplattform.at\/wp-content\/uploads\/2023\/05\/IMG_3602-300x169.jpg 300w, https:\/\/www.friedensplattform.at\/wp-content\/uploads\/2023\/05\/IMG_3602-768x432.jpg 768w\" sizes=\"auto, (max-width: 457px) 100vw, 457px\" \/><\/a><\/p>\n<div class=\"\" dir=\"auto\">\n<div id=\":rbm:\" class=\"x1iorvi4 x1pi30zi x1l90r2v x1swvt13\" data-ad-comet-preview=\"message\" data-ad-preview=\"message\">\n<div class=\"x78zum5 xdt5ytf xz62fqu x16ldp7u\">\n<div class=\"xu06os2 x1ok221b\">\n<div class=\"xdj266r x11i5rnm xat24cr x1mh8g0r x1vvkbs x126k92a\">\n<div dir=\"auto\"><strong>Aktion der Steirischen Friedensplattform zum NAKBA- Gedenktag. Zwischen 1947 und 1949 wurden 750.000 Pal\u00e4stinenserInnen vertrieben und 430 D\u00f6rfer zerst\u00f6rt. Die R\u00fcckkehr der Vertriebenen und ihrer Nachkommen<\/strong><\/div>\n<div dir=\"auto\"><strong>wird durch Israel trotz UNO Resolution 194 verweigert.<\/strong><\/div>\n<div dir=\"auto\"><strong>Die Pal\u00e4stinenserInnen brauchen unsere Solidarit\u00e4t!<\/strong><\/div>\n<\/div>\n<\/div>\n<\/div>\n<\/div>\n<\/div>\n","protected":false},"excerpt":{"rendered":"<p>Aktion der Steirischen Friedensplattform zum NAKBA- Gedenktag. Zwischen 1947 und 1949 wurden 750.000 Pal\u00e4stinenserInnen vertrieben und 430 D\u00f6rfer zerst\u00f6rt. Die R\u00fcckkehr der Vertriebenen und ihrer Nachkommen wird durch Israel trotz UNO Resolution 194 verweigert. Die Pal\u00e4stinenserInnen brauchen unsere Solidarit\u00e4t!<\/p>\n","protected":false},"author":2,"featured_media":0,"comment_status":"open","ping_status":"open","sticky":false,"template":"","format":"standard","meta":{"footnotes":""},"categories":[1],"tags":[],"class_list":["post-7197","post","type-post","status-publish","format-standard","hentry","category-allgemein"],"_links":{"self":[{"href":"https:\/\/www.friedensplattform.at\/index.php?rest_route=\/wp\/v2\/posts\/7197","targetHints":{"allow":["GET"]}}],"collection":[{"href":"https:\/\/www.friedensplattform.at\/index.php?rest_route=\/wp\/v2\/posts"}],"about":[{"href":"https:\/\/www.friedensplattform.at\/index.php?rest_route=\/wp\/v2\/types\/post"}],"author":[{"embeddable":true,"href":"https:\/\/www.friedensplattform.at\/index.php?rest_route=\/wp\/v2\/users\/2"}],"replies":[{"embeddable":true,"href":"https:\/\/www.friedensplattform.at\/index.php?rest_route=%2Fwp%2Fv2%2Fcomments&post=7197"}],"version-history":[{"count":4,"href":"https:\/\/www.friedensplattform.at\/index.php?rest_route=\/wp\/v2\/posts\/7197\/revisions"}],"predecessor-version":[{"id":7207,"href":"https:\/\/www.friedensplattform.at\/index.php?rest_route=\/wp\/v2\/posts\/7197\/revisions\/7207"}],"wp:attachment":[{"href":"https:\/\/www.friedensplattform.at\/index.php?rest_route=%2Fwp%2Fv2%2Fmedia&parent=7197"}],"wp:term":[{"taxonomy":"category","embeddable":true,"href":"https:\/\/www.friedensplattform.at\/index.php?rest_route=%2Fwp%2Fv2%2Fcategories&post=7197"},{"taxonomy":"post_tag","embeddable":true,"href":"https:\/\/www.friedensplattform.at\/index.php?rest_route=%2Fwp%2Fv2%2Ftags&post=7197"}],"curies":[{"name":"wp","href":"https:\/\/api.w.org\/{rel}","templated":true}]}}