{"id":72,"date":"2006-12-18T19:07:20","date_gmt":"2006-12-18T17:07:20","guid":{"rendered":"http:\/\/www.luxorbis.org\/friedensplattform.at\/?p=72"},"modified":"2006-12-18T19:07:20","modified_gmt":"2006-12-18T17:07:20","slug":"wir-wollen-frieden","status":"publish","type":"post","link":"https:\/\/www.friedensplattform.at\/?p=72","title":{"rendered":"&quot;Wir wollen Frieden&quot;"},"content":{"rendered":"<p><font><font size=\"2\" face=\"Arial\">JW-Interview 16.12.06 mit dem politischen Chef der Hamas-Bewegung.<\/font><\/font><\/p>\n<p>Gespr\u00e4ch mit Chaled Meschaal; \u00dcber die Anerkennung der Besatzungsmacht Israel, die Probleme der Hamas bei der Bildung einer pal\u00e4stinensischen Regierung der Nationalen Einheit und die Einmischung durch die CIA.<\/p>\n<p><a title=\"Link zur Uni Kassel\" target=\"_blank\" href=\"http:\/\/www.uni-kassel.de\/fb5\/frieden\/regionen\/Palaestina\/maschaal.html\">Link zum Interview <\/a><\/p>\n","protected":false},"excerpt":{"rendered":"<p>JW-Interview 16.12.06 mit dem politischen Chef der Hamas-Bewegung. Gespr\u00e4ch mit Chaled Meschaal; \u00dcber die Anerkennung der Besatzungsmacht Israel, die Probleme der Hamas bei der Bildung einer pal\u00e4stinensischen Regierung der Nationalen Einheit und die Einmischung durch die CIA. Link zum Interview<\/p>\n","protected":false},"author":1,"featured_media":0,"comment_status":"open","ping_status":"open","sticky":false,"template":"","format":"standard","meta":{"footnotes":""},"categories":[1,5],"tags":[],"class_list":["post-72","post","type-post","status-publish","format-standard","hentry","category-allgemein","category-arabischer-raum"],"_links":{"self":[{"href":"https:\/\/www.friedensplattform.at\/index.php?rest_route=\/wp\/v2\/posts\/72","targetHints":{"allow":["GET"]}}],"collection":[{"href":"https:\/\/www.friedensplattform.at\/index.php?rest_route=\/wp\/v2\/posts"}],"about":[{"href":"https:\/\/www.friedensplattform.at\/index.php?rest_route=\/wp\/v2\/types\/post"}],"author":[{"embeddable":true,"href":"https:\/\/www.friedensplattform.at\/index.php?rest_route=\/wp\/v2\/users\/1"}],"replies":[{"embeddable":true,"href":"https:\/\/www.friedensplattform.at\/index.php?rest_route=%2Fwp%2Fv2%2Fcomments&post=72"}],"version-history":[{"count":0,"href":"https:\/\/www.friedensplattform.at\/index.php?rest_route=\/wp\/v2\/posts\/72\/revisions"}],"wp:attachment":[{"href":"https:\/\/www.friedensplattform.at\/index.php?rest_route=%2Fwp%2Fv2%2Fmedia&parent=72"}],"wp:term":[{"taxonomy":"category","embeddable":true,"href":"https:\/\/www.friedensplattform.at\/index.php?rest_route=%2Fwp%2Fv2%2Fcategories&post=72"},{"taxonomy":"post_tag","embeddable":true,"href":"https:\/\/www.friedensplattform.at\/index.php?rest_route=%2Fwp%2Fv2%2Ftags&post=72"}],"curies":[{"name":"wp","href":"https:\/\/api.w.org\/{rel}","templated":true}]}}