{"id":7211,"date":"2023-05-24T13:55:47","date_gmt":"2023-05-24T13:55:47","guid":{"rendered":"http:\/\/www.friedensplattform.at\/?p=7211"},"modified":"2023-05-24T13:55:47","modified_gmt":"2023-05-24T13:55:47","slug":"trauer-um-winfried-wolf","status":"publish","type":"post","link":"https:\/\/www.friedensplattform.at\/?p=7211","title":{"rendered":"Trauer um Winfried Wolf"},"content":{"rendered":"<p><a href=\"http:\/\/www.friedensplattform.at\/wp-content\/uploads\/2023\/05\/csm_WolfWinnie_377b0a74e2.jpg\"><img loading=\"lazy\" decoding=\"async\" class=\"alignleft size-medium wp-image-7215\" src=\"http:\/\/www.friedensplattform.at\/wp-content\/uploads\/2023\/05\/csm_WolfWinnie_377b0a74e2-300x300.jpg\" alt=\"\" width=\"300\" height=\"300\" srcset=\"https:\/\/www.friedensplattform.at\/wp-content\/uploads\/2023\/05\/csm_WolfWinnie_377b0a74e2-300x300.jpg 300w, https:\/\/www.friedensplattform.at\/wp-content\/uploads\/2023\/05\/csm_WolfWinnie_377b0a74e2-150x150.jpg 150w, https:\/\/www.friedensplattform.at\/wp-content\/uploads\/2023\/05\/csm_WolfWinnie_377b0a74e2.jpg 720w\" sizes=\"auto, (max-width: 300px) 100vw, 300px\" \/><\/a>Der Promedia Verlag trauert um einen seiner meistgelesenen und gesellschaftlich einflussreichsten Autoren \u2013 und um einen guten Freund und jahrzehntelangen Weggef\u00e4hrten.<\/p>\n<p>Winfried Wolf wurde 1949 in Horb am Neckar geboren und lebte in seinen Jugendjahre auf der Insel Mainau. Er studierte Politikwissenschaften in Freiburg und Berlin.<\/p>\n<p>Das Schreiben erledigte er nebenher, recherchierte meist auf Bahnfahrten, die ihn j\u00e4hrlich Tausende von Kilometern durch den deutschen Sprachraum f\u00fchrten \u2026 von einer Kundgebung der von ihm mitbegr\u00fcndeten Bewegung gegen \u201eStuttgart 21\u201c zur Podiumsdiskussion einer Friedensgruppe, die dort seine \u201eZeitung gegen den Krieg\u201c verteilte.<\/p>\n<p>&nbsp;<\/p>\n<p><!--more--><\/p>\n<p>&nbsp;<\/p>\n<p>Winfried Wolf war durch und durch politisch. Und er war ein gestandener Linker. Den marxistischen \u00d6konomen Ernest Mandel z\u00e4hlte er zu seinen wichtigsten Lehrern. Acht Jahre lang \u2013 zwischen 1994 und 2002 \u2013 sa\u00df Winfried Wolf f\u00fcr die PDS (\u201ePartei des Demokratischen Sozialismus\u201c) im Deutschen Bundestag. Als verkehrspolitischer Sprecher machte er sich einen Namen weit \u00fcber die Parteigrenzen hinaus; und er brachte seinen Namen mit dem B\u00fcndnis \u201eBahn f\u00fcr Alle\u201c gegen die Privatisierungspl\u00e4ne der Deutschen Bahn in Stellung.<\/p>\n<p>Winfried Wolf war ein Besessener, im besten Sinn besessen von der Idee, einer von Kapital getriebenen Gesellschaft eine menschengerechte, demokratische, solidarische gegen\u00fcberzustellen. Mehr noch: eine solche konkret zu entwickeln. Die Welt br\u00e4uchte viele solche Besessene, um eine bessere zu werden.<\/p>\n<p>Ab 2008 ver\u00f6ffentlichte Winfried Wolf unter seiner \u00c4gide das Quartalsblatt \u201eLunapark 21\u201c, eine \u2013 wie es im Untertitel hei\u00dft \u2013 Zeitschrift zur Kritik der globalen \u00d6konomie. Das Netzwerk der dort schreibenden Autorinnen und Autoren \u00fcberlebte sogar die h\u00e4rtesten Auseinandersetzungen in der Zeit der Corona-Ma\u00dfnahmen, in der sich Winfried Wolf mit der Initiative \u201eZero Covid\u201c lautstark zu Wort meldete.<\/p>\n<p>Seine schwere Krebskrankheit, die er selbst offenlegte, \u00fcberlebte Winfried Wolf nicht. Er starb am 22. Mai 2023 in der Berliner Charit\u00e9. Ein gro\u00dfer K\u00e4mpfer ist nicht mehr.<\/p>\n<p>In tiefer Trauer<\/p>\n<p>Hannes Hofbauer &amp; Stefan Kraft (Promedia Verlag)<\/p>\n<p>&nbsp;<\/p>\n<p><u>Von Winfried Wolf sind im Promedia Verlag erschienen:<\/u><\/p>\n<p>*) Verkehr-Umwelt-Klima. Die Globalisierung des Tempowahns: <a href=\"https:\/\/deref-gmx.net\/mail\/client\/L7gKjoTbzcY\/dereferrer\/?redirectUrl=https%3A%2F%2Fmediashop.at%2Fbuecher%2Fverkehr-umwelt-klima-2%2F\">https:\/\/mediashop.at\/buecher\/verkehr-umwelt-klima-2\/<\/a><\/p>\n<p>*) Sieben Krisen \u2013 ein Crash: <a href=\"https:\/\/deref-gmx.net\/mail\/client\/8d7i73xizkU\/dereferrer\/?redirectUrl=https%3A%2F%2Fmediashop.at%2Fbuecher%2Fsieben-krisen-ein-crash%2F\">https:\/\/mediashop.at\/buecher\/sieben-krisen-ein-crash\/<\/a><\/p>\n<p>*) zusammen mit Nikos Chilas: Die griechische Trag\u00f6die. Rebellion, Kapitulation, Ausverkauf: <a href=\"https:\/\/deref-gmx.net\/mail\/client\/Sxsy5JCaUaw\/dereferrer\/?redirectUrl=https%3A%2F%2Fmediashop.at%2Fbuecher%2Fdie-griechische-tragoedie-2%2F\">https:\/\/mediashop.at\/buecher\/die-griechische-tragoedie-2\/<\/a><\/p>\n<p>*) Mit dem Elektroauto in die Sackgasse. Warum E-Mobilit\u00e4t den Klimawandel beschleunigt: <a href=\"https:\/\/deref-gmx.net\/mail\/client\/srv1mqXpj38\/dereferrer\/?redirectUrl=https%3A%2F%2Fmediashop.at%2Fbuecher%2Fmit-dem-elektroauto-in-die-sackgasse-2%2F\">https:\/\/mediashop.at\/buecher\/mit-dem-elektroauto-in-die-sackgasse-2\/<\/a><\/p>\n<p>*) Tempowahn. Vom Fetisch der Geschwindigkeit zur Notwendigkeit der Entschleunigung: <a href=\"https:\/\/deref-gmx.net\/mail\/client\/c2youSzPSAo\/dereferrer\/?redirectUrl=https%3A%2F%2Fmediashop.at%2Fbuecher%2Ftempowahn%2F\">https:\/\/mediashop.at\/buecher\/tempowahn\/<\/a><\/p>\n<p>&#8212; Promedia Verlag Rotenl\u00f6wengasse 8\/4 A-1090 Wien Tel.: 0043\/1\/405 27 02 Fax: 0043\/1\/405 27 02 -22 <a href=\"mailto:promedia@mediashop.at\">promedia@mediashop.at<\/a> <a href=\"https:\/\/deref-gmx.net\/mail\/client\/iPYDFl_d3F4\/dereferrer\/?redirectUrl=http%3A%2F%2Fwww.mediashop.at\">www.mediashop.at<\/a> <a href=\"https:\/\/deref-gmx.net\/mail\/client\/TsO_nT_yCEM\/dereferrer\/?redirectUrl=http%3A%2F%2Fwww.verlag-promedia.de\">www.verlag-promedia.de<\/a> <a href=\"https:\/\/deref-gmx.net\/mail\/client\/PCWRfFDkU2Q\/dereferrer\/?redirectUrl=http%3A%2F%2Fwww.facebook.com%2Fpromediaverlag\">www.facebook.com\/promediaverlag<\/a><\/p>\n","protected":false},"excerpt":{"rendered":"<p>Der Promedia Verlag trauert um einen seiner meistgelesenen und gesellschaftlich einflussreichsten Autoren \u2013 und um einen guten Freund und jahrzehntelangen Weggef\u00e4hrten. Winfried Wolf wurde 1949 in Horb am Neckar geboren und lebte in seinen Jugendjahre auf der Insel Mainau. Er studierte Politikwissenschaften in Freiburg und Berlin. Das Schreiben erledigte er nebenher, recherchierte meist auf Bahnfahrten, &hellip; <a href=\"https:\/\/www.friedensplattform.at\/?p=7211\" class=\"more-link\"><span class=\"screen-reader-text\">Trauer um Winfried Wolf<\/span> weiterlesen <span class=\"meta-nav\">&rarr;<\/span><\/a><\/p>\n","protected":false},"author":2,"featured_media":0,"comment_status":"open","ping_status":"open","sticky":false,"template":"","format":"standard","meta":{"footnotes":""},"categories":[1],"tags":[],"class_list":["post-7211","post","type-post","status-publish","format-standard","hentry","category-allgemein"],"_links":{"self":[{"href":"https:\/\/www.friedensplattform.at\/index.php?rest_route=\/wp\/v2\/posts\/7211","targetHints":{"allow":["GET"]}}],"collection":[{"href":"https:\/\/www.friedensplattform.at\/index.php?rest_route=\/wp\/v2\/posts"}],"about":[{"href":"https:\/\/www.friedensplattform.at\/index.php?rest_route=\/wp\/v2\/types\/post"}],"author":[{"embeddable":true,"href":"https:\/\/www.friedensplattform.at\/index.php?rest_route=\/wp\/v2\/users\/2"}],"replies":[{"embeddable":true,"href":"https:\/\/www.friedensplattform.at\/index.php?rest_route=%2Fwp%2Fv2%2Fcomments&post=7211"}],"version-history":[{"count":1,"href":"https:\/\/www.friedensplattform.at\/index.php?rest_route=\/wp\/v2\/posts\/7211\/revisions"}],"predecessor-version":[{"id":7217,"href":"https:\/\/www.friedensplattform.at\/index.php?rest_route=\/wp\/v2\/posts\/7211\/revisions\/7217"}],"wp:attachment":[{"href":"https:\/\/www.friedensplattform.at\/index.php?rest_route=%2Fwp%2Fv2%2Fmedia&parent=7211"}],"wp:term":[{"taxonomy":"category","embeddable":true,"href":"https:\/\/www.friedensplattform.at\/index.php?rest_route=%2Fwp%2Fv2%2Fcategories&post=7211"},{"taxonomy":"post_tag","embeddable":true,"href":"https:\/\/www.friedensplattform.at\/index.php?rest_route=%2Fwp%2Fv2%2Ftags&post=7211"}],"curies":[{"name":"wp","href":"https:\/\/api.w.org\/{rel}","templated":true}]}}