{"id":7225,"date":"2023-06-10T07:42:25","date_gmt":"2023-06-10T07:42:25","guid":{"rendered":"http:\/\/www.friedensplattform.at\/?p=7225"},"modified":"2023-06-10T07:42:25","modified_gmt":"2023-06-10T07:42:25","slug":"erzwungener-ortswechsel-fuer-den-internationalen-friedensgipfel-in-wien","status":"publish","type":"post","link":"https:\/\/www.friedensplattform.at\/?p=7225","title":{"rendered":"Erzwungener Ortswechsel f\u00fcr den internationalen Friedensgipfel in Wien!"},"content":{"rendered":"<section class=\"elementor-section elementor-top-section elementor-element elementor-element-2adccda elementor-section-boxed elementor-section-height-default elementor-section-height-default\" data-id=\"2adccda\" data-element_type=\"section\">\n<div class=\"elementor-container elementor-column-gap-default\">\n<div class=\"elementor-row\">\n<div class=\"elementor-column elementor-col-100 elementor-top-column elementor-element elementor-element-5b70f17\" data-id=\"5b70f17\" data-element_type=\"column\">\n<div class=\"elementor-column-wrap elementor-element-populated\">\n<div class=\"elementor-widget-wrap\">\n<div class=\"elementor-element elementor-element-634dc03 elementor-widget elementor-widget-heading\" data-id=\"634dc03\" data-element_type=\"widget\" data-widget_type=\"heading.default\">\n<div class=\"elementor-widget-container\">\n<h2 class=\"elementor-heading-title elementor-size-default\"><\/h2>\n<\/div>\n<\/div>\n<section class=\"elementor-section elementor-inner-section elementor-element elementor-element-44849c1 elementor-section-boxed elementor-section-height-default elementor-section-height-default\" data-id=\"44849c1\" data-element_type=\"section\">\n<div class=\"elementor-container elementor-column-gap-default\">\n<div class=\"elementor-row\">\n<div class=\"elementor-column elementor-col-50 elementor-inner-column elementor-element elementor-element-c5a8677\" data-id=\"c5a8677\" data-element_type=\"column\" data-settings=\"{&quot;background_background&quot;:&quot;classic&quot;}\">\n<div class=\"elementor-column-wrap elementor-element-populated\">\n<div class=\"elementor-widget-wrap\">\n<div class=\"elementor-element elementor-element-744deac elementor-widget elementor-widget-image\" data-id=\"744deac\" data-element_type=\"widget\" data-widget_type=\"image.default\">\n<div class=\"elementor-widget-container\">\n<div class=\"elementor-image\"><a class=\"no-lightbox\" href=\"https:\/\/www.peacevienna.org\/\" target=\"_blank\" rel=\"noopener\"> <img loading=\"lazy\" decoding=\"async\" class=\"attachment-medium size-medium wp-image-18207\" src=\"https:\/\/abfang.org\/wp-60db5-content\/uploads\/2023\/06\/23Projektion_20230223_191940-002-300x217.jpg\" sizes=\"auto, (max-width: 300px) 100vw, 300px\" srcset=\"https:\/\/abfang.org\/wp-60db5-content\/uploads\/2023\/06\/23Projektion_20230223_191940-002-300x217.jpg 300w, https:\/\/abfang.org\/wp-60db5-content\/uploads\/2023\/06\/23Projektion_20230223_191940-002.jpg 508w\" alt=\"\" width=\"300\" height=\"217\" \/> <\/a><\/div>\n<\/div>\n<\/div>\n<div class=\"elementor-element elementor-element-7b3fbff elementor-widget elementor-widget-text-editor\" data-id=\"7b3fbff\" data-element_type=\"widget\" data-widget_type=\"text-editor.default\">\n<div class=\"elementor-widget-container\">\n<div class=\"elementor-text-editor elementor-clearfix\">\n<h5>&gt;<a href=\"https:\/\/www.peacevienna.org\/\" target=\"_blank\" rel=\"noopener\"> zum Programm des Friedensgipfels am 10. und 11. Juni<\/a><\/h5>\n<p>&nbsp;<\/p>\n<\/div>\n<\/div>\n<\/div>\n<\/div>\n<\/div>\n<\/div>\n<div class=\"elementor-column elementor-col-50 elementor-inner-column elementor-element elementor-element-1ec8a57\" data-id=\"1ec8a57\" data-element_type=\"column\">\n<div class=\"elementor-column-wrap elementor-element-populated\">\n<div class=\"elementor-widget-wrap\">\n<div class=\"elementor-element elementor-element-012e23a elementor-widget elementor-widget-text-editor\" data-id=\"012e23a\" data-element_type=\"widget\" data-widget_type=\"text-editor.default\">\n<div class=\"elementor-widget-container\">\n<div class=\"elementor-text-editor elementor-clearfix\">\n<p>(08. Juni 2023) Seit Dezember 2022 laufen die Vorbereitungen f\u00fcr den internationalen Friedensgipfel f\u00fcr die Ukraine \u201ePeace by peaceful means\u201c und seit zwei Wochen bl\u00e4st den Veranstaltern pl\u00f6tzlich ein Wind entgegen, voller Diffamierungen und nicht hinterfragter Behauptungen. Seltsamerweise wurden, laut unseren Recherchen, die Veranstalter und Mitgestalter selbst bisher von keiner einzigen Journalistin, keinem Journalisten dazu befragt.<\/p>\n<p><!--more--><\/p>\n<p>Hingegen werden Personen, die sich bisher nie in unserem B\u00fcndnis, das immerhin 41 Organisationen umfasst, zu Wort gemeldet haben, zur Konferenz befragt und als Informationsquelle herangezogen. Dies gipfelte gestern in der K\u00fcndigung der Mietvereinbarung f\u00fcr die Konferenzr\u00e4ume seitens des \u00d6GB, und dies zwei Tage vor der internationalen Konferenz. Daher haben wir f\u00fcr SIe hier die bisherigen Reaktionen der Veranstalter und von Mitarbeiter:innen des Friedensgipfels auf die diffamierenden Angriffe zusammengestellt:<br \/>\n&gt;<a href=\"https:\/\/abfang.org\/wp-60db5-content\/uploads\/2023\/06\/Der-Standard-unter-Propagandaverdacht_W-Wintersteiner_7-6-23.pdf\" target=\"_blank\" rel=\"noopener\">\u00a0<\/a><a href=\"https:\/\/abfang.org\/wp-60db5-content\/uploads\/2023\/06\/Stellungnahme-der-ISP-Organisatoren-zur-Absage-des-OeGB_8-6-23.pdf\" target=\"_blank\" rel=\"noopener\">Der demokratische Dialog findet statt \u2013 trotz Absage des \u00d6GB<\/a><br \/>\n&gt; <a href=\"https:\/\/abfang.org\/wp-60db5-content\/uploads\/2023\/06\/Der-Standard-unter-Propagandaverdacht_W-Wintersteiner_7-6-23.pdf\" target=\"_blank\" rel=\"noopener\">Der STANDARD unter Propagandaverdacht<\/a> (Werner Wintersteiner)<br \/>\n&gt;<a href=\"https:\/\/abfang.org\/wp-60db5-content\/uploads\/2023\/06\/Stellungnahme-der-ggae_7-6-23.pdf\" target=\"_blank\" rel=\"noopener\"> Stellungnahme der Gewerkschafter:innen gegen Atomenergie und Krieg<\/a><br \/>\n&gt;<a href=\"https:\/\/abfang.org\/wp-60db5-content\/uploads\/2023\/06\/Der-Standard-unter-Propagandaverdacht_W-Wintersteiner_7-6-23.pdf\" target=\"_blank\" rel=\"noopener\">\u00a0<\/a><a href=\"https:\/\/abfang.org\/wp-60db5-content\/uploads\/2023\/06\/Stellungnahme-der-ISP-Organisatoren-zur-Absage-des-OeGB_8-6-23.pdf\" target=\"_blank\" rel=\"noopener\">Stellungnahme der Organisatoren vom 7.6.<\/a> (vor der \u00d6GB-K\u00fcndigung)<br \/>\n&gt; <a href=\"https:\/\/abfang.org\/wp-60db5-content\/uploads\/2023\/06\/Ukraine_Die-Waffen-nieder-das-Gewissen-hoch.pdf\" target=\"_blank\" rel=\"noopener\">Ukraine: Die Waffen nieder das Gewissen hoch<\/a> (Beitrag aus \u201eDie Furche\u201c vom 6. Juni 2023)<\/p>\n<\/div>\n<\/div>\n<\/div>\n<\/div>\n<\/div>\n<\/div>\n<\/div>\n<\/div>\n<\/section>\n<\/div>\n<\/div>\n<\/div>\n<\/div>\n<\/div>\n<\/section>\n<p>&nbsp;<\/p>\n<section class=\"elementor-section elementor-top-section elementor-element elementor-element-6136c0d elementor-section-boxed elementor-section-height-default elementor-section-height-default\" data-id=\"6136c0d\" data-element_type=\"section\">\n<div class=\"elementor-background-overlay\"><\/div>\n<div class=\"elementor-container elementor-column-gap-default\">\n<div class=\"elementor-row\">\n<div class=\"elementor-column elementor-col-100 elementor-top-column elementor-element elementor-element-b6c7b42\" data-id=\"b6c7b42\" data-element_type=\"column\">\n<div class=\"elementor-column-wrap elementor-element-populated\">\n<div class=\"elementor-widget-wrap\">\n<div class=\"elementor-element elementor-element-c4217ba elementor-widget elementor-widget-heading\" data-id=\"c4217ba\" data-element_type=\"widget\" data-widget_type=\"heading.default\">\n<div class=\"elementor-widget-container\">\n<h2 class=\"elementor-heading-title elementor-size-default\">Internationaler Friedensgipfel am 10. und 11. Juni in Wien<\/h2>\n<\/div>\n<\/div>\n<section class=\"elementor-section elementor-inner-section elementor-element elementor-element-0557af4 elementor-section-boxed elementor-section-height-default elementor-section-height-default\" data-id=\"0557af4\" data-element_type=\"section\">\n<div class=\"elementor-container elementor-column-gap-default\">\n<div class=\"elementor-row\">\n<div class=\"elementor-column elementor-col-50 elementor-inner-column elementor-element elementor-element-7b2344b\" data-id=\"7b2344b\" data-element_type=\"column\" data-settings=\"{&quot;background_background&quot;:&quot;classic&quot;}\">\n<div class=\"elementor-column-wrap elementor-element-populated\">\n<div class=\"elementor-widget-wrap\">\n<div class=\"elementor-element elementor-element-19de344 elementor-widget elementor-widget-image\" data-id=\"19de344\" data-element_type=\"widget\" data-widget_type=\"image.default\">\n<div class=\"elementor-widget-container\">\n<div class=\"elementor-image\"><a class=\"no-lightbox\" href=\"https:\/\/www.peacevienna.org\/\" target=\"_blank\" rel=\"noopener\"> <img loading=\"lazy\" decoding=\"async\" class=\"attachment-medium size-medium wp-image-17870\" src=\"https:\/\/abfang.org\/wp-60db5-content\/uploads\/2023\/04\/peace-summit_h-246x300.jpg\" sizes=\"auto, (max-width: 246px) 100vw, 246px\" srcset=\"https:\/\/abfang.org\/wp-60db5-content\/uploads\/2023\/04\/peace-summit_h-246x300.jpg 246w, https:\/\/abfang.org\/wp-60db5-content\/uploads\/2023\/04\/peace-summit_h.jpg 679w\" alt=\"\" width=\"246\" height=\"300\" \/> <\/a><\/div>\n<\/div>\n<\/div>\n<div class=\"elementor-element elementor-element-414d57f elementor-widget elementor-widget-text-editor\" data-id=\"414d57f\" data-element_type=\"widget\" data-widget_type=\"text-editor.default\">\n<div class=\"elementor-widget-container\">\n<div class=\"elementor-text-editor elementor-clearfix\">\n<h5>&gt;<a href=\"https:\/\/www.peacevienna.org\/\" target=\"_blank\" rel=\"noopener\"> zum Programm<\/a><\/h5>\n<\/div>\n<\/div>\n<\/div>\n<\/div>\n<\/div>\n<\/div>\n<div class=\"elementor-column elementor-col-50 elementor-inner-column elementor-element elementor-element-7fa1883\" data-id=\"7fa1883\" data-element_type=\"column\">\n<div class=\"elementor-column-wrap elementor-element-populated\">\n<div class=\"elementor-widget-wrap\">\n<div class=\"elementor-element elementor-element-3fceef6 elementor-widget elementor-widget-text-editor\" data-id=\"3fceef6\" data-element_type=\"widget\" data-widget_type=\"text-editor.default\">\n<div class=\"elementor-widget-container\">\n<div class=\"elementor-text-editor elementor-clearfix\">\n<p>(05. Juni 2023) Am 10. und 11. Juni findet in Wien ein gro\u00dfer internationaler Friedensgipfel f\u00fcr die Ukraine statt. Als neutrales Land hat sich \u00d6sterreich zu einer Kultur des Friedens verpflichtet, daher ist Wien auch ein idealer Ort f\u00fcr internationale Gespr\u00e4che und Friedensverhandlungen. Namhafte zivilgesellschaftliche Friedensorganisationen, unterst\u00fctzt von \u00f6sterreichischen Friedensinitiativen, laden zu diesem \u201eInternational Summit for Peace in Ukraine\u201cein. Das Programm umfasst Plenarsitzungen, Podiumsdiskussionen, Voices for Peace und Arbeitsgruppen, deren Vorschl\u00e4ge zur Befriedung des Krieges in der Ukraine einen hoffentlich wichtigen Beitrag liefern werden. Alle Details zum Programm finden Sie auf der Website <a href=\"http:\/\/www.peacevienna.org\" target=\"_blank\" rel=\"noopener\">www.peacevienna.org<\/a>.<br \/>\nAm Vorabend des Friedensgipfels, am 9. Juni, dem 180. Geburtstag von Bertha von Suttner, findet im <b>Borrom\u00e4ussaal in Wien 3 ein Friedenskonzert des 1. Frauen-Kammerorchesters <\/b>statt, begleitet von einer Lesung mit Mercedes Echerer. &gt; <a href=\"http:\/\/abfang.org\/peaceconcert\/\" target=\"_blank\" rel=\"noopener\">Details zum Friedenskonzert und Kartenreservierung<\/a><\/p>\n<\/div>\n<\/div>\n<\/div>\n<\/div>\n<\/div>\n<\/div>\n<\/div>\n<\/div>\n<\/section>\n<\/div>\n<\/div>\n<\/div>\n<\/div>\n<\/div>\n<\/section>\n","protected":false},"excerpt":{"rendered":"<p>&gt; zum Programm des Friedensgipfels am 10. und 11. Juni &nbsp; (08. Juni 2023) Seit Dezember 2022 laufen die Vorbereitungen f\u00fcr den internationalen Friedensgipfel f\u00fcr die Ukraine \u201ePeace by peaceful means\u201c und seit zwei Wochen bl\u00e4st den Veranstaltern pl\u00f6tzlich ein Wind entgegen, voller Diffamierungen und nicht hinterfragter Behauptungen. Seltsamerweise wurden, laut unseren Recherchen, die Veranstalter &hellip; <a href=\"https:\/\/www.friedensplattform.at\/?p=7225\" class=\"more-link\"><span class=\"screen-reader-text\">Erzwungener Ortswechsel f\u00fcr den internationalen Friedensgipfel in Wien!<\/span> weiterlesen <span class=\"meta-nav\">&rarr;<\/span><\/a><\/p>\n","protected":false},"author":2,"featured_media":0,"comment_status":"open","ping_status":"open","sticky":false,"template":"","format":"standard","meta":{"footnotes":""},"categories":[1],"tags":[],"class_list":["post-7225","post","type-post","status-publish","format-standard","hentry","category-allgemein"],"_links":{"self":[{"href":"https:\/\/www.friedensplattform.at\/index.php?rest_route=\/wp\/v2\/posts\/7225","targetHints":{"allow":["GET"]}}],"collection":[{"href":"https:\/\/www.friedensplattform.at\/index.php?rest_route=\/wp\/v2\/posts"}],"about":[{"href":"https:\/\/www.friedensplattform.at\/index.php?rest_route=\/wp\/v2\/types\/post"}],"author":[{"embeddable":true,"href":"https:\/\/www.friedensplattform.at\/index.php?rest_route=\/wp\/v2\/users\/2"}],"replies":[{"embeddable":true,"href":"https:\/\/www.friedensplattform.at\/index.php?rest_route=%2Fwp%2Fv2%2Fcomments&post=7225"}],"version-history":[{"count":1,"href":"https:\/\/www.friedensplattform.at\/index.php?rest_route=\/wp\/v2\/posts\/7225\/revisions"}],"predecessor-version":[{"id":7227,"href":"https:\/\/www.friedensplattform.at\/index.php?rest_route=\/wp\/v2\/posts\/7225\/revisions\/7227"}],"wp:attachment":[{"href":"https:\/\/www.friedensplattform.at\/index.php?rest_route=%2Fwp%2Fv2%2Fmedia&parent=7225"}],"wp:term":[{"taxonomy":"category","embeddable":true,"href":"https:\/\/www.friedensplattform.at\/index.php?rest_route=%2Fwp%2Fv2%2Fcategories&post=7225"},{"taxonomy":"post_tag","embeddable":true,"href":"https:\/\/www.friedensplattform.at\/index.php?rest_route=%2Fwp%2Fv2%2Ftags&post=7225"}],"curies":[{"name":"wp","href":"https:\/\/api.w.org\/{rel}","templated":true}]}}