{"id":7245,"date":"2023-06-30T14:09:04","date_gmt":"2023-06-30T14:09:04","guid":{"rendered":"http:\/\/www.friedensplattform.at\/?p=7245"},"modified":"2023-06-30T14:09:04","modified_gmt":"2023-06-30T14:09:04","slug":"im-3-weltkrieg","status":"publish","type":"post","link":"https:\/\/www.friedensplattform.at\/?p=7245","title":{"rendered":"Im 3. Weltkrieg?"},"content":{"rendered":"<p><b>Im Vorhof des Dritten Weltkriegs?<\/b><\/p>\n<p>Der neoliberal enthemmte Kapitalismus hat uns in eine globale Weltunordnung gef\u00fchrt. Mehrere gro\u00dfe Krisenherde, Aufr\u00fcstung und die Entwicklung neuer Waffensysteme machen einen zuk\u00fcnftigen 3. Weltenbrand m\u00f6glich. Die Kosten der R\u00fcstungsspirale machen die 17 Entwicklungsziele der UNO bis 2030 unerreichbar. Auch bei uns w\u00e4re massenhafter Widerstand von unten notwendig, scheitert aber noch an weitverbreiteter Entpolitisierung und Resignation. Eine Kurzanalyse von Franz S\u00f6lkner: <a href=\"http:\/\/www.friedensplattform.at\/wp-content\/uploads\/2023\/06\/3.-Weltkrieg.pdf\">3. Weltkrieg<\/a><\/p>\n","protected":false},"excerpt":{"rendered":"<p>Im Vorhof des Dritten Weltkriegs? Der neoliberal enthemmte Kapitalismus hat uns in eine globale Weltunordnung gef\u00fchrt. Mehrere gro\u00dfe Krisenherde, Aufr\u00fcstung und die Entwicklung neuer Waffensysteme machen einen zuk\u00fcnftigen 3. Weltenbrand m\u00f6glich. Die Kosten der R\u00fcstungsspirale machen die 17 Entwicklungsziele der UNO bis 2030 unerreichbar. Auch bei uns w\u00e4re massenhafter Widerstand von unten notwendig, scheitert aber &hellip; <a href=\"https:\/\/www.friedensplattform.at\/?p=7245\" class=\"more-link\"><span class=\"screen-reader-text\">Im 3. Weltkrieg?<\/span> weiterlesen <span class=\"meta-nav\">&rarr;<\/span><\/a><\/p>\n","protected":false},"author":2,"featured_media":0,"comment_status":"open","ping_status":"open","sticky":false,"template":"","format":"standard","meta":{"footnotes":""},"categories":[1],"tags":[],"class_list":["post-7245","post","type-post","status-publish","format-standard","hentry","category-allgemein"],"_links":{"self":[{"href":"https:\/\/www.friedensplattform.at\/index.php?rest_route=\/wp\/v2\/posts\/7245","targetHints":{"allow":["GET"]}}],"collection":[{"href":"https:\/\/www.friedensplattform.at\/index.php?rest_route=\/wp\/v2\/posts"}],"about":[{"href":"https:\/\/www.friedensplattform.at\/index.php?rest_route=\/wp\/v2\/types\/post"}],"author":[{"embeddable":true,"href":"https:\/\/www.friedensplattform.at\/index.php?rest_route=\/wp\/v2\/users\/2"}],"replies":[{"embeddable":true,"href":"https:\/\/www.friedensplattform.at\/index.php?rest_route=%2Fwp%2Fv2%2Fcomments&post=7245"}],"version-history":[{"count":1,"href":"https:\/\/www.friedensplattform.at\/index.php?rest_route=\/wp\/v2\/posts\/7245\/revisions"}],"predecessor-version":[{"id":7251,"href":"https:\/\/www.friedensplattform.at\/index.php?rest_route=\/wp\/v2\/posts\/7245\/revisions\/7251"}],"wp:attachment":[{"href":"https:\/\/www.friedensplattform.at\/index.php?rest_route=%2Fwp%2Fv2%2Fmedia&parent=7245"}],"wp:term":[{"taxonomy":"category","embeddable":true,"href":"https:\/\/www.friedensplattform.at\/index.php?rest_route=%2Fwp%2Fv2%2Fcategories&post=7245"},{"taxonomy":"post_tag","embeddable":true,"href":"https:\/\/www.friedensplattform.at\/index.php?rest_route=%2Fwp%2Fv2%2Ftags&post=7245"}],"curies":[{"name":"wp","href":"https:\/\/api.w.org\/{rel}","templated":true}]}}