{"id":7315,"date":"2023-09-24T09:53:01","date_gmt":"2023-09-24T09:53:01","guid":{"rendered":"http:\/\/www.friedensplattform.at\/?p=7315"},"modified":"2023-09-24T09:53:01","modified_gmt":"2023-09-24T09:53:01","slug":"keine-lieferung-kein-einsatz-von-streumunition-wir-fordern-die-verurteilung-des-vorhabens-durch-das-neutrale-oeserreich","status":"publish","type":"post","link":"https:\/\/www.friedensplattform.at\/?p=7315","title":{"rendered":"KEINE LIEFERUNG, KEIN EINSATZ VON STREUMUNITION! WIR FORDERN DIE VERURTEILUNG DES VORHABENS DURCH DAS NEUTRALE \u00d6SERREICH"},"content":{"rendered":"<h4>\n<p><strong>Sehr geehrter Herr Bundespr\u00e4sident!<\/strong><\/h4>\n<ul>\n<li><strong>Wir lehnen den Krieg Russlands gegen die Ukraine entschieden ab. In der Ukraine findet ein Stellvertreterkrieg statt. Wir sind solidarisch mit der ukrainischen und der russischen Bev\u00f6lkerung, aber nicht mit deren jeweiligen Regierungen. Auch lehnen wir den Einsatz von Streumunition entschieden ab.<\/strong><\/li>\n<\/ul>\n<p><!--more--><\/p>\n<ul>\n<li>\u00d6sterreich bekennt sich, wie mehr als rund 120 andere Staaten, vollinhaltlich zur \u00c4chtung und Abschaffung von Streumunition. Dies darf unter keinen Umst\u00e4nden \u2013 egal von welcher Kriegspartei \u2013 in Frage gestellt werden!<\/li>\n<li>Daher erwarten wir, dass auch Sie, als oberster Vertreter der Republik des immerw\u00e4hrend neutralen \u00d6sterreich, das Vorhaben der US-Regierung, das ukrainische Milit\u00e4r mit Streumunition zu versorgen, aufs Sch\u00e4rfste \u00f6ffentlich zur\u00fcckzuweisen. Alles andere bedeutet stillschweigende Zustimmung!<\/li>\n<li>Weiters darf im Falle eines Materialtransportes solch menschenverachtender Streumunition keine Durchzugslieferung weder auf Luft oder Landweg durch \u00d6sterreich genehmigt werden! Au\u00dferdem fordern wir Sie dringend auf, auf europ\u00e4ischer Ebene m\u00f6glichst viele Staatschefs davon zu \u00fcberzeugen, den USA den \u00dcberflug \u00fcber ihren jeweiligem Luftraum Zwecks Transport von Streumunition, Landminen usw. an das ukrainische Milit\u00e4r zu verweigern. (Da die entsprechenden Vertr\u00e4ge von den meisten europ\u00e4ischen Staaten unterzeichnet wurden, sollte dieser gemeinsame Entschluss relativ einfach getroffen werden.)<\/li>\n<li>Wir d\u00fcrfen Sie daran erinnern, dass die EU einst als Friedensprojekt konzipiert wurde, und vor wenigen Jahren sogar den Friedensnobelpreis verliehen bekam. Was aber, gesch\u00e4tzter Herr Bundespr\u00e4sident, ist so ein Friedensprojekt noch wert, wenn wir willf\u00e4hrig erlauben, dass Waffen, welche daf\u00fcr bekannt sind, eine besonders hohe Zahl an zivilen Opfern zu\u00a0 fordern (darunter auch viele Kinder), zum Einsatz kommen und zudem \u00fcber europ\u00e4ischen Luftraum transportiert werden?<\/li>\n<li>Wir vermissen hier klare Aussagen und lehnen jedes Sch\u00f6nreden, was nicht noch alles mit der Neutralit\u00e4t vereinbar w\u00e4re, entschieden ab!<\/li>\n<li><em>18. Juli 2023<\/em><\/li>\n<li><em>PRESSEAUSSENDUNG<\/em>\u00a0\/ OFFENER BRIEF<\/li>\n<li><em>Gewerkschafter:innen gegen Atomenergie und Krieg<\/em>\u00a0\u2013\u00a0<a href=\"https:\/\/deref-gmx.net\/mail\/client\/Ldcr6lTaCAA\/dereferrer\/?redirectUrl=http%3A%2F%2Fwww.atomgegner.at\" target=\"_blank\" rel=\"noreferrer noopener\"><em>www.atomgegner.at<\/em><\/a><\/li>\n<li><em>Mitinitiatorin der Initiative \u201eUnsere Neutralit\u00e4t \u2013 unsere Sicherheit\u201c<\/em>\u00a0\u2013\u00a0<a href=\"https:\/\/deref-gmx.net\/mail\/client\/gRwVHV5S3gs\/dereferrer\/?redirectUrl=http%3A%2F%2Fwww.unsere-neutralit%C3%A4t.at\" target=\"_blank\" rel=\"noreferrer noopener\"><em>www.unsere-neutralit\u00e4t.at<\/em><\/a><\/li>\n<\/ul>\n","protected":false},"excerpt":{"rendered":"<p>Sehr geehrter Herr Bundespr\u00e4sident! Wir lehnen den Krieg Russlands gegen die Ukraine entschieden ab. In der Ukraine findet ein Stellvertreterkrieg statt. Wir sind solidarisch mit der ukrainischen und der russischen Bev\u00f6lkerung, aber nicht mit deren jeweiligen Regierungen. Auch lehnen wir den Einsatz von Streumunition entschieden ab.<\/p>\n","protected":false},"author":2,"featured_media":0,"comment_status":"open","ping_status":"open","sticky":false,"template":"","format":"standard","meta":{"footnotes":""},"categories":[1],"tags":[],"class_list":["post-7315","post","type-post","status-publish","format-standard","hentry","category-allgemein"],"_links":{"self":[{"href":"https:\/\/www.friedensplattform.at\/index.php?rest_route=\/wp\/v2\/posts\/7315","targetHints":{"allow":["GET"]}}],"collection":[{"href":"https:\/\/www.friedensplattform.at\/index.php?rest_route=\/wp\/v2\/posts"}],"about":[{"href":"https:\/\/www.friedensplattform.at\/index.php?rest_route=\/wp\/v2\/types\/post"}],"author":[{"embeddable":true,"href":"https:\/\/www.friedensplattform.at\/index.php?rest_route=\/wp\/v2\/users\/2"}],"replies":[{"embeddable":true,"href":"https:\/\/www.friedensplattform.at\/index.php?rest_route=%2Fwp%2Fv2%2Fcomments&post=7315"}],"version-history":[{"count":1,"href":"https:\/\/www.friedensplattform.at\/index.php?rest_route=\/wp\/v2\/posts\/7315\/revisions"}],"predecessor-version":[{"id":7317,"href":"https:\/\/www.friedensplattform.at\/index.php?rest_route=\/wp\/v2\/posts\/7315\/revisions\/7317"}],"wp:attachment":[{"href":"https:\/\/www.friedensplattform.at\/index.php?rest_route=%2Fwp%2Fv2%2Fmedia&parent=7315"}],"wp:term":[{"taxonomy":"category","embeddable":true,"href":"https:\/\/www.friedensplattform.at\/index.php?rest_route=%2Fwp%2Fv2%2Fcategories&post=7315"},{"taxonomy":"post_tag","embeddable":true,"href":"https:\/\/www.friedensplattform.at\/index.php?rest_route=%2Fwp%2Fv2%2Ftags&post=7315"}],"curies":[{"name":"wp","href":"https:\/\/api.w.org\/{rel}","templated":true}]}}