{"id":7327,"date":"2023-09-24T10:38:47","date_gmt":"2023-09-24T10:38:47","guid":{"rendered":"http:\/\/www.friedensplattform.at\/?p=7327"},"modified":"2023-09-24T10:38:47","modified_gmt":"2023-09-24T10:38:47","slug":"nein-zum-beitritt-oesterreichs-zu-sky-shield","status":"publish","type":"post","link":"https:\/\/www.friedensplattform.at\/?p=7327","title":{"rendered":"Nein zum Beitritt \u00d6sterreichs zu \u201eSky Shield\u201c"},"content":{"rendered":"<div id=\"block-sboe-rd-content\" class=\"block block-system block-system-main-block\">\n<div class=\"content\">\n<article class=\"node node--type-article node--view-mode-full clearfix\" role=\"article\" data-history-node-id=\"172\">\n<header><\/header>\n<div class=\"node__content clearfix\">\n<div class=\"field field--name-field-publikationsdatum field--type-datetime field--label-hidden field__item\"><time class=\"datetime\" datetime=\"2023-07-03T12:00:00Z\">03.07.2023<\/time><\/div>\n<h3 class=\"h3 field field--name-field-untertitel field--type-string-long field--label-hidden field__item\">Neutralit\u00e4t ist der beste Schutz und Garant f\u00fcr Frieden<\/h3>\n<div class=\"clearfix text-formatted field field--name-body field--type-text-with-summary field--label-hidden field__item\">\n<p>Es war ein l\u00e4nger vorbereiteter Schlag: Der \u00f6sterreichische Bundeskanzler erkl\u00e4rte im Namen der Regierung, dass \u00d6sterreich dem &#8222;europ\u00e4ischen&#8220; Raketenabwehrb\u00fcndnis &#8222;Sky Shield&#8220; beitreten wird.<\/p>\n<p><!--more--><\/p>\n<p>Flankiert wurde er von Verteidigungsministerin Tanner, die von einem &#8222;Meilenstein&#8220; sprach. Bereits am Ende dieser Woche soll die entsprechende Absichtserkl\u00e4rung unterzeichnet werden. Die passenden Experten waren auch schnell zur Stelle, um zu erkl\u00e4ren, dass das alles mit der Neutralit\u00e4t vereinbar sei.<\/p>\n<p>Ein Beitritt zu &#8222;Sky Shield&#8220; ist aber praktisch der Beitritt zum Milit\u00e4rb\u00fcndnis der Nato. Auch die Beschreibung als &#8222;europ\u00e4isches Raketenabwehrb\u00fcndnis&#8220; ist eine T\u00e4uschung. Europ\u00e4isch hei\u00dft EU, hei\u00dft Nato, hei\u00dft USA.<\/p>\n<p>Die &#8222;Sky Shield&#8220;-Initiative ging vom Nato-Staat Deutschland aus, Anlass war der Ukraine-Krieg. Mittlerweile geh\u00f6ren ihm 15 Staaten der EU an, allesamt NATO-Mitglieder, nur Schweden ist noch im Anw\u00e4rterstatus. Ausgestattet wird das B\u00fcndnis mit Milit\u00e4rtechnologie aus Israel und den USA. &#8222;Sky Shield&#8220; richtet sich dezidiert gegen Russland, Frieden (nicht nur in der Ukraine) r\u00fcckt damit in noch weitere Ferne. \u00d6sterreich w\u00fcrde sich damit weiter in die westliche Allianz von EU und Nato unter der F\u00fchrung der USA einreihen. W\u00fcrde sich die Nato zu einem Erstschlag gegen Russland entscheiden, w\u00fcrde \u00d6sterreich das mittragen.<\/p>\n<p>Der Raketenschild wird als Defensivwaffe dargestellt. Doch tats\u00e4chlich dient er dazu, den atomaren Erstschlag der USA gegen Russland m\u00f6glich zu machen. Darum haben die USA seit ihrer K\u00fcndigung des \u201eVertrag \u00fcber die Begrenzung von antiballistischen Raketenabwehrsystemen\u201c ABM 2002 obsessiv den Aufbau solcher Raketenabwehranlagen vorangetrieben. Die zunehmende nukleare Bedrohung Russlands ist eine Kernursache des Konflikts. Sich an dieser Bedrohung zu beteiligen ist ein Akt der Beteiligung an der Aggression gegen Russland.<\/p>\n<p>Die gebetsm\u00fchlenartige Wiederholung von Zauberw\u00f6rtern wie &#8222;Verteidigung&#8220; und &#8222;Schutz&#8220; kann nicht t\u00e4uschen, dass die Nato ein Kriegsb\u00fcndnis ist und gegenw\u00e4rtig de facto Krieg f\u00fchrt.<\/p>\n<p>W\u00fcrde EU-Luftraum in diesem Zusammenhang verletzt, w\u00fcrde \u00d6sterreich an der Seite der Nato in den Krieg ziehen. Damit will sich die Regierung endg\u00fcltig der Glaubw\u00fcrdigkeit der Neutralit\u00e4t \u00d6sterreichs entledigen. Seine politischen Eliten wollen nicht neutral sein, sondern sie wollen sich an der Seite des westlichen Blocks an Kriegsanstrengungen beteiligen und die Neutralit\u00e4t einfach in einem Coup \u00fcber Bord werfen. Das m\u00fcssen wir verhindern!<\/p>\n<p>&nbsp;<\/p>\n<p>Keinen Fu\u00dfbreit in Richtung der Nato \u2013Beitritt \u00d6sterreichs zu &#8222;Sky Shield&#8220; verhindern!<\/p>\n<p>Neutralit\u00e4t durchsetzen!<\/p>\n<p>Keine Beteiligung am Krieg gegen Russland!<\/p>\n<p>Quelle: https:\/\/www.selbstbestimmtes-oesterreich.at\/artikel\/nein-zum-beitritt-oesterreichs-zu-sky-shield<\/p>\n<\/div>\n<\/div>\n<\/article>\n<\/div>\n<\/div>\n<p>&nbsp;<\/p>\n","protected":false},"excerpt":{"rendered":"<p>03.07.2023 Neutralit\u00e4t ist der beste Schutz und Garant f\u00fcr Frieden Es war ein l\u00e4nger vorbereiteter Schlag: Der \u00f6sterreichische Bundeskanzler erkl\u00e4rte im Namen der Regierung, dass \u00d6sterreich dem &#8222;europ\u00e4ischen&#8220; Raketenabwehrb\u00fcndnis &#8222;Sky Shield&#8220; beitreten wird.<\/p>\n","protected":false},"author":2,"featured_media":0,"comment_status":"open","ping_status":"open","sticky":false,"template":"","format":"standard","meta":{"footnotes":""},"categories":[1],"tags":[],"class_list":["post-7327","post","type-post","status-publish","format-standard","hentry","category-allgemein"],"_links":{"self":[{"href":"https:\/\/www.friedensplattform.at\/index.php?rest_route=\/wp\/v2\/posts\/7327","targetHints":{"allow":["GET"]}}],"collection":[{"href":"https:\/\/www.friedensplattform.at\/index.php?rest_route=\/wp\/v2\/posts"}],"about":[{"href":"https:\/\/www.friedensplattform.at\/index.php?rest_route=\/wp\/v2\/types\/post"}],"author":[{"embeddable":true,"href":"https:\/\/www.friedensplattform.at\/index.php?rest_route=\/wp\/v2\/users\/2"}],"replies":[{"embeddable":true,"href":"https:\/\/www.friedensplattform.at\/index.php?rest_route=%2Fwp%2Fv2%2Fcomments&post=7327"}],"version-history":[{"count":1,"href":"https:\/\/www.friedensplattform.at\/index.php?rest_route=\/wp\/v2\/posts\/7327\/revisions"}],"predecessor-version":[{"id":7329,"href":"https:\/\/www.friedensplattform.at\/index.php?rest_route=\/wp\/v2\/posts\/7327\/revisions\/7329"}],"wp:attachment":[{"href":"https:\/\/www.friedensplattform.at\/index.php?rest_route=%2Fwp%2Fv2%2Fmedia&parent=7327"}],"wp:term":[{"taxonomy":"category","embeddable":true,"href":"https:\/\/www.friedensplattform.at\/index.php?rest_route=%2Fwp%2Fv2%2Fcategories&post=7327"},{"taxonomy":"post_tag","embeddable":true,"href":"https:\/\/www.friedensplattform.at\/index.php?rest_route=%2Fwp%2Fv2%2Ftags&post=7327"}],"curies":[{"name":"wp","href":"https:\/\/api.w.org\/{rel}","templated":true}]}}