{"id":7331,"date":"2023-09-24T16:45:31","date_gmt":"2023-09-24T16:45:31","guid":{"rendered":"http:\/\/www.friedensplattform.at\/?p=7331"},"modified":"2023-09-24T16:46:07","modified_gmt":"2023-09-24T16:46:07","slug":"2-3-10-vortrag-der-ukrainekrieg-hintergruende-und-perspektiven","status":"publish","type":"post","link":"https:\/\/www.friedensplattform.at\/?p=7331","title":{"rendered":"2.\/3.10. Vortrag \u201eDer Ukrainekrieg: Hintergr\u00fcnde und Perspektiven\u201c"},"content":{"rendered":"<div id=\"primary\" class=\"content-area\">\n<article id=\"post-9032\" class=\"post-9032 post type-post status-publish format-standard has-post-thumbnail hentry category-termine\">\n<header class=\"entry-header entry-header-single\">\n<h4 class=\"entry-title\">2.\/3.10. Vortrag \u201eDer Ukrainekrieg: Hintergr\u00fcnde und Perspektiven\u201c<\/h4>\n<div class=\"entry-meta entry-meta-1\"><span class=\"comments-link\"><i class=\"fa fa-comments-o\"><\/i><a href=\"https:\/\/www.versoehnungsbund.at\/vortrag-der-ukrainekrieg-hintergruende-und-perspektiven\/#respond\">0<\/a><\/span><\/div>\n<\/header>\n<div class=\"entry-thumb\"><img loading=\"lazy\" decoding=\"async\" class=\"attachment-codilight_lite_single_medium size-codilight_lite_single_medium wp-post-image\" src=\"https:\/\/www.versoehnungsbund.at\/wordpress\/wp-content\/uploads\/2023\/08\/Ronnefeldt-Ukraine-Hintergruende-700x350.png\" sizes=\"auto, (max-width: 700px) 100vw, 700px\" srcset=\"https:\/\/www.versoehnungsbund.at\/wordpress\/wp-content\/uploads\/2023\/08\/Ronnefeldt-Ukraine-Hintergruende.png 700w, https:\/\/www.versoehnungsbund.at\/wordpress\/wp-content\/uploads\/2023\/08\/Ronnefeldt-Ukraine-Hintergruende-300x150.png 300w\" alt=\"\" width=\"700\" height=\"350\" \/><\/div>\n<div class=\"entry-content\">\n<h2 class=\"wp-block-heading\"><strong>mit Clemens Ronnefeldt, Vers\u00f6hnungsbund e.V. (Deutschland)<\/strong><\/h2>\n<h3 class=\"wp-block-heading\">Ober\u00f6sterreich<\/h3>\n<p><strong>Wann? <\/strong>Montag, 2. Oktober 2023 um 19:00 Uhr<br \/>\n<strong>Wo?<\/strong> Linz, Wissensturm K\u00e4rntnerstra\u00dfe 26, Saal im Erdgeschoss<br \/>\n<em><strong>mit<\/strong><\/em> VHS Linz und Friedensstadt Linz<br \/>\n<strong><em>Moderation:<\/em><\/strong> Martin Wassermair<br \/>\nEintritt frei, Anmeldung bei der <a href=\"https:\/\/vhskurs.linz.at\/index.php?kathaupt=11&amp;knr=23.11320&amp;kursname=Der+Ukrainekrieg+Hintergruende+und+Perspektiven\" target=\"_blank\" rel=\"noreferrer noopener\">VHS Linz<\/a><\/p>\n<h3 class=\"wp-block-heading\">Wien<\/h3>\n<p><strong>Wann?<\/strong> Dienstag, 3. Oktober 2023 um 19:00<br \/>\n<strong>Wo?<\/strong> C3, Alois-Wagner-Saal, Sensengasse 3, 1090 Wien<br \/>\n<em><strong>Mitveranstalterin:<\/strong><\/em> FriedensAttac<\/p>\n<p><!--more--><\/p>\n<p>Clemens Ronnefeldt spannt in seinem Vortrag den Bogen vom historischen Verh\u00e4ltnis der Ukraine zu Russland bis zu gegenw\u00e4rtigen Friedenskr\u00e4ften in beiden L\u00e4ndern. Dabei beleuchtet er wichtige Stationen des russischen Pr\u00e4sidenten, von seiner Zeit in Deutschland ab 1984 bis zur Entscheidung zum Angriff auf die Ukraine. Auch das Verh\u00e4ltnis von NATO und russischer F\u00f6deration ab dem Ende der Sowjetunion ist Teil der historischen Betrachtung. Der Vortrag m\u00fcndet in der Vorstellung von bisher vorliegenden Waffenstillstandspl\u00e4nen und Kr\u00e4ften, die zur Deeskalation beitragen k\u00f6nnen.<\/p>\n<p>Clemens Ronnefeldt ist seit 1992 Referent f\u00fcr Friedensfragen beim deutschen Zweig des Internationalen Vers\u00f6hnungsbundes. Er engagiert sich ab 1992 bei Friedensdelegationen, wo er im Austausch mit lokalen Vertreter*innen aus dem Bereich der Friedens- und Menschenrechtsarbeit, Politik und Religionen steht. Seine Arbeitsschwerpunkte umfassen politische Analysen, Vernetzung und St\u00e4rkung der Friedensbewegung in Krisengebieten durch Austausch, Beratung, Sachspenden.<\/p>\n<p>Im Anschluss an den Vortrag besteht die M\u00f6glichkeiten zu R\u00fcckfragen und zur Diskussion.<\/p>\n<hr class=\"wp-block-separator has-alpha-channel-opacity\" \/>\n<h2 class=\"wp-block-heading\">Artikel von Clemens Ronnefeldt aus dem Spinnrad 1\/2023<\/h2>\n<p><a href=\"https:\/\/www.versoehnungsbund.at\/wordpress\/wp-content\/uploads\/2023\/05\/Spinnrad1_2023_Krieg_und_Friedensansaetze.pdf\" target=\"_blank\" rel=\"noreferrer noopener\">Friedensans\u00e4tze zur Beendigung des Ukraine-Krieges von au\u00dferhalb Europas<\/a><\/p>\n<\/div>\n<\/article>\n<\/div>\n<p>&nbsp;<\/p>\n","protected":false},"excerpt":{"rendered":"<p>2.\/3.10. Vortrag \u201eDer Ukrainekrieg: Hintergr\u00fcnde und Perspektiven\u201c 0 mit Clemens Ronnefeldt, Vers\u00f6hnungsbund e.V. (Deutschland) Ober\u00f6sterreich Wann? Montag, 2. Oktober 2023 um 19:00 Uhr Wo? Linz, Wissensturm K\u00e4rntnerstra\u00dfe 26, Saal im Erdgeschoss mit VHS Linz und Friedensstadt Linz Moderation: Martin Wassermair Eintritt frei, Anmeldung bei der VHS Linz Wien Wann? Dienstag, 3. Oktober 2023 um 19:00 &hellip; <a href=\"https:\/\/www.friedensplattform.at\/?p=7331\" class=\"more-link\"><span class=\"screen-reader-text\">2.\/3.10. Vortrag \u201eDer Ukrainekrieg: Hintergr\u00fcnde und Perspektiven\u201c<\/span> weiterlesen <span class=\"meta-nav\">&rarr;<\/span><\/a><\/p>\n","protected":false},"author":2,"featured_media":0,"comment_status":"open","ping_status":"open","sticky":false,"template":"","format":"standard","meta":{"footnotes":""},"categories":[1],"tags":[],"class_list":["post-7331","post","type-post","status-publish","format-standard","hentry","category-allgemein"],"_links":{"self":[{"href":"https:\/\/www.friedensplattform.at\/index.php?rest_route=\/wp\/v2\/posts\/7331","targetHints":{"allow":["GET"]}}],"collection":[{"href":"https:\/\/www.friedensplattform.at\/index.php?rest_route=\/wp\/v2\/posts"}],"about":[{"href":"https:\/\/www.friedensplattform.at\/index.php?rest_route=\/wp\/v2\/types\/post"}],"author":[{"embeddable":true,"href":"https:\/\/www.friedensplattform.at\/index.php?rest_route=\/wp\/v2\/users\/2"}],"replies":[{"embeddable":true,"href":"https:\/\/www.friedensplattform.at\/index.php?rest_route=%2Fwp%2Fv2%2Fcomments&post=7331"}],"version-history":[{"count":2,"href":"https:\/\/www.friedensplattform.at\/index.php?rest_route=\/wp\/v2\/posts\/7331\/revisions"}],"predecessor-version":[{"id":7335,"href":"https:\/\/www.friedensplattform.at\/index.php?rest_route=\/wp\/v2\/posts\/7331\/revisions\/7335"}],"wp:attachment":[{"href":"https:\/\/www.friedensplattform.at\/index.php?rest_route=%2Fwp%2Fv2%2Fmedia&parent=7331"}],"wp:term":[{"taxonomy":"category","embeddable":true,"href":"https:\/\/www.friedensplattform.at\/index.php?rest_route=%2Fwp%2Fv2%2Fcategories&post=7331"},{"taxonomy":"post_tag","embeddable":true,"href":"https:\/\/www.friedensplattform.at\/index.php?rest_route=%2Fwp%2Fv2%2Ftags&post=7331"}],"curies":[{"name":"wp","href":"https:\/\/api.w.org\/{rel}","templated":true}]}}