{"id":7337,"date":"2023-09-25T07:02:21","date_gmt":"2023-09-25T07:02:21","guid":{"rendered":"http:\/\/www.friedensplattform.at\/?p=7337"},"modified":"2023-09-25T07:03:42","modified_gmt":"2023-09-25T07:03:42","slug":"friedenskonferenzen-statt-waffenlieferungen","status":"publish","type":"post","link":"https:\/\/www.friedensplattform.at\/?p=7337","title":{"rendered":"Friedenskonferenzen statt Waffenlieferungen!"},"content":{"rendered":"<p>Seit eineinhalb Jahren warten wir auf Initiativen f\u00fcr einen Frieden. Alles Bisherige wurde abgelehnt, das T\u00f6ten und Sterben in der Ukraine geht weiter.<\/p>\n<p><!--more--><\/p>\n<p>\u201eNur Waffenlieferungen k\u00f6nnen helfen.\u201c Dieses Mantra h\u00f6ren wir tagein, tagaus aus allen Mainstream-Medien. Wird in einer Initiative die NATO-Osterweiterung als wichtige Ursache f\u00fcr den Krieg benannt, folgt sofort die Etikettierung \u201eputinfreundlich\u201c. Wer hat Interesse daran, dass dieser Krieg noch Jahre fortgef\u00fchrt wird? Wo bleiben die diplomatischen Bem\u00fchungen, wo die Friedenskonferenzen, wo das Engagement des neutralen \u00d6sterreich? Eine Konferenz, deren Aufruf ich nicht zu hundert Prozent teile, ist mir viel lieber als das Massenmorden weiter hinzunehmen oder gar anzufeuern. <span style=\"font-family: 'Times New Roman' , serif;\">Dazu ein Zitat von Berta von Suttner:<\/span> <span style=\"font-family: 'Times New Roman' , serif;\">Keinem vern\u00fcnftigen Menschen wird es einfallen, Tintenflecken mit Tinte, \u00d6lflecken mit \u00d6l wegputzen zu wollen \u2014 nur Blut, das soll immer wieder mit Blut ausgewaschen werden!&#8220; <\/span><\/p>\n<p><span style=\"line-height: 107%;\"><span style=\"font-size: 12pt;\"><span style=\"font-family: 'Times New Roman' , serif;\">Veronika Rochhart, Graz<\/span><\/span><\/span><\/p>\n","protected":false},"excerpt":{"rendered":"<p>Seit eineinhalb Jahren warten wir auf Initiativen f\u00fcr einen Frieden. Alles Bisherige wurde abgelehnt, das T\u00f6ten und Sterben in der Ukraine geht weiter.<\/p>\n","protected":false},"author":2,"featured_media":0,"comment_status":"open","ping_status":"open","sticky":false,"template":"","format":"standard","meta":{"footnotes":""},"categories":[1],"tags":[],"class_list":["post-7337","post","type-post","status-publish","format-standard","hentry","category-allgemein"],"_links":{"self":[{"href":"https:\/\/www.friedensplattform.at\/index.php?rest_route=\/wp\/v2\/posts\/7337","targetHints":{"allow":["GET"]}}],"collection":[{"href":"https:\/\/www.friedensplattform.at\/index.php?rest_route=\/wp\/v2\/posts"}],"about":[{"href":"https:\/\/www.friedensplattform.at\/index.php?rest_route=\/wp\/v2\/types\/post"}],"author":[{"embeddable":true,"href":"https:\/\/www.friedensplattform.at\/index.php?rest_route=\/wp\/v2\/users\/2"}],"replies":[{"embeddable":true,"href":"https:\/\/www.friedensplattform.at\/index.php?rest_route=%2Fwp%2Fv2%2Fcomments&post=7337"}],"version-history":[{"count":1,"href":"https:\/\/www.friedensplattform.at\/index.php?rest_route=\/wp\/v2\/posts\/7337\/revisions"}],"predecessor-version":[{"id":7339,"href":"https:\/\/www.friedensplattform.at\/index.php?rest_route=\/wp\/v2\/posts\/7337\/revisions\/7339"}],"wp:attachment":[{"href":"https:\/\/www.friedensplattform.at\/index.php?rest_route=%2Fwp%2Fv2%2Fmedia&parent=7337"}],"wp:term":[{"taxonomy":"category","embeddable":true,"href":"https:\/\/www.friedensplattform.at\/index.php?rest_route=%2Fwp%2Fv2%2Fcategories&post=7337"},{"taxonomy":"post_tag","embeddable":true,"href":"https:\/\/www.friedensplattform.at\/index.php?rest_route=%2Fwp%2Fv2%2Ftags&post=7337"}],"curies":[{"name":"wp","href":"https:\/\/api.w.org\/{rel}","templated":true}]}}