{"id":7343,"date":"2023-10-03T19:07:56","date_gmt":"2023-10-03T19:07:56","guid":{"rendered":"http:\/\/www.friedensplattform.at\/?p=7343"},"modified":"2023-10-03T19:07:56","modified_gmt":"2023-10-03T19:07:56","slug":"stopp-dem-krieg-in-der-ukraine-sofortiger-waffenstillstand-und-verhandlungen","status":"publish","type":"post","link":"https:\/\/www.friedensplattform.at\/?p=7343","title":{"rendered":"\u201eStopp dem Krieg in der Ukraine \u2013 Sofortiger Waffenstillstand und Verhandlungen\u201c"},"content":{"rendered":"<div class=\"entry-content wp-block-post-content is-layout-constrained wp-block-post-content-is-layout-constrained\">\n<h4 class=\"has-large-font-size\">Kundgebung der GIFFUN ( Grazer Initiative f\u00fcr Frieden und Neutralit\u00e4t) am 06. Oktober 2023, 15.00 bis 17.00<\/h4>\n<h4 class=\"has-large-font-size\">Graz, Hauptplatz (Ecke Sporgasse)<\/h4>\n<p>Franz S\u00f6lkner von der <strong>Steirischen<\/strong> <strong>Friedensplattform<\/strong> wird einer der Redner sein.<\/p>\n<p><!--more--><\/p>\n<p>Die Kundgebung reiht sich in die weltweite \u201eFriedens-Aktionswoche der Zivilgesellschaft\u201c ein, zu der die Teilnehmer:innen des \u201e<a href=\"https:\/\/emea01.safelinks.protection.outlook.com\/?url=https%3A%2F%2Fabfang.org%2Ffriedenswege%2Fips-vienna%2F&amp;data=05%7C01%7C%7C76cf5bed89de4b1ddc5008dbba73ac03%7C84df9e7fe9f640afb435aaaaaaaaaaaa%7C1%7C0%7C638308778187248287%7CUnknown%7CTWFpbGZsb3d8eyJWIjoiMC4wLjAwMDAiLCJQIjoiV2luMzIiLCJBTiI6Ik1haWwiLCJXVCI6Mn0%3D%7C3000%7C%7C%7C&amp;sdata=ARmJgpMbJdLmRGzYwbSMgmnKmLsLttJMxkpNnY89kgk%3D&amp;reserved=0\" target=\"_blank\" rel=\"noreferrer noopener\">International Summit for Peace in Ukraine<\/a>\u201c am 11. Juni bei der Friedenskonferenz in Wien aufgerufen haben und die von 30. September bis 8. Oktober stattfindet:<\/p>\n<p><a href=\"https:\/\/www.ipb.org\/events\/week-of-global-mobilization-for-peace-in-ukraine\/\">https:\/\/www.ipb.org\/events\/week-of-global-mobilization-for-peace-in-ukraine\/<\/a><\/p>\n<p>Der Aufruf zur Aktionswoche:<\/p>\n<p><strong>Frieden durch friedliche Mittel. Sofortiger Waffenstillstand und Verhandlungen! <\/strong><\/p>\n<p>Wir, die Organisatoren des Internationalen Gipfels f\u00fcr Frieden in der Ukraine, fordern die Regierenden aller L\u00e4nder auf, sich f\u00fcr einen sofortigen Waffenstillstand und Verhandlungen zur Beendigung des Krieges in der Ukraine einzusetzen.<\/p>\n<p>Wir sind eine breite und politisch vielf\u00e4ltige Koalition, die Friedensbewegungen und Zivilgesellschaften, einschlie\u00dflich Gl\u00e4ubigen in vielen L\u00e4ndern, vertritt.<\/p>\n<p>Wir sind fest davon \u00fcberzeugt, dass Krieg ein Verbrechen gegen die Menschlichkeit ist und es keine milit\u00e4rische L\u00f6sung f\u00fcr die derzeitige Krise gibt.<\/p>\n<p>Wir sind zutiefst besorgt und traurig \u00fcber den Krieg. Hunderttausende wurden get\u00f6tet und verletzt, und Millionen wurden vertrieben und traumatisiert. St\u00e4dte und D\u00f6rfer in der Ukraine sowie die nat\u00fcrliche Umwelt wurden zerst\u00f6rt.<\/p>\n<p>Viel gr\u00f6\u00dferes Leid k\u00f6nnte entstehen, wenn der Konflikt zur Verwendung von Atomwaffen eskaliert \u2013 ein Risiko, das heute h\u00f6her ist als zu irgendeinem Zeitpunkt seit der Kubakrise.<\/p>\n<p>Wir verurteilen Russlands illegale Invasion der Ukraine. Die Einrichtungen, die zur Gew\u00e4hrleistung von Frieden und Sicherheit in Europa eingerichtet wurden, versagten, und das Scheitern der Diplomatie f\u00fchrte zum Krieg. Jetzt ist Diplomatie dringend erforderlich, um den Krieg zu beenden, bevor er die Ukraine zerst\u00f6rt und die Menschheit gef\u00e4hrdet.<\/p>\n<p>Der Weg zum Frieden muss auf den Prinzipien gemeinsamer Sicherheit, Respekt f\u00fcr internationale Menschenrechte und Selbstbestimmung aller Gemeinschaften basieren.<\/p>\n<p>Wir unterst\u00fctzen alle Verhandlungen, die f\u00fcr die Logik des Friedens stehen und nicht f\u00fcr die Unlogik des Krieges.<\/p>\n<p>Wir bekr\u00e4ftigen unsere Unterst\u00fctzung f\u00fcr die ukrainische Zivilgesellschaft, die ihre Rechte verteidigt.<\/p>\n<p>Wir verpflichten uns, den Dialog mit denen in Russland und Belarus zu st\u00e4rken, die ihr Leben aufs Spiel setzen, um sich gegen den Krieg einzusetzen und die Demokratie zu sch\u00fctzen.<\/p>\n<p>Wir rufen die Zivilgesellschaft in allen L\u00e4ndern auf, sich uns in einer globalen Mobilisierungswoche anzuschlie\u00dfen (Samstag, 30. September \u2013 Sonntag, 8. Oktober 2023), um einen sofortigen Waffenstillstand und Friedensverhandlungen zur Beendigung dieses Krieges zu fordern.<\/p>\n<p>&nbsp;<\/p>\n<\/div>\n<p>&nbsp;<\/p>\n","protected":false},"excerpt":{"rendered":"<p>Kundgebung der GIFFUN ( Grazer Initiative f\u00fcr Frieden und Neutralit\u00e4t) am 06. Oktober 2023, 15.00 bis 17.00 Graz, Hauptplatz (Ecke Sporgasse) Franz S\u00f6lkner von der Steirischen Friedensplattform wird einer der Redner sein.<\/p>\n","protected":false},"author":2,"featured_media":0,"comment_status":"open","ping_status":"open","sticky":false,"template":"","format":"standard","meta":{"footnotes":""},"categories":[1],"tags":[],"class_list":["post-7343","post","type-post","status-publish","format-standard","hentry","category-allgemein"],"_links":{"self":[{"href":"https:\/\/www.friedensplattform.at\/index.php?rest_route=\/wp\/v2\/posts\/7343","targetHints":{"allow":["GET"]}}],"collection":[{"href":"https:\/\/www.friedensplattform.at\/index.php?rest_route=\/wp\/v2\/posts"}],"about":[{"href":"https:\/\/www.friedensplattform.at\/index.php?rest_route=\/wp\/v2\/types\/post"}],"author":[{"embeddable":true,"href":"https:\/\/www.friedensplattform.at\/index.php?rest_route=\/wp\/v2\/users\/2"}],"replies":[{"embeddable":true,"href":"https:\/\/www.friedensplattform.at\/index.php?rest_route=%2Fwp%2Fv2%2Fcomments&post=7343"}],"version-history":[{"count":1,"href":"https:\/\/www.friedensplattform.at\/index.php?rest_route=\/wp\/v2\/posts\/7343\/revisions"}],"predecessor-version":[{"id":7345,"href":"https:\/\/www.friedensplattform.at\/index.php?rest_route=\/wp\/v2\/posts\/7343\/revisions\/7345"}],"wp:attachment":[{"href":"https:\/\/www.friedensplattform.at\/index.php?rest_route=%2Fwp%2Fv2%2Fmedia&parent=7343"}],"wp:term":[{"taxonomy":"category","embeddable":true,"href":"https:\/\/www.friedensplattform.at\/index.php?rest_route=%2Fwp%2Fv2%2Fcategories&post=7343"},{"taxonomy":"post_tag","embeddable":true,"href":"https:\/\/www.friedensplattform.at\/index.php?rest_route=%2Fwp%2Fv2%2Ftags&post=7343"}],"curies":[{"name":"wp","href":"https:\/\/api.w.org\/{rel}","templated":true}]}}