{"id":748,"date":"2009-02-08T22:44:14","date_gmt":"2009-02-08T20:44:14","guid":{"rendered":"http:\/\/www.luxorbis.org\/friedensplattform.at\/?p=748"},"modified":"2009-02-08T22:44:14","modified_gmt":"2009-02-08T20:44:14","slug":"artikel-der-ag-friedensforschung-gaza-und-voelkerrecht","status":"publish","type":"post","link":"https:\/\/www.friedensplattform.at\/?p=748","title":{"rendered":"Artikel der AG Friedensforschung: Gaza und V&#246;lkerrecht"},"content":{"rendered":"<p><em>Von Norman Paech *<\/em><\/p>\n<p>Fast genau ein Jahr nach der Nahost-Konferenz von Annapolis hat Israel am 27. Dezember 2008 seinen Krieg im Gazastreifen begonnen. Die erste Bilanz der drei Wochen dauernden Milit\u00e4roffensive ist erschreckend: Nach Angaben der UN vom 19. Januar 2009 wurden 1.340 Pal\u00e4stinenser und Pal\u00e4stinenserinnen get\u00f6tet, darunter sind 460 Kinder und 106 Frauen. 5.320 Menschen wurden verletzt, darunter 1.855 Kinder, wobei ein Gro\u00dfteil der Verletzungen schwerwiegend ist. Doch t\u00e4glich steigen die Zahlen immer noch. Die Vereinten Nationen gehen davon aus, dass es sich bei der H\u00e4lfte aller Todesopfer um Zivilisten handelt. 90.000 Menschen wurden aus ihrem Zuhause vertrieben. Auf Israels Seite gab es 13 Todesopfer, davon sind 4 Zivilisten, und 183 Verletzte.[1]<\/p>\n<p><a title=\"Friedensforschung an der Uni Kassel\" href=\"http:\/\/www.uni-kassel.de\/fb5\/frieden\/regionen\/Gaza\/voelkerrecht2.html\" target=\"_blank\">Weiterlesen auf den Seiten der Uni Kassel<\/a><\/p>\n","protected":false},"excerpt":{"rendered":"<p>Von Norman Paech * Fast genau ein Jahr nach der Nahost-Konferenz von Annapolis hat Israel am 27. Dezember 2008 seinen Krieg im Gazastreifen begonnen. Die erste Bilanz der drei Wochen dauernden Milit\u00e4roffensive ist erschreckend: Nach Angaben der UN vom 19. Januar 2009 wurden 1.340 Pal\u00e4stinenser und Pal\u00e4stinenserinnen get\u00f6tet, darunter sind 460 Kinder und 106 Frauen. &hellip; <a href=\"https:\/\/www.friedensplattform.at\/?p=748\" class=\"more-link\"><span class=\"screen-reader-text\">Artikel der AG Friedensforschung: Gaza und V&#246;lkerrecht<\/span> weiterlesen <span class=\"meta-nav\">&rarr;<\/span><\/a><\/p>\n","protected":false},"author":1,"featured_media":0,"comment_status":"open","ping_status":"open","sticky":false,"template":"","format":"standard","meta":{"footnotes":""},"categories":[5],"tags":[],"class_list":["post-748","post","type-post","status-publish","format-standard","hentry","category-arabischer-raum"],"_links":{"self":[{"href":"https:\/\/www.friedensplattform.at\/index.php?rest_route=\/wp\/v2\/posts\/748","targetHints":{"allow":["GET"]}}],"collection":[{"href":"https:\/\/www.friedensplattform.at\/index.php?rest_route=\/wp\/v2\/posts"}],"about":[{"href":"https:\/\/www.friedensplattform.at\/index.php?rest_route=\/wp\/v2\/types\/post"}],"author":[{"embeddable":true,"href":"https:\/\/www.friedensplattform.at\/index.php?rest_route=\/wp\/v2\/users\/1"}],"replies":[{"embeddable":true,"href":"https:\/\/www.friedensplattform.at\/index.php?rest_route=%2Fwp%2Fv2%2Fcomments&post=748"}],"version-history":[{"count":0,"href":"https:\/\/www.friedensplattform.at\/index.php?rest_route=\/wp\/v2\/posts\/748\/revisions"}],"wp:attachment":[{"href":"https:\/\/www.friedensplattform.at\/index.php?rest_route=%2Fwp%2Fv2%2Fmedia&parent=748"}],"wp:term":[{"taxonomy":"category","embeddable":true,"href":"https:\/\/www.friedensplattform.at\/index.php?rest_route=%2Fwp%2Fv2%2Fcategories&post=748"},{"taxonomy":"post_tag","embeddable":true,"href":"https:\/\/www.friedensplattform.at\/index.php?rest_route=%2Fwp%2Fv2%2Ftags&post=748"}],"curies":[{"name":"wp","href":"https:\/\/api.w.org\/{rel}","templated":true}]}}