{"id":7499,"date":"2023-12-03T20:56:21","date_gmt":"2023-12-03T20:56:21","guid":{"rendered":"http:\/\/www.friedensplattform.at\/?p=7499"},"modified":"2023-12-09T08:58:42","modified_gmt":"2023-12-09T08:58:42","slug":"stoppt-den-genozid-frweiheit-fuer-palaestina-naechste-demo","status":"publish","type":"post","link":"https:\/\/www.friedensplattform.at\/?p=7499","title":{"rendered":"Stoppt den Genozid! Freiheit f\u00fcr Pal\u00e4stina! N\u00e4chste Demo"},"content":{"rendered":"<p>findet am 8.12. um 15.00 statt.<\/p>\n<p>Start: Graz Hauptbahnhof<\/p>\n<p>Ende: Freiheitsplatz<\/p>\n","protected":false},"excerpt":{"rendered":"<p>findet am 8.12. um 15.00 statt. Start: Graz Hauptbahnhof Ende: Freiheitsplatz<\/p>\n","protected":false},"author":2,"featured_media":0,"comment_status":"open","ping_status":"open","sticky":false,"template":"","format":"standard","meta":{"footnotes":""},"categories":[19],"tags":[],"class_list":["post-7499","post","type-post","status-publish","format-standard","hentry","category-termine"],"_links":{"self":[{"href":"https:\/\/www.friedensplattform.at\/index.php?rest_route=\/wp\/v2\/posts\/7499","targetHints":{"allow":["GET"]}}],"collection":[{"href":"https:\/\/www.friedensplattform.at\/index.php?rest_route=\/wp\/v2\/posts"}],"about":[{"href":"https:\/\/www.friedensplattform.at\/index.php?rest_route=\/wp\/v2\/types\/post"}],"author":[{"embeddable":true,"href":"https:\/\/www.friedensplattform.at\/index.php?rest_route=\/wp\/v2\/users\/2"}],"replies":[{"embeddable":true,"href":"https:\/\/www.friedensplattform.at\/index.php?rest_route=%2Fwp%2Fv2%2Fcomments&post=7499"}],"version-history":[{"count":2,"href":"https:\/\/www.friedensplattform.at\/index.php?rest_route=\/wp\/v2\/posts\/7499\/revisions"}],"predecessor-version":[{"id":7503,"href":"https:\/\/www.friedensplattform.at\/index.php?rest_route=\/wp\/v2\/posts\/7499\/revisions\/7503"}],"wp:attachment":[{"href":"https:\/\/www.friedensplattform.at\/index.php?rest_route=%2Fwp%2Fv2%2Fmedia&parent=7499"}],"wp:term":[{"taxonomy":"category","embeddable":true,"href":"https:\/\/www.friedensplattform.at\/index.php?rest_route=%2Fwp%2Fv2%2Fcategories&post=7499"},{"taxonomy":"post_tag","embeddable":true,"href":"https:\/\/www.friedensplattform.at\/index.php?rest_route=%2Fwp%2Fv2%2Ftags&post=7499"}],"curies":[{"name":"wp","href":"https:\/\/api.w.org\/{rel}","templated":true}]}}