{"id":7531,"date":"2023-12-15T09:52:56","date_gmt":"2023-12-15T09:52:56","guid":{"rendered":"http:\/\/www.friedensplattform.at\/?p=7531"},"modified":"2023-12-15T09:52:56","modified_gmt":"2023-12-15T09:52:56","slug":"stoppt-den-genozid","status":"publish","type":"post","link":"https:\/\/www.friedensplattform.at\/?p=7531","title":{"rendered":"Stoppt den Genozid!"},"content":{"rendered":"<div>\n<div>\n<p><span style=\"line-height: 107%;\"><span style=\"font-family: 'Calibri',sans-serif;\">Wie lange noch? Das T\u00f6ten in Gaza geht weiter, wir d\u00fcrfen dazu nicht schweigen. Komm und erhebe auch Du Deine Stimme. Am <b>Sonntag den 17.12.2023<\/b> um <b>15.00 Uhr<\/b> am <b>Hauptbahnhof in Graz<\/b>. Gemeinsam setzten wir ein Zeichen, gemeinsam sind wir stark! Die Menschen in Pal\u00e4stina sollen wissen, dass uns ihr Schicksal am Herzen liegt, unsere Politiker:Innen sollen h\u00f6ren, dass wir F\u00fcr Das Leben k\u00e4mpfen.<\/span><\/span><\/p>\n<p>&nbsp;<\/p>\n<\/div>\n<\/div>\n","protected":false},"excerpt":{"rendered":"<p>Wie lange noch? Das T\u00f6ten in Gaza geht weiter, wir d\u00fcrfen dazu nicht schweigen. Komm und erhebe auch Du Deine Stimme. Am Sonntag den 17.12.2023 um 15.00 Uhr am Hauptbahnhof in Graz. Gemeinsam setzten wir ein Zeichen, gemeinsam sind wir stark! Die Menschen in Pal\u00e4stina sollen wissen, dass uns ihr Schicksal am Herzen liegt, unsere &hellip; <a href=\"https:\/\/www.friedensplattform.at\/?p=7531\" class=\"more-link\"><span class=\"screen-reader-text\">Stoppt den Genozid!<\/span> weiterlesen <span class=\"meta-nav\">&rarr;<\/span><\/a><\/p>\n","protected":false},"author":2,"featured_media":0,"comment_status":"open","ping_status":"open","sticky":false,"template":"","format":"standard","meta":{"footnotes":""},"categories":[18],"tags":[85,28,87],"class_list":["post-7531","post","type-post","status-publish","format-standard","hentry","category-palaestina-solidaritaet","tag-demo","tag-gaza","tag-genozid"],"_links":{"self":[{"href":"https:\/\/www.friedensplattform.at\/index.php?rest_route=\/wp\/v2\/posts\/7531","targetHints":{"allow":["GET"]}}],"collection":[{"href":"https:\/\/www.friedensplattform.at\/index.php?rest_route=\/wp\/v2\/posts"}],"about":[{"href":"https:\/\/www.friedensplattform.at\/index.php?rest_route=\/wp\/v2\/types\/post"}],"author":[{"embeddable":true,"href":"https:\/\/www.friedensplattform.at\/index.php?rest_route=\/wp\/v2\/users\/2"}],"replies":[{"embeddable":true,"href":"https:\/\/www.friedensplattform.at\/index.php?rest_route=%2Fwp%2Fv2%2Fcomments&post=7531"}],"version-history":[{"count":1,"href":"https:\/\/www.friedensplattform.at\/index.php?rest_route=\/wp\/v2\/posts\/7531\/revisions"}],"predecessor-version":[{"id":7533,"href":"https:\/\/www.friedensplattform.at\/index.php?rest_route=\/wp\/v2\/posts\/7531\/revisions\/7533"}],"wp:attachment":[{"href":"https:\/\/www.friedensplattform.at\/index.php?rest_route=%2Fwp%2Fv2%2Fmedia&parent=7531"}],"wp:term":[{"taxonomy":"category","embeddable":true,"href":"https:\/\/www.friedensplattform.at\/index.php?rest_route=%2Fwp%2Fv2%2Fcategories&post=7531"},{"taxonomy":"post_tag","embeddable":true,"href":"https:\/\/www.friedensplattform.at\/index.php?rest_route=%2Fwp%2Fv2%2Ftags&post=7531"}],"curies":[{"name":"wp","href":"https:\/\/api.w.org\/{rel}","templated":true}]}}