{"id":759,"date":"2009-02-18T22:27:53","date_gmt":"2009-02-18T20:27:53","guid":{"rendered":"http:\/\/www.luxorbis.org\/friedensplattform.at\/?p=759"},"modified":"2009-02-18T22:27:53","modified_gmt":"2009-02-18T20:27:53","slug":"sa282-bundesweites-asf-vorbereitungstreffen-in-der-oesterreichischen-hochschuelerinnenschaft","status":"publish","type":"post","link":"https:\/\/www.friedensplattform.at\/?p=759","title":{"rendered":"Sa.28.2.: Bundesweites ASF- Vorbereitungstreffen in der &#214;sterreichischen Hochsch&#252;lerInnenschaft"},"content":{"rendered":"<p>Das bundesweite Vorbereitungstreffen des Austrian Social Forum findet<\/p>\n<p><strong>Samstag den 28. Februar 2009 in der \u00d6sterreichischen Hochsch\u00fclerInnenschaft<\/strong><\/p>\n<p><strong>1040 Wien  Taubstummengasse statt.<\/strong><\/p>\n<p><strong><!--more--><br \/>\n<\/strong><\/p>\n<p>Nach mehreren Gespr\u00e4chen und Treffs mit den FreundInnen von St. Peter in der Au ( dem Austragungsort des  4.ASF<br \/>\nOktober 2008 ) zeichnen sich folgende Tagesordnungspunke ab:<\/p>\n<p>&#8211; Bilanz des 4.ASF in St.Peter in der Au- was kann aus den Erfahrungen f\u00fcr die Zukunft mitgenommen werden ?<\/p>\n<p>&#8211; Wo\/ wann k\u00f6nnte das 5.ASF stattfinden ( bislang wurden 2 Orte angedeutet: Leoben; Weiz )<\/p>\n<p>&#8211; Bericht vom Weltsozialforum ( WSF ) in Belem 27.J\u00e4nner &#8211; 1.Februar 2009<\/p>\n<p>&#8211; Aktivit\u00e4ten in n\u00e4chster Zeit ( in Abstimmung mit dem WSF und Europ\u00e4ischen Sozialforum ), insbesonders die internationale Aktionswoche beginnend mit dem 28.3. gegen die globale kapitalistische Krise<\/p>\n<p>Beginn 10,30 h.<\/p>\n<p>Dauer bis ca. 15h.<\/p>\n<p>F\u00fcr ( warme ) Verpflegung wird gesorgt.-<\/p>\n","protected":false},"excerpt":{"rendered":"<p>Das bundesweite Vorbereitungstreffen des Austrian Social Forum findet Samstag den 28. Februar 2009 in der \u00d6sterreichischen Hochsch\u00fclerInnenschaft 1040 Wien Taubstummengasse statt.<\/p>\n","protected":false},"author":1,"featured_media":0,"comment_status":"open","ping_status":"open","sticky":false,"template":"","format":"standard","meta":{"footnotes":""},"categories":[19],"tags":[],"class_list":["post-759","post","type-post","status-publish","format-standard","hentry","category-termine"],"_links":{"self":[{"href":"https:\/\/www.friedensplattform.at\/index.php?rest_route=\/wp\/v2\/posts\/759","targetHints":{"allow":["GET"]}}],"collection":[{"href":"https:\/\/www.friedensplattform.at\/index.php?rest_route=\/wp\/v2\/posts"}],"about":[{"href":"https:\/\/www.friedensplattform.at\/index.php?rest_route=\/wp\/v2\/types\/post"}],"author":[{"embeddable":true,"href":"https:\/\/www.friedensplattform.at\/index.php?rest_route=\/wp\/v2\/users\/1"}],"replies":[{"embeddable":true,"href":"https:\/\/www.friedensplattform.at\/index.php?rest_route=%2Fwp%2Fv2%2Fcomments&post=759"}],"version-history":[{"count":0,"href":"https:\/\/www.friedensplattform.at\/index.php?rest_route=\/wp\/v2\/posts\/759\/revisions"}],"wp:attachment":[{"href":"https:\/\/www.friedensplattform.at\/index.php?rest_route=%2Fwp%2Fv2%2Fmedia&parent=759"}],"wp:term":[{"taxonomy":"category","embeddable":true,"href":"https:\/\/www.friedensplattform.at\/index.php?rest_route=%2Fwp%2Fv2%2Fcategories&post=759"},{"taxonomy":"post_tag","embeddable":true,"href":"https:\/\/www.friedensplattform.at\/index.php?rest_route=%2Fwp%2Fv2%2Ftags&post=759"}],"curies":[{"name":"wp","href":"https:\/\/api.w.org\/{rel}","templated":true}]}}