{"id":764,"date":"2009-02-22T21:37:33","date_gmt":"2009-02-22T19:37:33","guid":{"rendered":"http:\/\/www.luxorbis.org\/friedensplattform.at\/?p=764"},"modified":"2009-02-22T21:37:33","modified_gmt":"2009-02-22T19:37:33","slug":"neu-beitraege-auf-der-ag-friedensforschung","status":"publish","type":"post","link":"https:\/\/www.friedensplattform.at\/?p=764","title":{"rendered":"Artikel der AG Friedensforschung: &quot;L&#246;scht alle Wilden aus!&quot;"},"content":{"rendered":"<p>Von Noam Chomsky<\/p>\n<p>Teil 1<br \/>\nDer j\u00fcngste amerikanisch-israelische Angriff auf hilflose Pal\u00e4stinenser wurde am Samstag, dem 27. Dezember, begangen. Die Attacke war minuti\u00f6s geplant &#8211; in der israelischen Presse ist von sechs Monaten die Rede. Zwei Komponenten &#8211; eine milit\u00e4rische und eine propagandistische &#8211; spielten bei der Planung eine Rolle. Von grundlegender Bedeutung waren die Lehren, die aus Israels Libanoninvasion 2006 gezogen wurden. Diese galt als schlecht vorbereitet und schlecht vermarktet. Wir k\u00f6nnen daher ziemlich sicher sein, dass das meiste, was (jetzt) gesagt und getan wurde, geplant und beabsichtigt war.<\/p>\n<p><a title=\"Uni Kassel\" href=\"http:\/\/www.uni-kassel.de\/fb5\/frieden\/regionen\/Gaza\/chomsky.html\" target=\"_blank\">Weiterlesen auf den Seiten der Uni Kassel<\/a><\/p>\n","protected":false},"excerpt":{"rendered":"<p>Von Noam Chomsky Teil 1 Der j\u00fcngste amerikanisch-israelische Angriff auf hilflose Pal\u00e4stinenser wurde am Samstag, dem 27. Dezember, begangen. Die Attacke war minuti\u00f6s geplant &#8211; in der israelischen Presse ist von sechs Monaten die Rede. Zwei Komponenten &#8211; eine milit\u00e4rische und eine propagandistische &#8211; spielten bei der Planung eine Rolle. Von grundlegender Bedeutung waren die &hellip; <a href=\"https:\/\/www.friedensplattform.at\/?p=764\" class=\"more-link\"><span class=\"screen-reader-text\">Artikel der AG Friedensforschung: &quot;L&#246;scht alle Wilden aus!&quot;<\/span> weiterlesen <span class=\"meta-nav\">&rarr;<\/span><\/a><\/p>\n","protected":false},"author":1,"featured_media":0,"comment_status":"open","ping_status":"open","sticky":false,"template":"","format":"standard","meta":{"footnotes":""},"categories":[1],"tags":[],"class_list":["post-764","post","type-post","status-publish","format-standard","hentry","category-allgemein"],"_links":{"self":[{"href":"https:\/\/www.friedensplattform.at\/index.php?rest_route=\/wp\/v2\/posts\/764","targetHints":{"allow":["GET"]}}],"collection":[{"href":"https:\/\/www.friedensplattform.at\/index.php?rest_route=\/wp\/v2\/posts"}],"about":[{"href":"https:\/\/www.friedensplattform.at\/index.php?rest_route=\/wp\/v2\/types\/post"}],"author":[{"embeddable":true,"href":"https:\/\/www.friedensplattform.at\/index.php?rest_route=\/wp\/v2\/users\/1"}],"replies":[{"embeddable":true,"href":"https:\/\/www.friedensplattform.at\/index.php?rest_route=%2Fwp%2Fv2%2Fcomments&post=764"}],"version-history":[{"count":0,"href":"https:\/\/www.friedensplattform.at\/index.php?rest_route=\/wp\/v2\/posts\/764\/revisions"}],"wp:attachment":[{"href":"https:\/\/www.friedensplattform.at\/index.php?rest_route=%2Fwp%2Fv2%2Fmedia&parent=764"}],"wp:term":[{"taxonomy":"category","embeddable":true,"href":"https:\/\/www.friedensplattform.at\/index.php?rest_route=%2Fwp%2Fv2%2Fcategories&post=764"},{"taxonomy":"post_tag","embeddable":true,"href":"https:\/\/www.friedensplattform.at\/index.php?rest_route=%2Fwp%2Fv2%2Ftags&post=764"}],"curies":[{"name":"wp","href":"https:\/\/api.w.org\/{rel}","templated":true}]}}