{"id":7643,"date":"2024-01-11T08:50:18","date_gmt":"2024-01-11T08:50:18","guid":{"rendered":"http:\/\/www.friedensplattform.at\/?p=7643"},"modified":"2024-01-11T08:50:18","modified_gmt":"2024-01-11T08:50:18","slug":"palaestina-solidaritaet-parlamentarische-buergerinitiative-fuer-waffenstillstand-in-gaza","status":"publish","type":"post","link":"https:\/\/www.friedensplattform.at\/?p=7643","title":{"rendered":"[Pal\u00e4stina Solidarit\u00e4t] Parlamentarische B\u00fcrgerinitiative f\u00fcr Waffenstillstand in Gaza"},"content":{"rendered":"<p>Der Nationalrat wird ersucht, zu beschlie\u00dfen, dass die \u00f6sterreichische Bundesregierung<\/p>\n<p><!--more--><\/p>\n<ul>\n<li>f\u00fcr einen sofortigen und dauerhaften Waffenstillstand in Pal\u00e4stina <em>eintritt<\/em>, insbesondere im Rahmen der UNO<\/li>\n<\/ul>\n<ul>\n<li>die politische Unterst\u00fctzung f\u00fcr den V\u00f6lkermord, den Israel an den Pal\u00e4stinensern begeht, <em>sofort einstellt<\/em><\/li>\n<\/ul>\n<ul>\n<li>die verfassungswidrigen Beschr\u00e4nkungen der Meinungsfreiheit und des Demonstrationsrechts, die gegen die Solidarit\u00e4t mit dem pal\u00e4stinensischen Volk gerichtet sind, <em>sofort aufhebt<\/em><\/li>\n<li>jede milit\u00e4rische, polizeiliche sowie \u00fcberwachungs und kontrolltechnische Kooperation mit dem israelischen Kolonialismus <em>sofort beendet<\/em>.<\/li>\n<\/ul>\n<p>Download des Unterschriftenformulars: <a href=\"https:\/\/www.palaestinasolidaritaet.at\/sites\/default\/files\/documents\/pali_parlament_unterzeichnung_rz.pdf\" target=\"_blank\" rel=\"noopener\">https:\/\/www.palaestinasolidaritaet.at\/sites\/default\/files\/documents\/pali_parlament_unterzeichnung_rz.pdf<\/a><\/p>\n<p>Die Unterschriften bitte an:<\/p>\n<p style=\"padding-left: 30px;\">Pal\u00e4stina Solidarit\u00e4t \u00d6sterreich<br \/>\nc\/o Das Freie Wort<br \/>\nR\u00f6gergasse 24-26\/2\/4-6<br \/>\n1090 Wien<\/p>\n<p>senden.<\/p>\n<p>Zur Seite der B\u00fcrgerinitiative: <a href=\"https:\/\/www.palaestinasolidaritaet.at\/de\/5005\" target=\"_blank\" rel=\"noopener\">https:\/\/www.palaestinasolidaritaet.at\/de\/5005<\/a><\/p>\n<p>&nbsp;<\/p>\n","protected":false},"excerpt":{"rendered":"<p>Der Nationalrat wird ersucht, zu beschlie\u00dfen, dass die \u00f6sterreichische Bundesregierung<\/p>\n","protected":false},"author":2,"featured_media":0,"comment_status":"open","ping_status":"open","sticky":false,"template":"","format":"standard","meta":{"footnotes":""},"categories":[18],"tags":[91,89,28,93,95],"class_list":["post-7643","post","type-post","status-publish","format-standard","hentry","category-palaestina-solidaritaet","tag-bundesregierung","tag-buergerinitiative","tag-gaza","tag-nationalrat","tag-palaestina-solidaritaet"],"_links":{"self":[{"href":"https:\/\/www.friedensplattform.at\/index.php?rest_route=\/wp\/v2\/posts\/7643","targetHints":{"allow":["GET"]}}],"collection":[{"href":"https:\/\/www.friedensplattform.at\/index.php?rest_route=\/wp\/v2\/posts"}],"about":[{"href":"https:\/\/www.friedensplattform.at\/index.php?rest_route=\/wp\/v2\/types\/post"}],"author":[{"embeddable":true,"href":"https:\/\/www.friedensplattform.at\/index.php?rest_route=\/wp\/v2\/users\/2"}],"replies":[{"embeddable":true,"href":"https:\/\/www.friedensplattform.at\/index.php?rest_route=%2Fwp%2Fv2%2Fcomments&post=7643"}],"version-history":[{"count":2,"href":"https:\/\/www.friedensplattform.at\/index.php?rest_route=\/wp\/v2\/posts\/7643\/revisions"}],"predecessor-version":[{"id":7647,"href":"https:\/\/www.friedensplattform.at\/index.php?rest_route=\/wp\/v2\/posts\/7643\/revisions\/7647"}],"wp:attachment":[{"href":"https:\/\/www.friedensplattform.at\/index.php?rest_route=%2Fwp%2Fv2%2Fmedia&parent=7643"}],"wp:term":[{"taxonomy":"category","embeddable":true,"href":"https:\/\/www.friedensplattform.at\/index.php?rest_route=%2Fwp%2Fv2%2Fcategories&post=7643"},{"taxonomy":"post_tag","embeddable":true,"href":"https:\/\/www.friedensplattform.at\/index.php?rest_route=%2Fwp%2Fv2%2Ftags&post=7643"}],"curies":[{"name":"wp","href":"https:\/\/api.w.org\/{rel}","templated":true}]}}